{"id":29228,"date":"2019-03-08T07:37:58","date_gmt":"2019-03-08T12:37:58","guid":{"rendered":"http:\/\/www.revistazetta.com\/?p=29228"},"modified":"2019-03-08T07:38:14","modified_gmt":"2019-03-08T12:38:14","slug":"tranquilidad-diga-se-celebra","status":"publish","type":"post","link":"https:\/\/revistazetta.com\/?p=29228","title":{"rendered":"Con tranquilidad diga \u201cse celebra\u201d"},"content":{"rendered":"<p>En un \u201cpecado mortal\u201d parece haberse convertido el verbo \u201ccelebrar\u201d. Ya no se celebra nada sino se \u201cconmemora\u201d y todo porque alg\u00fan genio de la neogram\u00e1tica se le dio por imponer una interpretaci\u00f3n a todas luces raqu\u00edtica y restringida.<\/p>\n<p>De pronto el autor del giro idiom\u00e1tico es primo hermano de aquel que tambi\u00e9n un d\u00eda se le dio por \u201cdescubrir\u201d que no se dice \u201cvaso de agua\u201d sino \u201cvaso con agua\u201d, en un alarde infinito de necedad e ignorancia gramatical.<\/p>\n<p>Fechas como el D\u00eda de la Internacional de la Mujer, o del Trabajo o cualquier otro, \u00a1se celebran! As\u00ed de sencillo y sin que sea pecado, como tampoco es pecado decir \u201cconmemorar\u201d.<\/p>\n<p>Ambas expresiones son correctas, lo incorrecto es censurar y corregir a quien prefiere decir \u201ccelebrar\u201d que \u201cconmemorar\u201d.<\/p>\n<p>As\u00ed que no le de pena, ni tenga miedo, ni se deje \u201cechar vainas\u201d cuando quiera decir que se \u201ccelebra\u201d una fecha especial.<\/p>\n<p>La tranquilidad en la expresi\u00f3n la confirma toda una autoridad en materia idiom\u00e1tica: el Diccionario de la Real Academia. Si. Ese librito que muchos, much\u00edsimos, del cual aun no se percatan de su existencia y que es de gran ayuda para salir de cualquier duda.<\/p>\n<p>Sobre este tema, la Fundaci\u00f3n del Espa\u00f1ol Urgente -Fundeu BBVA- (www.fundeu.es) tiene este comentario, que es edificante:<\/p>\n<p><span style=\"color: #0000ff;\"><em>El verbo<strong>\u00a0<\/strong><\/em><em><strong>celebrar,<\/strong><\/em><strong><em>\u00a0<\/em><\/strong><strong><em>que suele emplearse para\u00a0acontecimientos festivos y fechas importantes, puede referirse tambi\u00e9n a\u00a0hechos luctuosos o penosos.<\/em><\/strong><\/span><\/p>\n<p><span style=\"color: #0000ff;\"><em>Aunque tradicionalmente se ha desaconsejado el uso de\u00a0<\/em><em>celebrar\u00a0<\/em><em>para\u00a0conmemoraciones de sucesos\u00a0desafortunados, de acuerdo con\u00a0las definiciones del Diccionario, no hay raz\u00f3n para censurarlo.<\/em><\/span><\/p>\n<p><span style=\"color: #0000ff;\"><em>Entre las acepciones de ese t\u00e9rmino est\u00e1n \u2018ensalzar p\u00fablicamente a un ser sagrado o un hecho solemne, religioso o profano, dedicando uno o m\u00e1s d\u00edas a su recuerdo\u2019, \u2018realizar un acto formal con las solemnidades que este requiere\u2019 (\u00abcelebran la boda, el estreno, las elecciones\u00bb) y \u2018dicho de un ministro de la Iglesia: Llevar a cabo un acto lit\u00fargico\u2019 (\u00abcelebrar el funeral\u00bb).<\/em><\/span><\/p>\n<p><span style=\"color: #0000ff;\"><em>As\u00ed, son\u00a0v\u00e1lidas frases como\u00a0\u00abLos escritores se reunir\u00e1n para celebrar la muerte de Cervantes\u00bb, \u00abEl festival se celebrar\u00e1 la semana pr\u00f3xima\u00bb o\u00a0\u00abLa misa se celebr\u00f3 al mediod\u00eda\u00bb.<\/em><\/span><\/p>\n<p><span style=\"color: #0000ff;\"><em>En algunos contextos, tambi\u00e9n puede emplearse con un sentido muy parecido el verbo\u00a0<\/em><em>conmemorar<\/em><em>, que el Diccionario acad\u00e9mico define como \u2018recordar solemnemente algo o a alguien, en especial con un acto o monumento\u2019 y \u2018celebrar una fecha importante\u2019.<\/em><\/span><\/p>\n","protected":false},"excerpt":{"rendered":"<p>En un \u201cpecado mortal\u201d parece haberse convertido el verbo \u201ccelebrar\u201d. Ya no se celebra nada sino se \u201cconmemora\u201d y todo porque alg\u00fan genio de la neogram\u00e1tica se le dio por imponer una interpretaci\u00f3n a todas luces raqu\u00edtica y restringida. De pronto el autor del giro idiom\u00e1tico es primo hermano de aquel que tambi\u00e9n un d\u00eda se le dio por \u201cdescubrir\u201d que no se dice \u201cvaso de agua\u201d sino \u201cvaso con agua\u201d, en un alarde infinito de necedad e ignorancia gramatical. Fechas como el D\u00eda de la Internacional de la Mujer,&#8230; <\/p>\n","protected":false},"author":3,"featured_media":29227,"comment_status":"open","ping_status":"closed","sticky":false,"template":"","format":"standard","meta":{"footnotes":"","_links_to":"","_links_to_target":""},"categories":[2,75],"tags":[],"class_list":["post-29228","post","type-post","status-publish","format-standard","has-post-thumbnail","hentry","category-actualidad","category-destacada"],"_links":{"self":[{"href":"https:\/\/revistazetta.com\/index.php?rest_route=\/wp\/v2\/posts\/29228","targetHints":{"allow":["GET"]}}],"collection":[{"href":"https:\/\/revistazetta.com\/index.php?rest_route=\/wp\/v2\/posts"}],"about":[{"href":"https:\/\/revistazetta.com\/index.php?rest_route=\/wp\/v2\/types\/post"}],"author":[{"embeddable":true,"href":"https:\/\/revistazetta.com\/index.php?rest_route=\/wp\/v2\/users\/3"}],"replies":[{"embeddable":true,"href":"https:\/\/revistazetta.com\/index.php?rest_route=%2Fwp%2Fv2%2Fcomments&post=29228"}],"version-history":[{"count":0,"href":"https:\/\/revistazetta.com\/index.php?rest_route=\/wp\/v2\/posts\/29228\/revisions"}],"wp:featuredmedia":[{"embeddable":true,"href":"https:\/\/revistazetta.com\/index.php?rest_route=\/wp\/v2\/media\/29227"}],"wp:attachment":[{"href":"https:\/\/revistazetta.com\/index.php?rest_route=%2Fwp%2Fv2%2Fmedia&parent=29228"}],"wp:term":[{"taxonomy":"category","embeddable":true,"href":"https:\/\/revistazetta.com\/index.php?rest_route=%2Fwp%2Fv2%2Fcategories&post=29228"},{"taxonomy":"post_tag","embeddable":true,"href":"https:\/\/revistazetta.com\/index.php?rest_route=%2Fwp%2Fv2%2Ftags&post=29228"}],"curies":[{"name":"wp","href":"https:\/\/api.w.org\/{rel}","templated":true}]}}