{"id":29230,"date":"2019-03-08T07:43:13","date_gmt":"2019-03-08T12:43:13","guid":{"rendered":"http:\/\/www.revistazetta.com\/?p=29230"},"modified":"2019-03-08T08:08:33","modified_gmt":"2019-03-08T13:08:33","slug":"candidato-tormenta-analisis-john-zamora","status":"publish","type":"post","link":"https:\/\/revistazetta.com\/?p=29230","title":{"rendered":"Cada candidato con su tormenta \u2013 an\u00e1lisis de John Zamora"},"content":{"rendered":"<p>Cada aspirante a la Gobernaci\u00f3n de Bol\u00edvar procura navegar en aguas mansas, pero las tormentas est\u00e1n en el \u201cinforme del tiempo\u201d y son ineludibles.<\/p>\n<p>A diferencia de la Alcald\u00eda de Cartagena, donde muchos piensan en conformar un grupo para recoger firmas, para la Gobernaci\u00f3n el asunto es m\u00e1s de alianzas entre grupos pol\u00edticos. Quien logre armar mejor sociedad, podr\u00e1 disputar con mayor ventaja la sucesi\u00f3n de Dumek Turbay Paz.<\/p>\n<p>Los grupos tienen su expresi\u00f3n en el Congreso y los m\u00e1s fuertes son: Cambio Radical (Galvis-Padau\u00ed-Cure), Conservador (Blel-Arana y Montes), La U (Garc\u00eda Zuccardi) Liberal (Garc\u00eda Turbay), Centro Democr\u00e1tico (Ara\u00fajo)<\/p>\n<p>No hay ninguno de los actuales aspirantes que pueda decir que tiene el destino despejado hacia las elecciones de octubre y este es el panorama de los que hasta el momento han dicho que est\u00e1n aspirando.<\/p>\n<p><strong>Hernando Padau\u00ed:\u00a0<\/strong>Sus \u201caguas mansas\u201d est\u00e1n en el aval de Cambio Radical. No se divisa en el horizonte nadie que pueda disputarle ese privilegio, lo que lo dejar\u00eda instalado en el tarjet\u00f3n de octubre. Tiene el respaldo de la senadora Daira Galvis, de los representantes Karen Cure y Jorge Benedetti, y en el partido de la U tiene el favoritismo de la exsenadora Sandra Villladiego y el actual representante Alonso del R\u00edo, quienes est\u00e1n haciendo fuerza para que esa colectividad le otorgue un coaval.<\/p>\n<p>La tormenta est\u00e1 en el proceso que hace 10 a\u00f1os afronta en la Corte Suprema por la elecci\u00f3n donde Germ\u00e1n Ordosgoitia asegura que la curul no debi\u00f3 ser para Padau\u00ed. Al propiciarse la segunda instancia en reciente reforma normativa, el proceso \u201cdespert\u00f3\u201d, con el consiguiente ruido. En sus huestes hay tranquilidad porque todas las pruebas \u2013aducen- le son favorables, mientras que en sus cr\u00edticos y malquerientes, se trata del principio del fin.<\/p>\n<p><strong>Carlos F\u00e9liz Monsalve:\u00a0<\/strong>Su tormenta est\u00e1 en el aval del partido de la U. Como acabamos de anotar, Sandra Villadiego y Alonso del R\u00edo quieren que el aval sea para Padau\u00ed. La exsenadora porque Padau\u00ed ha sido su aliado, y Del R\u00edo no le perdona que en el pasado debate F\u00e9liz haya votado a C\u00e1mara por el conservador Emeterio Montes. A su favor est\u00e1 que vot\u00f3 por el senador Andr\u00e9s Felipe Garc\u00eda Zuccardi, y que su padre, Juan Jos\u00e9 Garc\u00eda, le tiene aprecio. Pero un asunto es el aval y otro el respaldo efectivo de campa\u00f1a. \u00bfGarc\u00eda le dar\u00e1 la orden a Del R\u00edo que desista de apoyar a Padau\u00ed a favor de F\u00e9liz? \u00bfEs cierto que Del R\u00edo no tiene \u201cautonom\u00eda de vuelo\u201d?<\/p>\n<p>Si la tormenta arrecia por la U, a Carlos F\u00e9liz le quedan opciones en otros partidos, en un camino que est\u00e1 listo para ser recorrido.<\/p>\n<p><strong>Fejed Al\u00ed Badr\u00e1n:\u00a0<\/strong>Su tormenta est\u00e1 en obtener el aval del partido Liberal, y para ello tiene que convencer al senador Lidio Garc\u00eda Turbay, y demostrar que no es ning\u00fan \u201cpollo\u201d sino un verdadero \u201cgallo\u201d. Adem\u00e1s, no puede perder de vista que Luis Daniel Vargas est\u00e1 en el mismo plan, y que es un \u201cgallo jugado\u201d, como exgobernador y exjefe liberal de Bol\u00edvar.<\/p>\n<p><strong>Luis Daniel Vargas<\/strong>: Su tormenta est\u00e1 en convencer a Lidio Garc\u00eda que, una vez gobernador, respetar\u00e1 su jefatura y no le montar\u00e1 competencia a Senado y C\u00e1mara, como lo hizo hace m\u00e1s de 12 a\u00f1os, cuando por poco es senador. Adem\u00e1s, tiene el \u201ccirir\u00ed\u201d de la sanci\u00f3n de la Procuradur\u00eda que lo sac\u00f3 del juego pol\u00edtico por ese lapso.<\/p>\n<p><strong>\u00c1lvaro Redondo:<\/strong>La tormenta lo tiene casi naufrago. No se le ve en campa\u00f1a, no se le ve fortaleza. No se le ve.<\/p>\n<p><strong>Jes\u00fas Payares Castillo: <\/strong>Su tormenta est\u00e1 en encontrar partido que lo avale. Si bien su hija, Ver\u00f3nica Payares, es Diputada por el partido Liberal, no se le ve cercano al senador Lidio Garc\u00eda como para persuadirlo que le otorgue el aval. Otros partidos donde no tendr\u00eda espacio ser\u00edan Conservador, Centro Democr\u00e1tico, Polo y Verde, por lo que ASI u otro partido minoritario podr\u00edan ser su tabla de salvaci\u00f3n. Quienes lo conocen, saben que es una hormiga trabajando la pol\u00edtica, tal como lo ha hecho por m\u00e1s de 30 a\u00f1os, y que est\u00e1 metido de lleno en la provincia, as\u00ed que no se descarta que se aventure a recaudar firmas.<\/p>\n<p><strong>Vicente Blel Scaff:\u00a0<\/strong>Su tormenta est\u00e1 en decidirse. Su grupo pol\u00edtico tiene la jefatura del partido Conservador con su hermana, la senadora Nadia Blel, y ese ser\u00eda su aval. Milit\u00f3 en Cambio Radical, partido al que renunci\u00f3 al mismo tiempo que dej\u00f3 su curul en el Concejo de Cartagena, y se ha dedicado a prepararse por lo que en el mundo pol\u00edtico local todos lo dan como candidato, que destapar\u00e1 sus cartas despu\u00e9s de Semana Santa.<\/p>\n<p>&nbsp;<\/p>\n","protected":false},"excerpt":{"rendered":"<p>Cada aspirante a la Gobernaci\u00f3n de Bol\u00edvar procura navegar en aguas mansas, pero las tormentas est\u00e1n en el \u201cinforme del tiempo\u201d y son ineludibles. A diferencia de la Alcald\u00eda de Cartagena, donde muchos piensan en conformar un grupo para recoger firmas, para la Gobernaci\u00f3n el asunto es m\u00e1s de alianzas entre grupos pol\u00edticos. Quien logre armar mejor sociedad, podr\u00e1 disputar con mayor ventaja la sucesi\u00f3n de Dumek Turbay Paz. Los grupos tienen su expresi\u00f3n en el Congreso y los m\u00e1s fuertes son: Cambio Radical (Galvis-Padau\u00ed-Cure), Conservador (Blel-Arana y Montes), La&#8230; <\/p>\n","protected":false},"author":3,"featured_media":29224,"comment_status":"open","ping_status":"closed","sticky":false,"template":"","format":"standard","meta":{"footnotes":"","_links_to":"","_links_to_target":""},"categories":[75,66,44],"tags":[],"class_list":["post-29230","post","type-post","status-publish","format-standard","has-post-thumbnail","hentry","category-destacada","category-analisis","category-materiagris"],"_links":{"self":[{"href":"https:\/\/revistazetta.com\/index.php?rest_route=\/wp\/v2\/posts\/29230","targetHints":{"allow":["GET"]}}],"collection":[{"href":"https:\/\/revistazetta.com\/index.php?rest_route=\/wp\/v2\/posts"}],"about":[{"href":"https:\/\/revistazetta.com\/index.php?rest_route=\/wp\/v2\/types\/post"}],"author":[{"embeddable":true,"href":"https:\/\/revistazetta.com\/index.php?rest_route=\/wp\/v2\/users\/3"}],"replies":[{"embeddable":true,"href":"https:\/\/revistazetta.com\/index.php?rest_route=%2Fwp%2Fv2%2Fcomments&post=29230"}],"version-history":[{"count":0,"href":"https:\/\/revistazetta.com\/index.php?rest_route=\/wp\/v2\/posts\/29230\/revisions"}],"wp:featuredmedia":[{"embeddable":true,"href":"https:\/\/revistazetta.com\/index.php?rest_route=\/wp\/v2\/media\/29224"}],"wp:attachment":[{"href":"https:\/\/revistazetta.com\/index.php?rest_route=%2Fwp%2Fv2%2Fmedia&parent=29230"}],"wp:term":[{"taxonomy":"category","embeddable":true,"href":"https:\/\/revistazetta.com\/index.php?rest_route=%2Fwp%2Fv2%2Fcategories&post=29230"},{"taxonomy":"post_tag","embeddable":true,"href":"https:\/\/revistazetta.com\/index.php?rest_route=%2Fwp%2Fv2%2Ftags&post=29230"}],"curies":[{"name":"wp","href":"https:\/\/api.w.org\/{rel}","templated":true}]}}