{"id":29240,"date":"2019-03-12T10:42:41","date_gmt":"2019-03-12T15:42:41","guid":{"rendered":"http:\/\/www.revistazetta.com\/?p=29240"},"modified":"2019-03-12T10:42:41","modified_gmt":"2019-03-12T15:42:41","slug":"nudo-gordiano-opinion-danilo-contreras","status":"publish","type":"post","link":"https:\/\/revistazetta.com\/?p=29240","title":{"rendered":"Nudo gordiano &#8211; Opini\u00f3n de Danilo Contreras"},"content":{"rendered":"<p><span style=\"color: #000080;\"><strong>Por Danilo Contreras (Especial para Revista Zetta).-<\/strong><\/span>\u00a0\u00a0Narra la leyenda que los or\u00e1culos de Gordium profetizaron que quien desatara el enrevesado nudo que un\u00eda el carromato del fundador de la ciudad con el yugo de los bueyes, conquistar\u00eda Asia. Llegando Alejandro Magno a la ciudad y puesto en conocimiento de la profec\u00eda, saco su espada y corto de tajo el nudo. Al hacerlo expres\u00f3 \u201cigual desatarlo que cortarlo\u201d.<\/p>\n<p>Rememore el mito a prop\u00f3sito de las dificultades que implican los asuntos relacionados con la JEP y sus normas objetadas por el presidente Duque.<\/p>\n<p>Algunos dirigentes preferir\u00edan aplicar a la JEP la soluci\u00f3n de Alejandro. Hace unas semanas el senador Uribe sugiri\u00f3 al presidente Duque la pertinencia de objetar la JEP, pero devel\u00f3 su profundo deseo al tuitear: \u201cBueno que objeten la JEP, mejor eliminarla\u201d.<\/p>\n<p>El gobierno opto por desatar el nudo en que se le ha vuelto la JEP mediante objeciones, pero no dudo que el inter\u00e9s real es su eliminaci\u00f3n. Si fallan las objeciones ya el gobierno anuncio la presentaci\u00f3n de proyectos de actos legislativos que logren ese objetivo. Nadie con buen sentido puede confundirse frente a las declaraciones formales de mejorar la jurisdicci\u00f3n y apoyar el proceso de paz. La meta es desmontar la JEP y sin JEP los acuerdos ser\u00e1n \u201ctrizas\u201d.<\/p>\n<p>El gobierno juega a dos bandas con las objeciones: Tira el anzuelo para que Cambio Radical pueda dirimir el asunto y sacar adelante las objeciones en el congreso y en todo caso genera desaz\u00f3n entre guerrilleros que deben someterse a la JEP, e inclusive entre militares que han manifestado disposici\u00f3n de ir a la jurisdicci\u00f3n a contar verdades que pueden resultar incomodas para algunos agentes estatales. Si no ganan en el congreso, en todo caso debilitan la instituci\u00f3n que es piedra angular de la negociaci\u00f3n con las Farc.<\/p>\n<p>El debate de las objeciones es complejo y es posible que no est\u00e9 al alcance del ciudadano de a pie que seguramente seguir\u00e1 sometido a ciertas falacias que han deformado la discusi\u00f3n. Veamos un ejemplo.<\/p>\n<p>Una de las objeciones presenta como inadmisible que el Estado renuncie a perseguir a todos los responsables de delitos de lesa humanidad, lo cual no es cierto pues lo que hace la ley objetada y aclara la sentencia que declaro la constitucionalidad de este aspecto, es circunscribir la imputaci\u00f3n de este tipo de delitos a los m\u00e1ximos responsables pues por consideraciones de orden pr\u00e1ctico, resultar\u00eda imposible para la jurisdicci\u00f3n juzgar y sancionar todos los delitos de lesa humanidad cometidos en un dilatado periodo de conflicto.<\/p>\n<p>La moral del ciudadano com\u00fan exige justicia retributiva, como la que imparten los tribunales ordinarios. Ser\u00eda deseable, pero en t\u00e9rminos pr\u00e1cticos improbable, considerando limitaciones conocidas de nuestro aparato judicial, de modo que el prop\u00f3sito de la finalizaci\u00f3n del conflicto ser\u00eda ilusorio puesto que la justicia transicional es el n\u00facleo de la negociaci\u00f3n de paz.<\/p>\n<p>Muchos entienden que las dudas que plantean las objeciones fueron materia de an\u00e1lisis de constitucionalidad y eso debe respetarse.<\/p>\n<p>&nbsp;<\/p>\n<p>&nbsp;<\/p>\n","protected":false},"excerpt":{"rendered":"<p>Por Danilo Contreras (Especial para Revista Zetta).-\u00a0\u00a0Narra la leyenda que los or\u00e1culos de Gordium profetizaron que quien desatara el enrevesado nudo que un\u00eda el carromato del fundador de la ciudad con el yugo de los bueyes, conquistar\u00eda Asia. Llegando Alejandro Magno a la ciudad y puesto en conocimiento de la profec\u00eda, saco su espada y corto de tajo el nudo. Al hacerlo expres\u00f3 \u201cigual desatarlo que cortarlo\u201d. Rememore el mito a prop\u00f3sito de las dificultades que implican los asuntos relacionados con la JEP y sus normas objetadas por el presidente&#8230; <\/p>\n","protected":false},"author":3,"featured_media":29241,"comment_status":"open","ping_status":"closed","sticky":false,"template":"","format":"standard","meta":{"footnotes":"","_links_to":"","_links_to_target":""},"categories":[75,44,65],"tags":[],"class_list":["post-29240","post","type-post","status-publish","format-standard","has-post-thumbnail","hentry","category-destacada","category-materiagris","category-opinion"],"_links":{"self":[{"href":"https:\/\/revistazetta.com\/index.php?rest_route=\/wp\/v2\/posts\/29240","targetHints":{"allow":["GET"]}}],"collection":[{"href":"https:\/\/revistazetta.com\/index.php?rest_route=\/wp\/v2\/posts"}],"about":[{"href":"https:\/\/revistazetta.com\/index.php?rest_route=\/wp\/v2\/types\/post"}],"author":[{"embeddable":true,"href":"https:\/\/revistazetta.com\/index.php?rest_route=\/wp\/v2\/users\/3"}],"replies":[{"embeddable":true,"href":"https:\/\/revistazetta.com\/index.php?rest_route=%2Fwp%2Fv2%2Fcomments&post=29240"}],"version-history":[{"count":0,"href":"https:\/\/revistazetta.com\/index.php?rest_route=\/wp\/v2\/posts\/29240\/revisions"}],"wp:featuredmedia":[{"embeddable":true,"href":"https:\/\/revistazetta.com\/index.php?rest_route=\/wp\/v2\/media\/29241"}],"wp:attachment":[{"href":"https:\/\/revistazetta.com\/index.php?rest_route=%2Fwp%2Fv2%2Fmedia&parent=29240"}],"wp:term":[{"taxonomy":"category","embeddable":true,"href":"https:\/\/revistazetta.com\/index.php?rest_route=%2Fwp%2Fv2%2Fcategories&post=29240"},{"taxonomy":"post_tag","embeddable":true,"href":"https:\/\/revistazetta.com\/index.php?rest_route=%2Fwp%2Fv2%2Ftags&post=29240"}],"curies":[{"name":"wp","href":"https:\/\/api.w.org\/{rel}","templated":true}]}}