{"id":29246,"date":"2019-03-12T10:58:30","date_gmt":"2019-03-12T15:58:30","guid":{"rendered":"http:\/\/www.revistazetta.com\/?p=29246"},"modified":"2019-03-12T10:58:30","modified_gmt":"2019-03-12T15:58:30","slug":"arjona-reluce-cumpleanos-244","status":"publish","type":"post","link":"https:\/\/revistazetta.com\/?p=29246","title":{"rendered":"Arjona reluce en su cumplea\u00f1os 244"},"content":{"rendered":"<p>Desde ya la Alcald\u00eda de Arjona y el Instituto Municipal de las Artes, la Cultura y el Turismo ha preparado todo para la celebraci\u00f3n del cumplea\u00f1os \u00a0244 de este municipio, as\u00ed como la realizaci\u00f3n de sus fiestas patronales en honor a la Virgen de la Candelaria.<\/p>\n<p>La programaci\u00f3n oficial comienza este 13 de Marzo con la realizaci\u00f3n de una Misa por motivo de la celebraci\u00f3n del cumplea\u00f1os de Arjona, la cual se llevar\u00e1 a cabo en la Plaza Principal a partir de las 7:00 de la ma\u00f1ana, en la cual se efectuar\u00e1n diferentes actos, que incluyen las presentaciones de 4 Instituciones Educativas Oficiales del municipio, as\u00ed como condecoraciones, ofrenda floral, entre otros.<\/p>\n<p>Este d\u00eda sigue con la imposici\u00f3n de bandas a las Reinas de las Fiestas Tradicionales 2019, Mar\u00eda Jos\u00e9 Barrios Guardo, Reina Juvenil y \u00a0Valery Canabal Payares, Reina Infantil.<\/p>\n<p>La agenda cultural contin\u00faa con el Tercer Concurso de Comparsas, este s\u00e1bado 16 de Marzo, a partir de las 4:00 de la tarde, el cual es apoyado por el Ministerio de Cultura. Este inicia en la Calle Real, intersecci\u00f3n con Calle 20 de Julio y se extender\u00e1 por varias calles reconocidas del municipio, como lo son Calle del Coco, Calle Jun\u00edn, Calle La Palma, Calle del Mercado, Calle Portobello, Calle Girardot, nuevamente Calle del Coco, Calle San Roque y finaliza en el Polideportivo.<\/p>\n<p>Ya en el Polideportivo, se realizar\u00e1 la entrega de la premiaci\u00f3n y reconocimientos a las comparsas participantes, as\u00ed mismo la presentaci\u00f3n art\u00edstica de la Reina Juvenil Mar\u00eda Jos\u00e9 y por \u00faltimo la presentaci\u00f3n de los artistas invitados.<\/p>\n<p>La ni\u00f1ez arjonera har\u00e1 parte con la Cabalgata de Caballitos de Palo, programada para el domingo 17 de marzo, la cual saldr\u00e1 a las 4:00 de la tarde de la Calle Sim\u00f3n Bossa, detr\u00e1s de la Alcald\u00eda Municipal, igualmente recorrer\u00e1 varias calles del municipio, terminando con una muestra cultural de la reina infantil en la Plaza Principal.<\/p>\n<p>El mi\u00e9rcoles 20 de Marzo, ser\u00e1 el turno para la tradicional cabalgata y desde el 21 hasta el 25, se desarrollar\u00e1n las cinco tardes de corralejas.<\/p>\n<p>\u201cUna vez m\u00e1s nuestro municipio se alista para recibir con alegr\u00eda y civismo a propios y a visitantes, por motivo de las Fiestas Patronales. Es por ello que desde la administraci\u00f3n municipal se han realizado diferentes mesas de trabajo, donde han participado la Junta Organizadora, Polic\u00eda, Infanter\u00eda de Marina, entre otras entidades, \u00a0con el fin brindarles unas fiestas donde prime la seguridad y sana convivencia\u201d, manifest\u00f3 la alcaldesa de Arjona Esther Mar\u00eda Jalilie Garc\u00eda. De igual forma la mandataria invito a todos los que van a disfrutar de estas fiestas, a que las vivan con responsabilidad, siendo tolerantes y respetuosos hacia los dem\u00e1s.<\/p>\n","protected":false},"excerpt":{"rendered":"<p>Desde ya la Alcald\u00eda de Arjona y el Instituto Municipal de las Artes, la Cultura y el Turismo ha preparado todo para la celebraci\u00f3n del cumplea\u00f1os \u00a0244 de este municipio, as\u00ed como la realizaci\u00f3n de sus fiestas patronales en honor a la Virgen de la Candelaria. La programaci\u00f3n oficial comienza este 13 de Marzo con la realizaci\u00f3n de una Misa por motivo de la celebraci\u00f3n del cumplea\u00f1os de Arjona, la cual se llevar\u00e1 a cabo en la Plaza Principal a partir de las 7:00 de la ma\u00f1ana, en la cual&#8230; <\/p>\n","protected":false},"author":3,"featured_media":29247,"comment_status":"open","ping_status":"closed","sticky":false,"template":"","format":"standard","meta":{"footnotes":"","_links_to":"","_links_to_target":""},"categories":[75,83,80],"tags":[],"class_list":["post-29246","post","type-post","status-publish","format-standard","has-post-thumbnail","hentry","category-destacada","category-municipios","category-region"],"_links":{"self":[{"href":"https:\/\/revistazetta.com\/index.php?rest_route=\/wp\/v2\/posts\/29246","targetHints":{"allow":["GET"]}}],"collection":[{"href":"https:\/\/revistazetta.com\/index.php?rest_route=\/wp\/v2\/posts"}],"about":[{"href":"https:\/\/revistazetta.com\/index.php?rest_route=\/wp\/v2\/types\/post"}],"author":[{"embeddable":true,"href":"https:\/\/revistazetta.com\/index.php?rest_route=\/wp\/v2\/users\/3"}],"replies":[{"embeddable":true,"href":"https:\/\/revistazetta.com\/index.php?rest_route=%2Fwp%2Fv2%2Fcomments&post=29246"}],"version-history":[{"count":0,"href":"https:\/\/revistazetta.com\/index.php?rest_route=\/wp\/v2\/posts\/29246\/revisions"}],"wp:featuredmedia":[{"embeddable":true,"href":"https:\/\/revistazetta.com\/index.php?rest_route=\/wp\/v2\/media\/29247"}],"wp:attachment":[{"href":"https:\/\/revistazetta.com\/index.php?rest_route=%2Fwp%2Fv2%2Fmedia&parent=29246"}],"wp:term":[{"taxonomy":"category","embeddable":true,"href":"https:\/\/revistazetta.com\/index.php?rest_route=%2Fwp%2Fv2%2Fcategories&post=29246"},{"taxonomy":"post_tag","embeddable":true,"href":"https:\/\/revistazetta.com\/index.php?rest_route=%2Fwp%2Fv2%2Ftags&post=29246"}],"curies":[{"name":"wp","href":"https:\/\/api.w.org\/{rel}","templated":true}]}}