{"id":29248,"date":"2019-03-12T22:30:45","date_gmt":"2019-03-13T03:30:45","guid":{"rendered":"http:\/\/www.revistazetta.com\/?p=29248"},"modified":"2019-03-12T22:30:45","modified_gmt":"2019-03-13T03:30:45","slug":"talento-barrio-la-nueva-apuesta-del-pes-pr","status":"publish","type":"post","link":"https:\/\/revistazetta.com\/?p=29248","title":{"rendered":"Talento de barrio, la nueva apuesta del PES PR"},"content":{"rendered":"<p>En una gran apuesta para resaltar el talento de los j\u00f3venes de algunos barrios deprimidos de la ciudad, el Plan de Emergencia Social Pedro Romero (PES PR) lanz\u00f3 el concurso \u201cTalento De Barrio, para la superaci\u00f3n de la pobreza\u201d, en cumplimiento adem\u00e1s, a lo adoptado en los Planes Comunitarios de Pobreza en el 2018.<\/p>\n<p>Despu\u00e9s de haber realizado los primeros Juegos Comunitarios de Superaci\u00f3n de Pobreza en los Cerros de Albornoz y Nelson Mandela, la Alcald\u00eda Distrital, a trav\u00e9s del PES PR, quiere resaltar en esta oportunidad el talento y esfuerzo de los j\u00f3venes de los sectores de Cerros de Albornoz, Ci\u00e9naga de la Virgen y Faldas de la Popa.<\/p>\n<p>\u2018Talento De Barrio\u2019 ser\u00e1 un concurso que contar\u00e1 con la participaci\u00f3n y apoyo de artistas reconocidos de la ciudad de Cartagena, quienes servir\u00e1n como ejemplo para los j\u00f3venes, entre los 14 y 25 a\u00f1os de edad, que tengan talento para cantar.<\/p>\n<p>Los requisitos para participar en \u2018Talento De Barrio\u2019 son los siguientes:<\/p>\n<p>&#8211; Estar entre los 14 y 25 a\u00f1os.<\/p>\n<p>&#8211; Vivir en los Cerros de Albornoz, Faldas de la Popa o Ci\u00e9naga de la Virgen.<\/p>\n<p>&#8211; Pertenecer a los estratos 1 y 2.<\/p>\n<p>Quienes ocupen los tres primeros lugares recibir\u00e1n como premio becas educativas, tablets, entre otros premios sorpresa que entregan algunos patrocinadores y el PES PR.<\/p>\n<p><b><i><u>Los miembros del jurado<\/u><\/i><\/b><\/p>\n<p>Rossman Kenny Trillos Rodr\u00edguez. M\u00fasico y pedagogo profesional. Productor, arreglista, guitarrista, pianista, acordeonero, cantante y compositor. Ganador de algunos festivales en diferentes categor\u00edas en la Regi\u00f3n\u00a0 Caribe y el resto del pa\u00eds, entre ellos el Festival Nacional de la Cumbia, el Festival de Arte Universitario, Festival Vallenato de San Cayetano, Festival de Artes de Bellas Artes, y ha sido finalista en varias ocasiones en el Festival Vallenato de Valledupar, entre otros.<\/p>\n<p>Productor musical de varias obras de teatro. Obtuvo el galard\u00f3n de Mejor M\u00fasica en el Festival de Arte Universitario del 2018. Exintegrante de varias agrupaciones musicales importantes de la ciudad. Nominado al Grammy latino en 2010. Director de coros, grupos vallenato, fusi\u00f3n, Orquestas, Grupos de Rock, folclor, son cubano, etc.\u00a0 Profesor de t\u00e9cnica vocal de diferentes artistas en la ciudad. Actualmente es profesor de m\u00fasica en la Universidad de San Buenaventura de Cartagena.<\/p>\n<p>Luis Antonio Jim\u00e9nez Herrera,\u00a0 gestor cultural, core\u00f3grafo del grupo de baile m\u00e1s antiguo\u00a0 de baile moderno de la ciudad, DMC\u00a0 danzas modernas de Cartagena, activista f\u00edsico, entrenador deportivo, animador, recreador, docente de la Universidad\u00a0 de San Buenaventura\u00a0 y del SENA formador\u00a0 de muchos talentos que se destacan por todo el mundo, experiencias a nivel internacional\u00a0 desde hace 19 a\u00f1os, llevando el talento colombiano a China , Singapur, Malasia, Indonesia ,EEUU, entre otros. Organizador\u00a0 del reconocido concurso el Factor U y dirigi\u00f3 \u201cYo Soy La Voz Elyon Yire\u201d, catalogado como el pionero del baile moderno en Cartagena, entre otros reconocimientos.<\/p>\n<p>Louis Towers \u201cEl Rasta\u201d. Naci\u00f3 musicalmente en 1998, grabando su primera canci\u00f3n para la disquera Victoria\u00a0 de Medell\u00edn. Seguidamente graba su segunda y tercera canci\u00f3n el mismo a\u00f1o, haci\u00e9ndolo para la disquera Sonolux, en ese entonces tambi\u00e9n en Medell\u00edn. En 1990, firma su contrato por tres a\u00f1os con la disquera fuentes de Medell\u00edn. En 1995 pide su carta de libertad y regresa a Cartagena para grabar champeta a partir de 1996 cuando graba la producci\u00f3n \u201cLouis Towers, El Rasta\u201d, La cual incluye canciones como El Liso en Olaya, \u00e9xito que lo catapulta en el medio de la champeta. A partir de all\u00ed todo se convierte en \u00e9xitos con canciones como El Pap\u00e1, El Oso Peluo, La Orejera Espeluc\u00e1, Julio El Z\u00e1ngano, El Mal Hijo, La Biograf\u00eda Del Rasta, La Depravada, El Machete, El Preso, Cuero A Cuero etc. Louis Towers ha llevado la champeta a pa\u00edses como Francia, Espa\u00f1a, Holanda, B\u00e9lgica, M\u00e9xico, Austria, Eslovaquia, Venezuela y Estados Unidos.<\/p>\n<p>En la actualidad Louis Towers se ha mantenido realizando conciertos a trav\u00e9s de todo el territorio Colombiano, incluyendo dos conciertos en Aruba.<\/p>\n<p>Javier Posada Meola, director del Plan de Emergencia Social Pedro Romero, manifest\u00f3: \u201cArrancamos nuestra segunda gran jornada del a\u00f1o que consiste en una gran audici\u00f3n llegando a los sectores m\u00e1s deprimidos de la ciudad a casar los talentos musicales m\u00e1s importantes de estas zonas. Aspiramos que participen alrededor de 500 muchachos talentosos, la gran final se desarrollara en el Centro Comercial Los Ejecutivos, donde habr\u00e1 una premiaci\u00f3n para todos los finalistas, esta es una actividad bien bonita para que estos talentos tengas la oportunidad de grabar sus canciones y de esta manera ser un ejemplo para sus amigos, familias y vecinos para superar la pobreza en las comunidades\u201d.<\/p>\n<p><i><u>Agenda del concurso<\/u><\/i><\/p>\n<p>La convocatoria ser\u00e1 del 13 al 16 de marzo<\/p>\n<p>18 de marzo, Inscripciones: La Candelaria, Nelson Mandela, Palestina, Nuevo Israel, Poz\u00f3n sector Isla de Le\u00f3n<\/p>\n<p>19 de marzo, Inscripciones: La Esperanza, La Paz, Bendici\u00f3n de Dios, Republica del Caribe, Mirador de Cartagena<\/p>\n<p>20 de marzo, Inscripciones: La Mar\u00eda, Boston, Puerta de Hierro, Arroz Barato, Olaya, Playa Blanca<\/p>\n<p>22 al 24 de marzo, audiciones<\/p>\n<p>29 al 31 de marzo, eliminatorias<\/p>\n<p>6 de abril, semifinal<\/p>\n<p>9 al 11 de abril, taller a finalistas con profesores y artistas<\/p>\n<p>13 de abril, gran final<\/p>\n<p><b>Nueva Sede<\/b><\/p>\n<p>Aprovechando la buena noticia del lanzamiento del Concurso, Javier Posada presentar\u00e1 en el marco del evento, la nueva sede del PES PR en el barrio Manga, tercera Avenida.<\/p>\n<p>\u201cEs un lugar m\u00e1s amplio, que permite funcionar de una mejor manera, consecuente con el crecimiento que ha tenido el PES PR en nuestra ciudad. Todos son bienvenidos a nuestra nueva casa para seguir brindando los mejores servicios a la poblaci\u00f3n vulnerable\u201d, dice Javier Posada.<\/p>\n","protected":false},"excerpt":{"rendered":"<p>En una gran apuesta para resaltar el talento de los j\u00f3venes de algunos barrios deprimidos de la ciudad, el Plan de Emergencia Social Pedro Romero (PES PR) lanz\u00f3 el concurso \u201cTalento De Barrio, para la superaci\u00f3n de la pobreza\u201d, en cumplimiento adem\u00e1s, a lo adoptado en los Planes Comunitarios de Pobreza en el 2018. Despu\u00e9s de haber realizado los primeros Juegos Comunitarios de Superaci\u00f3n de Pobreza en los Cerros de Albornoz y Nelson Mandela, la Alcald\u00eda Distrital, a trav\u00e9s del PES PR, quiere resaltar en esta oportunidad el talento y&#8230; <\/p>\n","protected":false},"author":3,"featured_media":29249,"comment_status":"open","ping_status":"closed","sticky":false,"template":"","format":"standard","meta":{"footnotes":"","_links_to":"","_links_to_target":""},"categories":[75,86,32],"tags":[],"class_list":["post-29248","post","type-post","status-publish","format-standard","has-post-thumbnail","hentry","category-destacada","category-comunidad","category-actualidad-distrito"],"_links":{"self":[{"href":"https:\/\/revistazetta.com\/index.php?rest_route=\/wp\/v2\/posts\/29248","targetHints":{"allow":["GET"]}}],"collection":[{"href":"https:\/\/revistazetta.com\/index.php?rest_route=\/wp\/v2\/posts"}],"about":[{"href":"https:\/\/revistazetta.com\/index.php?rest_route=\/wp\/v2\/types\/post"}],"author":[{"embeddable":true,"href":"https:\/\/revistazetta.com\/index.php?rest_route=\/wp\/v2\/users\/3"}],"replies":[{"embeddable":true,"href":"https:\/\/revistazetta.com\/index.php?rest_route=%2Fwp%2Fv2%2Fcomments&post=29248"}],"version-history":[{"count":0,"href":"https:\/\/revistazetta.com\/index.php?rest_route=\/wp\/v2\/posts\/29248\/revisions"}],"wp:featuredmedia":[{"embeddable":true,"href":"https:\/\/revistazetta.com\/index.php?rest_route=\/wp\/v2\/media\/29249"}],"wp:attachment":[{"href":"https:\/\/revistazetta.com\/index.php?rest_route=%2Fwp%2Fv2%2Fmedia&parent=29248"}],"wp:term":[{"taxonomy":"category","embeddable":true,"href":"https:\/\/revistazetta.com\/index.php?rest_route=%2Fwp%2Fv2%2Fcategories&post=29248"},{"taxonomy":"post_tag","embeddable":true,"href":"https:\/\/revistazetta.com\/index.php?rest_route=%2Fwp%2Fv2%2Ftags&post=29248"}],"curies":[{"name":"wp","href":"https:\/\/api.w.org\/{rel}","templated":true}]}}