{"id":29250,"date":"2019-03-13T07:48:36","date_gmt":"2019-03-13T12:48:36","guid":{"rendered":"http:\/\/www.revistazetta.com\/?p=29250"},"modified":"2019-03-13T07:48:36","modified_gmt":"2019-03-13T12:48:36","slug":"manos-valorizacion-esta-la-chispa-cartagena","status":"publish","type":"post","link":"https:\/\/revistazetta.com\/?p=29250","title":{"rendered":"En manos de Valorizaci\u00f3n est\u00e1 la \u00abchispa\u00bb de Cartagena"},"content":{"rendered":"<p>Con un llamado al director de Valorizaci\u00f3n, Jorge Lequerica Ara\u00fajo, para que lidere\u00a0\u00a0proyectos y programas de gran impacto social que generen desarrollo en Cartagena, se cumpli\u00f3 una nueva jornada de sesi\u00f3n del Concejo, y donde intervinieron adem\u00e1s el director del IPCC, Iv\u00e1n Sanes, y el director del DATT, Edilberto Mendoza Goez, como parte de la agenda programada por el cabildo distrital\u00a0\u00a0de escuchar los informes de gesti\u00f3n por dependencia adelantada durante la vigencia fiscal 2018.<\/p>\n<p>C\u00e9sar Augusto Pi\u00f3n Gonz\u00e1lez, concejal por el partido de la U,\u00a0dijo que \u201cel director de valorizaci\u00f3n tiene una responsabilidad como ciudadano y otra como exconcejal de la ciudad, de mostrar que si somos capaces de hacer muchas cosas y de proyectar lo que nunca se ha hecho, para que el nuevo gobierno encuentre un camino de trabajo favorable y por fin se adelanten obras de gran envergadura como por ejemplo el desarrollo de un verdadero Plan de Drenajes Pluviales\u201d, indic\u00f3.<\/p>\n<p>\u201cValorizaci\u00f3n durante muchos a\u00f1os ha estado estancada, Bogot\u00e1 acaba de trabajar con 983 mil millones de pesos en el desarrollo de obras de andenes, ciclo rutas, corregir\u00a0\u00a0parte de la zona industrial, arreglo de parques, conexiones viales,\u00a0\u00a0entre otros, y favoreci\u00f3 382 mil predios en la capital de los colombianos; nosotros tenemos que darnos la pela, aqu\u00ed estamos necesitando con urgencia\u00a0\u00a0el puente en Manga,\u00a0\u00a0el puente entre el\u00a0\u00a0callej\u00f3n Dandy\u00a0\u00a0y la avenida del Lago, pensar adem\u00e1s en \u00abround point\u00bb o glorietas que mejoren la movilidad, por eso creer\u00edamos que Valorizaci\u00f3n tiene que presentar una serie de\u00a0\u00a0proyectos\u00a0\u00a0pensando en Cartagena\u201d, asever\u00f3 Pi\u00f3n Gonz\u00e1lez.<\/p>\n<p>Por su parte, Javier Curi Osorio, concejal por el partido Liberal, dijo que particularmente ha trabajado temas como el desarrollo de programas de pavimentaci\u00f3n de calles por participaci\u00f3n comunitaria, \u201cdesde Valorizaci\u00f3n hemos querido rescatar esos acuerdos, renovarlos, actualizarlos, y ha sido uno de los prop\u00f3sitos desde que el director Jorge Lequerica\u00a0\u00a0lleg\u00f3 a la entidad, acepto que tiene unos compromisos de sacar adelante proyectos como el de protecci\u00f3n costera y el Plan de Drenajes Pluviales que son grandes restos de la ciudad, pero creo que nos queda debiendo, porque debemos hacer un esfuerzo adicional para rescatar este programa de pavimentaci\u00f3n por participaci\u00f3n comunitaria\u201d, precis\u00f3 Curi.<\/p>\n<p><b>Distrito debe agilizar proyecto de modernizaci\u00f3n del DATT<\/b><\/p>\n<p>El presidente del Concejo de Cartagena, \u00d3scar Mar\u00edn Villalba, ve con buenos ojos la estructuraci\u00f3n del proyecto de modernizaci\u00f3n del Departamento Administrativo de Tr\u00e1nsito y Transporte de Cartagena y\u00a0\u00a0el tema de parqueaderos, con el \u00fanico\u00a0\u00a0fin de volver m\u00e1s efectiva y operativa la entidad en materia de movilidad, \u201cel se\u00f1or director del DATT, Edilberto Mendoza Goez, nos manifest\u00f3 que desde el 15 de febrero se encuentra en manos de la oficina Jur\u00eddica del Distrito el proyecto de parqueaderos y modernizaci\u00f3n de la entidad, lo que queremos es que el Distrito, si a bien lo considera, presente con urgencia el proyecto al Concejo durante este periodo de sesiones ordinarias, la ciudad lo necesita y la idea es que podamos estudiarlo con detenimiento\u201d, indic\u00f3 Mar\u00edn Villalba.<\/p>\n<p><b><u>Diferencias\u00a0\u00a0internas en el DATT\u00a0\u00a0<\/u><\/b><\/p>\n<p>El concejal Lewis Montero Polo dijo estar altamente preocupado por diversas situaciones que se presentan en institutos descentralizados como DATT, Dadis y Transcaribe; \u201cse notan grandes diferencias entre cada uno de los directivos del DATT con su director, hechos que se reflejan al mundo exterior por\u00a0sus agentes de tr\u00e1nsito, Cartagena es una ciudad tur\u00edstica\u00a0\u00a0y notamos que el trato de los agentes no es el adecuado,\u00a0\u00a0incluso hasta con nuestra gente, por eso nos interesa saber qu\u00e9 tipo de cualificaci\u00f3n ha adelantado la entidad, si la preparaci\u00f3n les estimula para afrontar cualquier tipo de situaci\u00f3n adversa con los ciudadanos\u201d, dijo Montero Polo.<\/p>\n<p>Por \u00faltimo, el cabildante hizo un llamado al alcalde Pedrito Pereira para que adelante mesas de trabajo con cada una de las direcciones y su equipo de colaboradores con el Concejo de la ciudad,\u00a0\u00a0para saber cu\u00e1l es el pensamiento y revisar si existe sinergia como grupo de trabajo, \u201cpareciera que el director dice una cosa y los directivos hacen otra cosa\u201d, concluy\u00f3.<\/p>\n","protected":false},"excerpt":{"rendered":"<p>Con un llamado al director de Valorizaci\u00f3n, Jorge Lequerica Ara\u00fajo, para que lidere\u00a0\u00a0proyectos y programas de gran impacto social que generen desarrollo en Cartagena, se cumpli\u00f3 una nueva jornada de sesi\u00f3n del Concejo, y donde intervinieron adem\u00e1s el director del IPCC, Iv\u00e1n Sanes, y el director del DATT, Edilberto Mendoza Goez, como parte de la agenda programada por el cabildo distrital\u00a0\u00a0de escuchar los informes de gesti\u00f3n por dependencia adelantada durante la vigencia fiscal 2018. C\u00e9sar Augusto Pi\u00f3n Gonz\u00e1lez, concejal por el partido de la U,\u00a0dijo que \u201cel director de valorizaci\u00f3n&#8230; <\/p>\n","protected":false},"author":3,"featured_media":29252,"comment_status":"open","ping_status":"closed","sticky":false,"template":"","format":"standard","meta":{"footnotes":"","_links_to":"","_links_to_target":""},"categories":[75,27,4],"tags":[],"class_list":["post-29250","post","type-post","status-publish","format-standard","has-post-thumbnail","hentry","category-destacada","category-politicaconcejo","category-politica"],"_links":{"self":[{"href":"https:\/\/revistazetta.com\/index.php?rest_route=\/wp\/v2\/posts\/29250","targetHints":{"allow":["GET"]}}],"collection":[{"href":"https:\/\/revistazetta.com\/index.php?rest_route=\/wp\/v2\/posts"}],"about":[{"href":"https:\/\/revistazetta.com\/index.php?rest_route=\/wp\/v2\/types\/post"}],"author":[{"embeddable":true,"href":"https:\/\/revistazetta.com\/index.php?rest_route=\/wp\/v2\/users\/3"}],"replies":[{"embeddable":true,"href":"https:\/\/revistazetta.com\/index.php?rest_route=%2Fwp%2Fv2%2Fcomments&post=29250"}],"version-history":[{"count":0,"href":"https:\/\/revistazetta.com\/index.php?rest_route=\/wp\/v2\/posts\/29250\/revisions"}],"wp:featuredmedia":[{"embeddable":true,"href":"https:\/\/revistazetta.com\/index.php?rest_route=\/wp\/v2\/media\/29252"}],"wp:attachment":[{"href":"https:\/\/revistazetta.com\/index.php?rest_route=%2Fwp%2Fv2%2Fmedia&parent=29250"}],"wp:term":[{"taxonomy":"category","embeddable":true,"href":"https:\/\/revistazetta.com\/index.php?rest_route=%2Fwp%2Fv2%2Fcategories&post=29250"},{"taxonomy":"post_tag","embeddable":true,"href":"https:\/\/revistazetta.com\/index.php?rest_route=%2Fwp%2Fv2%2Ftags&post=29250"}],"curies":[{"name":"wp","href":"https:\/\/api.w.org\/{rel}","templated":true}]}}