{"id":29255,"date":"2019-03-13T09:07:00","date_gmt":"2019-03-13T14:07:00","guid":{"rendered":"http:\/\/www.revistazetta.com\/?p=29255"},"modified":"2019-03-13T09:07:00","modified_gmt":"2019-03-13T14:07:00","slug":"alcalde-responde-comunidad-la-boquilla","status":"publish","type":"post","link":"https:\/\/revistazetta.com\/?p=29255","title":{"rendered":"Alcalde responde a comunidad de la Boquilla"},"content":{"rendered":"<p>En su ejercicio de escuchar a las comunidades, el alcalde Pedrito Pereira se reuni\u00f3 hasta altas horas de la noche de este martes con l\u00edderes de la comunidad de La Boquilla.<br \/>\nHace casi 10 a\u00f1os, aseguran los l\u00edderes, que un alcalde y su gabinete no los atend\u00eda, pero sobre todo, que no les planteaban soluciones pr\u00e1cticas a sus problemas hist\u00f3ricos en salud, ambiente, movilidad, ecoturismo, deporte, recreaci\u00f3n, pesca, educaci\u00f3n, entre otros.<br \/>\nLuego de escuchar con atenci\u00f3n el pliego de solicitudes, el Alcalde y los secretarios y funcionarios delegados ofrecieron soluciones a corto, mediano y largo plazo y se establecieron mesas de trabajo por sectores con fechas y coordinadores responsables.<br \/>\nUna de las inquietudes que m\u00e1s les preocupa es el acceso a su comunidad, que por la construcci\u00f3n del viaducto El Manglar deben trasladarse varios metros para llegar a la entrada de su poblaci\u00f3n. El 29 de marzo se realizar\u00e1 una nueva reuni\u00f3n con presencia de la Agencia Nacional de Infraestructura, Concesi\u00f3n Costera y el Datt, para buscar soluci\u00f3n temporal, mientras su buscan alternativas definitivas.<br \/>\nAlcalde Pedrito Pereira \u201cHoy hemos atendido a la comunidad de La Boquilla. Ellos el lunes hicieron una protesta. Manifestaron distintos temas, pero lo principal es el del viaducto para el acceso a su territorio. Vamos a mirar con la Agencia Nacional de Infraestructura que los recursos que quedan en ese proyecto puedan ser invertidos, para que los habitantes de este corregimiento puedan acceder sin ning\u00fan traumatismo a esa zona\u201d, precis\u00f3 el Alcalde.<br \/>\nEn cuanto al servicio de salud, pronto se solucionar\u00e1 la dotaci\u00f3n de aires acondicionados del centro m\u00e9dico y evaluar\u00e1 la posibilidad de asignar dos m\u00e9dicos los fines de semana y festivos y reforzar\u00e1 el servicio de la ambulancia ubicando otra en un sector m\u00e1s cercano a la zona norte, como Canapote, para facilitar una respuesta oportuna ante cualquier solicitud de emergencia.<br \/>\nMohamed Ortega, l\u00edder de La Boquilla, destac\u00f3 el inter\u00e9s del Alcalde y sus secretarios para que su comunidad recupere la credibilidad en los gobiernos. \u201cEl Alcalde conoce La Boquilla, gracias a \u00e9l creci\u00f3 el Ecobloque, protege los recursos naturales y se har\u00e1n actividades que antes eran dif\u00edcil alcanzar en la comunidad\u201d, dijo.<br \/>\nAclar\u00f3 que la soluci\u00f3n no es s\u00f3lo responsabilidad del Alcalde, sino que por ser La Boquilla un territorio ancestral titulado tienen prioridad para que sean atendidos por el Gobierno Nacional.<br \/>\nDestac\u00f3 el inter\u00e9s del Alcalde en escucharlos y buscar soluciones y recuerda que desde hace, aproximadamente, 10 a\u00f1os no los atend\u00edan. \u201cPedrito ha sido el \u00fanico que ha dicho: me voy a sentar con ustedes, me interesa la comunidad de La Boquilla y nos ha priorizado todo este espacio y hasta esta hora\u201d, dijo.<br \/>\n\u00c1lvaro Camargo fue hasta hace unos meses vicepresidente del Consejo Comunitario de La Boquilla y los resultados de la reuni\u00f3n con el Gobierno Distrital lo dejan satisfecho y optimista por lo alcanzado en la reuni\u00f3n.<br \/>\n\u201cObtener la atenci\u00f3n del Gobierno Distrital nunca hab\u00eda sido f\u00e1cil en el pasado y que te atiendan y te traigan todo el gabinete para cada problem\u00e1tica, eso es destacable y eso se agradece\u201d, afirm\u00f3.<br \/>\nLo otro que destaca es que se establecieron compromisos con fechas y con responsables de parte de la Administraci\u00f3n, aspecto que le gener\u00f3 confianza en el gobierno local.<br \/>\nOtras soluciones<br \/>\nCon Corpoturismo se promover\u00e1 el ecoturismo en La Boquilla, potenciar\u00e1 y organizar\u00e1 la prestaci\u00f3n de servicios tur\u00edsticos y el avistamiento de aves. Esta comunidad tambi\u00e9n est\u00e1 en la lista de beneficiados por el proyecto de acuerdo de Drenajes Pluviales, al igual que en la limpieza de los canales que se realizar\u00e1 con la incorporaci\u00f3n de recursos que se solicit\u00f3 al Concejo.<br \/>\nDesde la autoridad ambiental se continuar\u00e1 el cuidado de la Ci\u00e9naga de la Virgen con el apoyo de la Guardia Ambiental y otras autoridades ambientales.<br \/>\nEn cuanto al proyecto Bandera Azul, que tanto preocupa a los habitantes de La Boquilla, el Alcalde les dio un parte de tranquilidad y manifest\u00f3 que ninguna decisi\u00f3n se tomar\u00e1 de manera inconsulta con esta comunidad y que es solo una propuesta que no ha definido exactamente en la zona norte cu\u00e1les ser\u00edan los 200 metros de playa que se postular\u00e1n al galard\u00f3n internacional.<br \/>\n\u201cHemos impuesto dos caracter\u00edsticas que debe tener el territorio donde se vaya a implementar este proyecto: No ser\u00e1 en playas concesionadas y debe incluir a todos los sectores de la comunidad. Es un galard\u00f3n en seguridad, organizaci\u00f3n y manejo ambiental de un territorio que sea escogido en la zona norte, y todo ser\u00e1 totalmente socializado\u201d, advirti\u00f3 el Alcalde.<br \/>\nComunicado 180<\/p>\n","protected":false},"excerpt":{"rendered":"<p>En su ejercicio de escuchar a las comunidades, el alcalde Pedrito Pereira se reuni\u00f3 hasta altas horas de la noche de este martes con l\u00edderes de la comunidad de La Boquilla. Hace casi 10 a\u00f1os, aseguran los l\u00edderes, que un alcalde y su gabinete no los atend\u00eda, pero sobre todo, que no les planteaban soluciones pr\u00e1cticas a sus problemas hist\u00f3ricos en salud, ambiente, movilidad, ecoturismo, deporte, recreaci\u00f3n, pesca, educaci\u00f3n, entre otros. Luego de escuchar con atenci\u00f3n el pliego de solicitudes, el Alcalde y los secretarios y funcionarios delegados ofrecieron soluciones&#8230; <\/p>\n","protected":false},"author":3,"featured_media":29256,"comment_status":"open","ping_status":"closed","sticky":false,"template":"","format":"standard","meta":{"footnotes":"","_links_to":"","_links_to_target":""},"categories":[75,86,32],"tags":[],"class_list":["post-29255","post","type-post","status-publish","format-standard","has-post-thumbnail","hentry","category-destacada","category-comunidad","category-actualidad-distrito"],"_links":{"self":[{"href":"https:\/\/revistazetta.com\/index.php?rest_route=\/wp\/v2\/posts\/29255","targetHints":{"allow":["GET"]}}],"collection":[{"href":"https:\/\/revistazetta.com\/index.php?rest_route=\/wp\/v2\/posts"}],"about":[{"href":"https:\/\/revistazetta.com\/index.php?rest_route=\/wp\/v2\/types\/post"}],"author":[{"embeddable":true,"href":"https:\/\/revistazetta.com\/index.php?rest_route=\/wp\/v2\/users\/3"}],"replies":[{"embeddable":true,"href":"https:\/\/revistazetta.com\/index.php?rest_route=%2Fwp%2Fv2%2Fcomments&post=29255"}],"version-history":[{"count":0,"href":"https:\/\/revistazetta.com\/index.php?rest_route=\/wp\/v2\/posts\/29255\/revisions"}],"wp:featuredmedia":[{"embeddable":true,"href":"https:\/\/revistazetta.com\/index.php?rest_route=\/wp\/v2\/media\/29256"}],"wp:attachment":[{"href":"https:\/\/revistazetta.com\/index.php?rest_route=%2Fwp%2Fv2%2Fmedia&parent=29255"}],"wp:term":[{"taxonomy":"category","embeddable":true,"href":"https:\/\/revistazetta.com\/index.php?rest_route=%2Fwp%2Fv2%2Fcategories&post=29255"},{"taxonomy":"post_tag","embeddable":true,"href":"https:\/\/revistazetta.com\/index.php?rest_route=%2Fwp%2Fv2%2Ftags&post=29255"}],"curies":[{"name":"wp","href":"https:\/\/api.w.org\/{rel}","templated":true}]}}