{"id":29261,"date":"2019-03-13T17:05:17","date_gmt":"2019-03-13T22:05:17","guid":{"rendered":"http:\/\/www.revistazetta.com\/?p=29261"},"modified":"2019-03-13T17:08:27","modified_gmt":"2019-03-13T22:08:27","slug":"arjona-celebro-244-anos","status":"publish","type":"post","link":"https:\/\/revistazetta.com\/?p=29261","title":{"rendered":"Arjona celebr\u00f3 244 a\u00f1os"},"content":{"rendered":"<p>La celebraci\u00f3n del\u00a0cumplea\u00f1os\u00a0244 del municipio de Arjona, se desarroll\u00f3 en medio de un acto solemne, con una misa en la Plaza Principal, en la que participaron funcionarios de la administraci\u00f3n, Concejo Municipal, Instituciones Educativas y comunidad en general.<\/p>\n<p>En el desarrollo de este evento se efectuaron diferentes actividades, como lo fueron el recorrido por los stands que organizaron 4 Instituciones Educativas del municipio. En donde a trav\u00e9s de cantos, d\u00e9cimas y dramatizados destacaron los valores de la solidaridad, el respeto, la tolerancia y la reconciliaci\u00f3n.<\/p>\n<p><img loading=\"lazy\" decoding=\"async\" class=\"alignright size-medium wp-image-29264\" src=\"https:\/\/www.revistazetta.com\/wp-content\/uploads\/2019\/03\/PHOTO-2019-03-13-16-50-19-300x200.jpg\" alt=\"\" width=\"300\" height=\"200\" srcset=\"https:\/\/revistazetta.com\/wp-content\/uploads\/2019\/03\/PHOTO-2019-03-13-16-50-19-300x200.jpg 300w, https:\/\/revistazetta.com\/wp-content\/uploads\/2019\/03\/PHOTO-2019-03-13-16-50-19-1024x682.jpg 1024w, https:\/\/revistazetta.com\/wp-content\/uploads\/2019\/03\/PHOTO-2019-03-13-16-50-19-219x146.jpg 219w, https:\/\/revistazetta.com\/wp-content\/uploads\/2019\/03\/PHOTO-2019-03-13-16-50-19-50x33.jpg 50w, https:\/\/revistazetta.com\/wp-content\/uploads\/2019\/03\/PHOTO-2019-03-13-16-50-19-113x75.jpg 113w, https:\/\/revistazetta.com\/wp-content\/uploads\/2019\/03\/PHOTO-2019-03-13-16-50-19.jpg 1280w\" sizes=\"auto, (max-width: 300px) 100vw, 300px\" \/>As\u00ed mismo, se desarrollaron \u00a0diferentes actos protocolarios, como la entonaci\u00f3n de himnos, la ofrenda floral al fundador de Arjona Antonio de La Torre y Miranda, la lectura del decreto que da paso a las Fiestas Tradicionales y por \u00faltimo la entonaci\u00f3n del cumplea\u00f1os y la repartici\u00f3n de la torta.<\/p>\n<p>La jornada contin\u00fao en las instalaciones de la Alcald\u00eda Municipal, donde se realiz\u00f3 el acto de imposici\u00f3n de bandas a las Reinas de las Fiestas Tradicionales 2019, Mar\u00eda Jos\u00e9 Barrios Guardo, Reina Juvenil y\u00a0 Valery Canabal Payares, Reina Infantil.<\/p>\n<p>\u201cHoy nos sentimos muy complacidos con esta celebraci\u00f3n, que la hemos hecho con la comunidad, con los estudiantes, con las instituciones educativas, pero sobre todo poniendo todo en manos de Dios\u201d, manifest\u00f3 la alcaldesa de Arjona Esther Mar\u00eda Jalilie Garc\u00eda.<\/p>\n<p><img loading=\"lazy\" decoding=\"async\" class=\"alignright size-medium wp-image-29263\" src=\"https:\/\/www.revistazetta.com\/wp-content\/uploads\/2019\/03\/PHOTO-2019-03-13-16-50-09-300x200.jpg\" alt=\"\" width=\"300\" height=\"200\" srcset=\"https:\/\/revistazetta.com\/wp-content\/uploads\/2019\/03\/PHOTO-2019-03-13-16-50-09-300x200.jpg 300w, https:\/\/revistazetta.com\/wp-content\/uploads\/2019\/03\/PHOTO-2019-03-13-16-50-09-1024x682.jpg 1024w, https:\/\/revistazetta.com\/wp-content\/uploads\/2019\/03\/PHOTO-2019-03-13-16-50-09-219x146.jpg 219w, https:\/\/revistazetta.com\/wp-content\/uploads\/2019\/03\/PHOTO-2019-03-13-16-50-09-50x33.jpg 50w, https:\/\/revistazetta.com\/wp-content\/uploads\/2019\/03\/PHOTO-2019-03-13-16-50-09-113x75.jpg 113w, https:\/\/revistazetta.com\/wp-content\/uploads\/2019\/03\/PHOTO-2019-03-13-16-50-09.jpg 1280w\" sizes=\"auto, (max-width: 300px) 100vw, 300px\" \/>Por otra parte, la mandataria de los arjoneros recalc\u00f3 que est\u00e1n tomadas todas las estrategias necesarias para garantizar la seguridad en todo el periodo de las fiestas desde el d\u00eda de hoy. \u201cLa polic\u00eda, la Infanter\u00eda de Marina est\u00e1n preparadas y la institucionalidad tambi\u00e9n est\u00e1 preparada para recibir a propios y visitantes de una manera\u00a0 segura, pero tambi\u00e9n que disfruten cada uno de los eventos que tendr\u00e1 la agenda que se desarrollara a partir del pr\u00f3ximos s\u00e1bado en nuestro municipio\u201d, resalt\u00f3 la funcionaria.<\/p>\n<p>Estos eventos son previos a la celebraci\u00f3n de las Fiestas Tradicionales del municipio, que se realizan en honor a la Virgen de la Candelaria, las cuales inician el 16 de Marzo con el tercer Concurso de Comparsas, seguido el 17 de Marzo con la Cabalgata de Caballitos de Palo, continua el 20 de Marzo con la Tradicional Cabalgata y finalizan el lunes 25 de Marzo, tiempo en el que se desarrollar\u00e1n las cinco tardes de corralejas.<\/p>\n<p><img loading=\"lazy\" decoding=\"async\" class=\"alignright size-medium wp-image-29265\" src=\"https:\/\/www.revistazetta.com\/wp-content\/uploads\/2019\/03\/PHOTO-2019-03-13-16-50-17-300x200.jpg\" alt=\"\" width=\"300\" height=\"200\" srcset=\"https:\/\/revistazetta.com\/wp-content\/uploads\/2019\/03\/PHOTO-2019-03-13-16-50-17-300x200.jpg 300w, https:\/\/revistazetta.com\/wp-content\/uploads\/2019\/03\/PHOTO-2019-03-13-16-50-17-1024x682.jpg 1024w, https:\/\/revistazetta.com\/wp-content\/uploads\/2019\/03\/PHOTO-2019-03-13-16-50-17-219x146.jpg 219w, https:\/\/revistazetta.com\/wp-content\/uploads\/2019\/03\/PHOTO-2019-03-13-16-50-17-50x33.jpg 50w, https:\/\/revistazetta.com\/wp-content\/uploads\/2019\/03\/PHOTO-2019-03-13-16-50-17-113x75.jpg 113w, https:\/\/revistazetta.com\/wp-content\/uploads\/2019\/03\/PHOTO-2019-03-13-16-50-17.jpg 1280w\" sizes=\"auto, (max-width: 300px) 100vw, 300px\" \/><\/p>\n","protected":false},"excerpt":{"rendered":"<p>La celebraci\u00f3n del\u00a0cumplea\u00f1os\u00a0244 del municipio de Arjona, se desarroll\u00f3 en medio de un acto solemne, con una misa en la Plaza Principal, en la que participaron funcionarios de la administraci\u00f3n, Concejo Municipal, Instituciones Educativas y comunidad en general. En el desarrollo de este evento se efectuaron diferentes actividades, como lo fueron el recorrido por los stands que organizaron 4 Instituciones Educativas del municipio. En donde a trav\u00e9s de cantos, d\u00e9cimas y dramatizados destacaron los valores de la solidaridad, el respeto, la tolerancia y la reconciliaci\u00f3n. As\u00ed mismo, se desarrollaron \u00a0diferentes&#8230; <\/p>\n","protected":false},"author":3,"featured_media":29262,"comment_status":"open","ping_status":"closed","sticky":false,"template":"","format":"standard","meta":{"footnotes":"","_links_to":"","_links_to_target":""},"categories":[75,83,80],"tags":[],"class_list":["post-29261","post","type-post","status-publish","format-standard","has-post-thumbnail","hentry","category-destacada","category-municipios","category-region"],"_links":{"self":[{"href":"https:\/\/revistazetta.com\/index.php?rest_route=\/wp\/v2\/posts\/29261","targetHints":{"allow":["GET"]}}],"collection":[{"href":"https:\/\/revistazetta.com\/index.php?rest_route=\/wp\/v2\/posts"}],"about":[{"href":"https:\/\/revistazetta.com\/index.php?rest_route=\/wp\/v2\/types\/post"}],"author":[{"embeddable":true,"href":"https:\/\/revistazetta.com\/index.php?rest_route=\/wp\/v2\/users\/3"}],"replies":[{"embeddable":true,"href":"https:\/\/revistazetta.com\/index.php?rest_route=%2Fwp%2Fv2%2Fcomments&post=29261"}],"version-history":[{"count":0,"href":"https:\/\/revistazetta.com\/index.php?rest_route=\/wp\/v2\/posts\/29261\/revisions"}],"wp:featuredmedia":[{"embeddable":true,"href":"https:\/\/revistazetta.com\/index.php?rest_route=\/wp\/v2\/media\/29262"}],"wp:attachment":[{"href":"https:\/\/revistazetta.com\/index.php?rest_route=%2Fwp%2Fv2%2Fmedia&parent=29261"}],"wp:term":[{"taxonomy":"category","embeddable":true,"href":"https:\/\/revistazetta.com\/index.php?rest_route=%2Fwp%2Fv2%2Fcategories&post=29261"},{"taxonomy":"post_tag","embeddable":true,"href":"https:\/\/revistazetta.com\/index.php?rest_route=%2Fwp%2Fv2%2Ftags&post=29261"}],"curies":[{"name":"wp","href":"https:\/\/api.w.org\/{rel}","templated":true}]}}