{"id":29267,"date":"2019-03-13T17:17:47","date_gmt":"2019-03-13T22:17:47","guid":{"rendered":"http:\/\/www.revistazetta.com\/?p=29267"},"modified":"2019-03-13T17:17:47","modified_gmt":"2019-03-13T22:17:47","slug":"hacienda-distrital-capitulo-aparte-debates-del-concejo","status":"publish","type":"post","link":"https:\/\/revistazetta.com\/?p=29267","title":{"rendered":"Hacienda Distrital, cap\u00edtulo aparte en debates del Concejo"},"content":{"rendered":"<p>Entendiendo que la Secretar\u00eda de Hacienda se encuentra a\u00fan en proceso de recaudo y no se tiene priorizado\u00a0\u00a0el c\u00famulo de inversiones por Secretar\u00edas para cumplir con las metas propuestas en el Plan de Desarrollo Primero la Gente 2016-2019, el Concejo de Cartagena propuso para el mes de abril una sesi\u00f3n especial\u00a0\u00a0para revisar el comportamiento y las finanzas del Distrito\u00a0\u00a0dispuestos para culminar la vigencia fiscal 2019.<\/p>\n<p>\u201cComo se trata de saber qu\u00e9 se va hacer en el 2019, necesitamos tener mucho m\u00e1s claridad de todo el recaudo efectuado en el trimestre, y poder mirar hasta d\u00f3nde se pueda alcanzar y sobre todo lo que se pueda presentar con respecto a la reestructuraci\u00f3n administrativa y el fortalecimiento de la hacienda en proyectos de acuerdos\u201d, asever\u00f3 el concejal C\u00e9sar Augusto Pi\u00f3n Gonz\u00e1lez.<\/p>\n<p>El cabildante de la bancada de la U dijo que mientras no se tengan las herramientas necesarias\u00a0solicitadas por el concejo, se podr\u00e1 decir que el resultado de la hacienda ser\u00e1 el mismo que todos los a\u00f1os. \u201cQueremos darnos la oportunidad para que una vez pasado el trimestre de recaudos en el mes de marzo, podamos hacer en el mes de abril una evaluaci\u00f3n de la hacienda p\u00fablica y del talento humano\u201d, precis\u00f3 Pi\u00f3n Gonz\u00e1lez.<\/p>\n<p>Javier Curi Osorio, concejal por el partido Liberal, dijo que se hace importante trabajar\u00a0\u00a0en la recta final\u00a0\u00a0de la administraci\u00f3n en\u00a0\u00a0las pol\u00edticas de fortalecimiento de la hacienda p\u00fablica\u00a0\u00a0y saber en qu\u00e9 se ha\u00a0\u00a0avanzado, \u201cpor otro lado se le sigue debiendo a la ciudad un estatuto tarifario actualizado y progresivo, que compile todas las normas que se hayan expedido en materia de tributaci\u00f3n en los \u00faltimos a\u00f1os, que sea un estatuto que promueva la generaci\u00f3n de\u00a0empleo y la redistribuci\u00f3n de riquezas en la ciudad\u201d, enfatiz\u00f3 el cabildante Liberal.<\/p>\n<p><b>Recaudo del impuesto predial por trimestres<\/b><\/p>\n<p><b>\u00a0<\/b>En aras de no seguir acrecentando la cartera y con el prop\u00f3sito de\u00a0robustecer las finanzas del Distrito, el\u00a0\u00a0presidente de la corporaci\u00f3n edilicia, \u00d3scar Mar\u00edn Villalba, le propuso al Secretario de Hacienda, William Valderrama Hoyos, que estudie la posibilidad de cobrar el impuesto predial cada 3 meses, para que las familias sientan un alivio en el bolsillo y no se vean abocados a sacar de un solo tajo altas cantidades de dinero, entendiendo que en los primeros tres meses del a\u00f1o las familias se encuentran a\u00fan en los procesos de matr\u00edculas de sus hijos.<\/p>\n<p>\u201cLa idea es que los cartageneros podamos pagar el\u00a0\u00a0impuesto predial en cuatro cuotas, es decir cada tres meses, mantenemos flujo de caja, recuperamos cartera y aliviamos el bolsillo de los contribuyentes, muy a pesar de recorrer sectores de estratos 3, 4 y 5, las condiciones econ\u00f3micas de las familias en la mayor\u00eda de los casos no es muy buena\u201d, puntualiz\u00f3, Mar\u00edn Villalba.<\/p>\n<p>Dagoberto Mac\u00edas, cabildante por el partido Cambio Radical,\u00a0\u00a0le record\u00f3 al jefe de la cartera de Hacienda que\u00a0\u00a0al igual que todas las dependencias del Distrito, tiene el compromiso de medir los gastos p\u00fablicos, \u201cHacienda tiene la responsabilidad de cuantificar la inversi\u00f3n\u00a0\u00a0que se adelanta en la ciudad\u201d, indic\u00f3.<\/p>\n<p>Por \u00faltimo, el concejal por el partido Conservador, David Caballero, pidi\u00f3 al Distrito la posibilidad que exista sinergia entre la labor que viene adelantando la Secretar\u00eda de Hacienda para rescatar las finanzas de la ciudad, depositado en el recaudo que pag\u00f3 la ciudadan\u00eda con mucho esfuerzo y del cual fueron\u00a0\u00a0cercenados m\u00e1s de 34 mil millones de pesos para pagar cuentas\u00a0\u00a0del DADIS\u00a0\u00a0por cualquier tipo de embargos, \u201custed hace una buena labor, usted muestra gesti\u00f3n y al parecer existen deficiencias en la defensa jur\u00eddica del Distrito\u201d, subray\u00f3.<\/p>\n","protected":false},"excerpt":{"rendered":"<p>Entendiendo que la Secretar\u00eda de Hacienda se encuentra a\u00fan en proceso de recaudo y no se tiene priorizado\u00a0\u00a0el c\u00famulo de inversiones por Secretar\u00edas para cumplir con las metas propuestas en el Plan de Desarrollo Primero la Gente 2016-2019, el Concejo de Cartagena propuso para el mes de abril una sesi\u00f3n especial\u00a0\u00a0para revisar el comportamiento y las finanzas del Distrito\u00a0\u00a0dispuestos para culminar la vigencia fiscal 2019. \u201cComo se trata de saber qu\u00e9 se va hacer en el 2019, necesitamos tener mucho m\u00e1s claridad de todo el recaudo efectuado en el trimestre,&#8230; <\/p>\n","protected":false},"author":3,"featured_media":29268,"comment_status":"open","ping_status":"closed","sticky":false,"template":"","format":"standard","meta":{"footnotes":"","_links_to":"","_links_to_target":""},"categories":[75,27,4],"tags":[],"class_list":["post-29267","post","type-post","status-publish","format-standard","has-post-thumbnail","hentry","category-destacada","category-politicaconcejo","category-politica"],"_links":{"self":[{"href":"https:\/\/revistazetta.com\/index.php?rest_route=\/wp\/v2\/posts\/29267","targetHints":{"allow":["GET"]}}],"collection":[{"href":"https:\/\/revistazetta.com\/index.php?rest_route=\/wp\/v2\/posts"}],"about":[{"href":"https:\/\/revistazetta.com\/index.php?rest_route=\/wp\/v2\/types\/post"}],"author":[{"embeddable":true,"href":"https:\/\/revistazetta.com\/index.php?rest_route=\/wp\/v2\/users\/3"}],"replies":[{"embeddable":true,"href":"https:\/\/revistazetta.com\/index.php?rest_route=%2Fwp%2Fv2%2Fcomments&post=29267"}],"version-history":[{"count":0,"href":"https:\/\/revistazetta.com\/index.php?rest_route=\/wp\/v2\/posts\/29267\/revisions"}],"wp:featuredmedia":[{"embeddable":true,"href":"https:\/\/revistazetta.com\/index.php?rest_route=\/wp\/v2\/media\/29268"}],"wp:attachment":[{"href":"https:\/\/revistazetta.com\/index.php?rest_route=%2Fwp%2Fv2%2Fmedia&parent=29267"}],"wp:term":[{"taxonomy":"category","embeddable":true,"href":"https:\/\/revistazetta.com\/index.php?rest_route=%2Fwp%2Fv2%2Fcategories&post=29267"},{"taxonomy":"post_tag","embeddable":true,"href":"https:\/\/revistazetta.com\/index.php?rest_route=%2Fwp%2Fv2%2Ftags&post=29267"}],"curies":[{"name":"wp","href":"https:\/\/api.w.org\/{rel}","templated":true}]}}