{"id":29269,"date":"2019-03-14T07:11:48","date_gmt":"2019-03-14T12:11:48","guid":{"rendered":"http:\/\/www.revistazetta.com\/?p=29269"},"modified":"2019-03-14T07:13:33","modified_gmt":"2019-03-14T12:13:33","slug":"orbita-politica-john-zamora-jueves-14-marzo-2019","status":"publish","type":"post","link":"https:\/\/revistazetta.com\/?p=29269","title":{"rendered":"\u00d3rbita Pol\u00edtica de John Zamora &#8211; jueves 14 de marzo de 2019"},"content":{"rendered":"<p><strong>Audiencia para D\u00eda sin Carro<\/strong><\/p>\n<p>El 22 de septiembre es la fecha que se contempla en un proyecto de acuerdo para el D\u00eda sin Carro en Cartagena. La iniciativa debe cumplir con un tr\u00e1mite, que incluye una audiencia p\u00fablica, la que se program\u00f3 para este martes 19 de marzo.<\/p>\n<p>Ese mismo d\u00eda se har\u00e1 la audiencia al proyecto que establece beneficios tributarios a las empresas que contraten y vinculen mujeres cabeza de hogar.<\/p>\n<p>Los dos proyectos son del inquieto C\u00e9sar Pi\u00f3n Gonz\u00e1lez, del partido de la U.<\/p>\n<p>Este es el texto de las citaciones hechas por la Secretar\u00eda del Concejo:<\/p>\n<p><span style=\"color: #0000ff;\"><em>Por medio de la presente me permito informarles que el d\u00eda\u00a0<strong>MARTES 19 DE MARZO DE 2019<\/strong>, a partir de las 09:00 a.m.,\u00a0se llevar\u00e1 a cabo en esta Corporaci\u00f3n la\u00a0Audiencia\u00a0Publica\u00a0de los siguientes Proyectos de Acuerdo:<\/em><\/span><\/p>\n<p><span style=\"color: #0000ff;\"><strong><em>PROYECTO DE ACUERDO No. 144\u00a0<\/em><\/strong><em>\u201cMediante el cual se institucionaliza la \u00faltima semana del mes de septiembre de cada a\u00f1o como la semana de la movilidad sostenible y la seguridad vial y se define el\u00a0D\u00eda\u00a022 de septiembre como el\u00a0D\u00eda\u00a0sin carro y sin moto\u201d<\/em><\/span><\/p>\n<p><span style=\"color: #0000ff;\"><strong><em>PROYECTO DE ACUERDO 145<\/em><\/strong><em>\u00a0\u201cMediante el cual se faculta y se solicita al Alcalde para que presente un Acuerdo que fortalezca la inclusi\u00f3n de genero mediante beneficios tributarios a quienes contraten y vinculen mujeres cabeza de hogar y de otras condiciones en sus empresas\u201d.<\/em><\/span><\/p>\n<p><span style=\"color: #0000ff;\"><em>Para tales efectos, adjuntamos\u00a0los Proyectos de Acuerdo arriba anotado, y\u00a0Se declaran abiertas las inscripciones para todas las personas naturales y jur\u00eddicas, interesadas en participar en la\u00a0Audiencias\u00a0P\u00fablica\u00a0y deber\u00e1n inscribirse en la Secretar\u00eda General del Concejo, previo al inicio de la\u00a0Audiencia\u00a0P\u00fablica\u00a0presentando ponencia por escrito conforme al Reglamento Interno de la Corporaci\u00f3n.<\/em><\/span><\/p>\n<p><span style=\"color: #0000ff;\"><em>Esperamos contar con su valiosa Asistencia.<\/em><\/span><\/p>\n<p><span style=\"color: #0000ff;\"><em>Atentamente,<\/em><\/span><\/p>\n<p><span style=\"color: #0000ff;\"><strong><em>CLEMENTE LUIS POLO PAZ<\/em><\/strong><\/span><\/p>\n<p><span style=\"color: #0000ff;\"><strong><em>Secretario General<\/em><\/strong><\/span><\/p>\n<p>&nbsp;<\/p>\n<p><strong>Tard\u00edo y sin ambiente<\/strong><\/p>\n<p>Los diputados de Bol\u00edvar quieren que se acabe el uso del asbesto en Colombia y por eso conf\u00edan en que fructifique la tarea de tantos a\u00f1os de la senadora Nadia Blel en ese empe\u00f1o. Pero ahora el tema les ha llegado a sus curules, y aunque quieren aportar su grano de arena, dos consideraciones se las van a impedir.<\/p>\n<p>En efecto, hay un proyecto de ordenanza que busca prohibir el uso de asbesto en las obras que contrate la administraci\u00f3n departamental, lo que les suena plausible. No obstante, hay dos obst\u00e1culos: uno, que es un proyecto tard\u00edo, pues no se explican c\u00f3mo, luego de ser la abolici\u00f3n del asbesto uno de los proyectos de ley m\u00e1s importantes, apenas ahora llega el tema a la Asamblea.<\/p>\n<p>Pero eso no es la preocupaci\u00f3n de fondo: lo que m\u00e1s les preocupa es la legalidad de la iniciativa. Temen que escape a las funciones de las asambleas la expedici\u00f3n de normas de contrataci\u00f3n estatal, y temen que no falte quien les denuncie ante la Procuradur\u00eda o Fiscal\u00eda, y lo que menos quieren es que por una indelicadeza se repita la historia del Concejo de Cartagena.<\/p>\n<p>Le reconocen al autor del proyecto de ordenanza, Manuel Berr\u00edo Scaff, -primo de la senadora Blel Scaff- su voluntad para traer el tema a la Asamblea.<\/p>\n<p>Vaticinio: hamaca.<\/p>\n<p>&nbsp;<\/p>\n<p><strong>Juan Al\u00edes con Nabil<\/strong><\/p>\n<p>Esta ser\u00e1 la batalla n\u00famero diez mil que libra el veterano Juan Al\u00edes, quien desde su agitada \u00e9poca de la juventud comunista, no ha cesado en su activismo pol\u00edtico. Ahora est\u00e1 al lado de Nabil B\u00e1ladi, a quien viene acompa\u00f1ando en sus visitas a los barrios, en la ambientaci\u00f3n de su candidatura a la Alcald\u00eda de Cartagena con el aval del Polo Democr\u00e1tico.<\/p>\n<p>A prop\u00f3sito de Nabil, en breve dejar\u00e1 sus responsabilidades como director del noticiero del Canal Cartagena, y les contaremos c\u00f3mo queda el equipo period\u00edstico, pues tambi\u00e9n se contempla la salida del editor pol\u00edtico Orlando Garc\u00eda, quien se contagi\u00f3 del activismo de su jefe y piensa tambi\u00e9n en la Alcald\u00eda\u2026 pero de Turbana.<\/p>\n","protected":false},"excerpt":{"rendered":"<p>Audiencia para D\u00eda sin Carro El 22 de septiembre es la fecha que se contempla en un proyecto de acuerdo para el D\u00eda sin Carro en Cartagena. La iniciativa debe cumplir con un tr\u00e1mite, que incluye una audiencia p\u00fablica, la que se program\u00f3 para este martes 19 de marzo. Ese mismo d\u00eda se har\u00e1 la audiencia al proyecto que establece beneficios tributarios a las empresas que contraten y vinculen mujeres cabeza de hogar. Los dos proyectos son del inquieto C\u00e9sar Pi\u00f3n Gonz\u00e1lez, del partido de la U. Este es el&#8230; <\/p>\n","protected":false},"author":3,"featured_media":29270,"comment_status":"open","ping_status":"closed","sticky":false,"template":"","format":"standard","meta":{"footnotes":"","_links_to":"","_links_to_target":""},"categories":[75,44,45],"tags":[],"class_list":["post-29269","post","type-post","status-publish","format-standard","has-post-thumbnail","hentry","category-destacada","category-materiagris","category-orbita"],"_links":{"self":[{"href":"https:\/\/revistazetta.com\/index.php?rest_route=\/wp\/v2\/posts\/29269","targetHints":{"allow":["GET"]}}],"collection":[{"href":"https:\/\/revistazetta.com\/index.php?rest_route=\/wp\/v2\/posts"}],"about":[{"href":"https:\/\/revistazetta.com\/index.php?rest_route=\/wp\/v2\/types\/post"}],"author":[{"embeddable":true,"href":"https:\/\/revistazetta.com\/index.php?rest_route=\/wp\/v2\/users\/3"}],"replies":[{"embeddable":true,"href":"https:\/\/revistazetta.com\/index.php?rest_route=%2Fwp%2Fv2%2Fcomments&post=29269"}],"version-history":[{"count":0,"href":"https:\/\/revistazetta.com\/index.php?rest_route=\/wp\/v2\/posts\/29269\/revisions"}],"wp:featuredmedia":[{"embeddable":true,"href":"https:\/\/revistazetta.com\/index.php?rest_route=\/wp\/v2\/media\/29270"}],"wp:attachment":[{"href":"https:\/\/revistazetta.com\/index.php?rest_route=%2Fwp%2Fv2%2Fmedia&parent=29269"}],"wp:term":[{"taxonomy":"category","embeddable":true,"href":"https:\/\/revistazetta.com\/index.php?rest_route=%2Fwp%2Fv2%2Fcategories&post=29269"},{"taxonomy":"post_tag","embeddable":true,"href":"https:\/\/revistazetta.com\/index.php?rest_route=%2Fwp%2Fv2%2Ftags&post=29269"}],"curies":[{"name":"wp","href":"https:\/\/api.w.org\/{rel}","templated":true}]}}