{"id":29272,"date":"2019-03-14T10:57:50","date_gmt":"2019-03-14T15:57:50","guid":{"rendered":"http:\/\/www.revistazetta.com\/?p=29272"},"modified":"2019-03-14T10:57:50","modified_gmt":"2019-03-14T15:57:50","slug":"habitantes-la-calle-esta-distrito","status":"publish","type":"post","link":"https:\/\/revistazetta.com\/?p=29272","title":{"rendered":"Habitantes de la calle: \u00bfQu\u00e9 est\u00e1 haciendo el Distrito?"},"content":{"rendered":"<p>Pol\u00edtica p\u00fablica, censo, hogares de paso y zonas de mayor incidencia son los principales interrogantes que formul\u00f3 el Concejo Distrital respecto de la situaci\u00f3n de habitantes de calle.<\/p>\n<p>El concejal Wilson Toncel Ochoa present\u00f3 una proposici\u00f3n \u2013aprobada por la plenaria- sobre el crecimiento descontrolado de los habitantes de la calle en Cartagena, sin claridad de las pol\u00edticas p\u00fablicas implementadas por el Distrito frente a esta problem\u00e1tica.<\/p>\n<p>Las interrogantes los deber\u00e1n despejar las entidades citadas: Secretaria de Participaci\u00f3n y Desarrollo Social, Secretar\u00eda de Planeaci\u00f3n Distrital y el Instituto Colombiano del Bienestar Familiar Seccional Bol\u00edvar.<\/p>\n<p>En concreto, los interrogantes son:<\/p>\n<ol>\n<li>Cu\u00e1l es el estado actual y el avance de las pol\u00edticas P\u00fabicas que se pretenden implementar por el Distrito para atacar la problem\u00e1tica de los habitantes de la Calle en la Ciudad de Cartagena?<\/li>\n<li>Se tiene identificado mediante un censo, con exactitud por lo menos hasta Diciembre de 2.018, de cuantas personas hacen parte de esta poblaci\u00f3n denominadas habitantes de la calle en la Ciudad de Cartagena?<\/li>\n<li>Ind\u00edquese si a la fecha existe un lugar de paso contratado por el Distrito, con el prop\u00f3sito de atender a esta poblaci\u00f3n.<\/li>\n<li>Cu\u00e1les y cuantas son las Zonas afectadas frente a la problem\u00e1tica?.<\/li>\n<li>Ind\u00edquese a esta corporaci\u00f3n, cuales son las medidas urgentes que se han tomado por parte del Distrito para proteger a los menores de edad que se encuentran incluidos en la poblaci\u00f3n de habitantes de la calle?<\/li>\n<li>Explique de existir, cuales son las pol\u00edticas p\u00fablicas encaminadas a la protecci\u00f3n del medio ambiente, como quiera que en su mayor\u00eda los lugares de asentamiento de la Poblaci\u00f3n de los habitantes de la calle, se han convertido en sectores con basureros sat\u00e9lites. Lo que afecta sin duda alguna el disfrute del Derecho Constitucional a un ambiente sano para todos los cartageneros y visitantes.<\/li>\n<\/ol>\n<p>&nbsp;<\/p>\n<p>Seg\u00fan Toncel Ochoa,en los \u00faltimos a\u00f1os la ciudad de Cartagena ha tenido un aumento descontrolado y desproporcionado de los habitantes de calle, sin que se conozcan con claridad por parte de esta Corporaci\u00f3n y de los Cartageneros,\u00a0 las pol\u00edticas p\u00fablicas implementadas o a implementarse por el Distrito de Cartagena frente a esta problem\u00e1tica, que aqueja a gran parte de la ciudad y afecta no solo a los residentes, sino visitantes.<\/p>\n<p>En su proposici\u00f3n se\u00f1ala que esta problem\u00e1tica ha tra\u00eddo consigo el aumento de la inseguridad, el microtr\u00e1fico, plazas, parques y calles convertidos en ba\u00f1os p\u00fablicos, y basureros sat\u00e9lites en sectores ya establecidos y reconocidos en la ciudad, como lo es Pie de la Popa, Pie del Cerro, Av. Del Lago, Getseman\u00ed, Mercado de Bazurto, Centro, San Diego, Bocagrande, Transversal 54 a la altura del puente de Ceballos, Crespo, La Boquilla, entre otros sectores.<\/p>\n<p>\u201cDe no atenderse de manera seria, rigurosa y constante a esta poblaci\u00f3n y sus necesidades b\u00e1sicas insatisfechas, con unas pol\u00edticas p\u00fablicas urgentes y sostenibles a lo largo del tiempo, en cuanto a Educaci\u00f3n, Salud y otras necesidades, gran parte de esta poblaci\u00f3n, seguir\u00e1 optando por elegir caminos indeseados cometiendo delitos como hurtos y tr\u00e1fico de estupefacientes entre otros. Que se desencadenan en los \u00edndices de inseguridad que tenemos hoy en d\u00eda en Cartagena de Indias, sumado obviamente a otros factores como el pandilismo y grupos armados entre otros\u201d, dijo el cabildante.<\/p>\n<p>Por otra parte existe una preocupaci\u00f3n aun mayor, y es que dentro de ese grupo de personas, hay muchos menores de edad, en su mayor\u00eda sin padres, los cuales se dedican a pedir limosnas, algunos enfermos, otros sometidos a abusos sexuales y al consumo de drogas; situaci\u00f3n que agrava m\u00e1s el panorama actual de la ciudad; ya que no se sabe cu\u00e1les son las pol\u00edticas p\u00fablicas implementadas o a implementar por el Distrito de la mano del Instituto Colombiano del Bienestar Familiar Seccional Bol\u00edvar,\u00a0 encaminadas a lograr sacar de las calles a estos menores de edad, y lograr sean vincularlos a distintos programas educativos, de salud e incluso una vez rescatados de estos ambientes puedan ser incluidos en los programas de adopci\u00f3n mediante el Instituto Colombiano del Bienestar Familiar Seccional Bol\u00edvar.<\/p>\n","protected":false},"excerpt":{"rendered":"<p>Pol\u00edtica p\u00fablica, censo, hogares de paso y zonas de mayor incidencia son los principales interrogantes que formul\u00f3 el Concejo Distrital respecto de la situaci\u00f3n de habitantes de calle. El concejal Wilson Toncel Ochoa present\u00f3 una proposici\u00f3n \u2013aprobada por la plenaria- sobre el crecimiento descontrolado de los habitantes de la calle en Cartagena, sin claridad de las pol\u00edticas p\u00fablicas implementadas por el Distrito frente a esta problem\u00e1tica. Las interrogantes los deber\u00e1n despejar las entidades citadas: Secretaria de Participaci\u00f3n y Desarrollo Social, Secretar\u00eda de Planeaci\u00f3n Distrital y el Instituto Colombiano del Bienestar&#8230; <\/p>\n","protected":false},"author":3,"featured_media":29273,"comment_status":"open","ping_status":"closed","sticky":false,"template":"","format":"standard","meta":{"footnotes":"","_links_to":"","_links_to_target":""},"categories":[75,27,4],"tags":[],"class_list":["post-29272","post","type-post","status-publish","format-standard","has-post-thumbnail","hentry","category-destacada","category-politicaconcejo","category-politica"],"_links":{"self":[{"href":"https:\/\/revistazetta.com\/index.php?rest_route=\/wp\/v2\/posts\/29272","targetHints":{"allow":["GET"]}}],"collection":[{"href":"https:\/\/revistazetta.com\/index.php?rest_route=\/wp\/v2\/posts"}],"about":[{"href":"https:\/\/revistazetta.com\/index.php?rest_route=\/wp\/v2\/types\/post"}],"author":[{"embeddable":true,"href":"https:\/\/revistazetta.com\/index.php?rest_route=\/wp\/v2\/users\/3"}],"replies":[{"embeddable":true,"href":"https:\/\/revistazetta.com\/index.php?rest_route=%2Fwp%2Fv2%2Fcomments&post=29272"}],"version-history":[{"count":0,"href":"https:\/\/revistazetta.com\/index.php?rest_route=\/wp\/v2\/posts\/29272\/revisions"}],"wp:featuredmedia":[{"embeddable":true,"href":"https:\/\/revistazetta.com\/index.php?rest_route=\/wp\/v2\/media\/29273"}],"wp:attachment":[{"href":"https:\/\/revistazetta.com\/index.php?rest_route=%2Fwp%2Fv2%2Fmedia&parent=29272"}],"wp:term":[{"taxonomy":"category","embeddable":true,"href":"https:\/\/revistazetta.com\/index.php?rest_route=%2Fwp%2Fv2%2Fcategories&post=29272"},{"taxonomy":"post_tag","embeddable":true,"href":"https:\/\/revistazetta.com\/index.php?rest_route=%2Fwp%2Fv2%2Ftags&post=29272"}],"curies":[{"name":"wp","href":"https:\/\/api.w.org\/{rel}","templated":true}]}}