{"id":29274,"date":"2019-03-14T23:51:46","date_gmt":"2019-03-15T04:51:46","guid":{"rendered":"http:\/\/www.revistazetta.com\/?p=29274"},"modified":"2019-03-14T23:51:46","modified_gmt":"2019-03-15T04:51:46","slug":"renace-san-felipe-neri","status":"publish","type":"post","link":"https:\/\/revistazetta.com\/?p=29274","title":{"rendered":"Renace el San Felipe Neri"},"content":{"rendered":"<blockquote><p><strong>Con una inversi\u00f3n $8.430 millones, el Distrito de Cartagena cambiar\u00e1 la vida de 1.600 estudiantes.\u00a0En 8 meses la comunidad educativa de esta instituci\u00f3n podr\u00e1 disfrutar de un ambiente de aprendizaje digno para la vida y la felicidad.<\/strong><\/p><\/blockquote>\n<p><img loading=\"lazy\" decoding=\"async\" class=\"alignright wp-image-29277 size-large\" src=\"https:\/\/www.revistazetta.com\/wp-content\/uploads\/2019\/03\/PHOTO-2019-03-14-17-42-01-1024x682.jpg\" alt=\"\" width=\"1024\" height=\"682\" srcset=\"https:\/\/revistazetta.com\/wp-content\/uploads\/2019\/03\/PHOTO-2019-03-14-17-42-01-1024x682.jpg 1024w, https:\/\/revistazetta.com\/wp-content\/uploads\/2019\/03\/PHOTO-2019-03-14-17-42-01-300x200.jpg 300w, https:\/\/revistazetta.com\/wp-content\/uploads\/2019\/03\/PHOTO-2019-03-14-17-42-01-219x146.jpg 219w, https:\/\/revistazetta.com\/wp-content\/uploads\/2019\/03\/PHOTO-2019-03-14-17-42-01-50x33.jpg 50w, https:\/\/revistazetta.com\/wp-content\/uploads\/2019\/03\/PHOTO-2019-03-14-17-42-01-113x75.jpg 113w, https:\/\/revistazetta.com\/wp-content\/uploads\/2019\/03\/PHOTO-2019-03-14-17-42-01.jpg 1280w\" sizes=\"auto, (max-width: 1024px) 100vw, 1024px\" \/><\/p>\n<p>En medio de gestos de alegr\u00eda, m\u00fasica y baile, como una muestra de agradecimiento de la comunidad educativa por este logro, el alcalde, Pedrito Pereira Caballero, firm\u00f3 en la tarde de hoy el acta de inicio de las obras de remodelaci\u00f3n y construcci\u00f3n del megacolegio San Felipe Neri, cumpliendo una vez m\u00e1s con la comunidad cartagenera.<br \/>\n\u201cEl acto que hoy nos congrega es uno de los m\u00e1s significativos y altamente emotivos que he presidido en cinco meses de encargo. Representa una gran conquista de esta comunidad educativa y de la ciudadan\u00eda en la defensa de sus derechos a una educaci\u00f3n digna y segura\u201d, manifest\u00f3 Pedrito Pereira Caballero.<br \/>\nLas peticiones, clamores y exigencias de esta comunidad afectada que no encontraron receptividad en el pasado motivaron al mandatario a sacar adelante este proyecto. Por eso no dud\u00f3 en pedir celeridad a los contratistas para que los estudiantes de grado once reciban grado de bachiller en este plantel.<br \/>\nEsta obra beneficiar\u00e1 a 1.600 estudiantes, padres de familia, docentes y vecinos del sector. A su vez mejorar\u00e1 el entorno de la zona y ayudar\u00e1 a construir un imaginario diferente del barrio Olaya Herrera.<br \/>\n<img loading=\"lazy\" decoding=\"async\" class=\"alignright size-medium wp-image-29276\" src=\"https:\/\/www.revistazetta.com\/wp-content\/uploads\/2019\/03\/PHOTO-2019-03-14-17-42-00-300x200.jpg\" alt=\"\" width=\"300\" height=\"200\" srcset=\"https:\/\/revistazetta.com\/wp-content\/uploads\/2019\/03\/PHOTO-2019-03-14-17-42-00-300x200.jpg 300w, https:\/\/revistazetta.com\/wp-content\/uploads\/2019\/03\/PHOTO-2019-03-14-17-42-00-1024x682.jpg 1024w, https:\/\/revistazetta.com\/wp-content\/uploads\/2019\/03\/PHOTO-2019-03-14-17-42-00-219x146.jpg 219w, https:\/\/revistazetta.com\/wp-content\/uploads\/2019\/03\/PHOTO-2019-03-14-17-42-00-50x33.jpg 50w, https:\/\/revistazetta.com\/wp-content\/uploads\/2019\/03\/PHOTO-2019-03-14-17-42-00-113x75.jpg 113w, https:\/\/revistazetta.com\/wp-content\/uploads\/2019\/03\/PHOTO-2019-03-14-17-42-00.jpg 1280w\" sizes=\"auto, (max-width: 300px) 100vw, 300px\" \/>\u201cLos estudiantes del San Felipe Neri est\u00e1n rompiendo los imaginarios de los j\u00f3venes de Olaya, que muchos consideran conflictivos. Pero su compartimiento en los colegios que hoy los reciben es intachable\u201d, manifest\u00f3 con orgullo Remberto Navas, rector del Colegio San Felipe Neri.<br \/>\nLos padres de familia no cab\u00edan de la emoci\u00f3n porque el Alcalde les dio una luz de esperanza cuando cre\u00edan que todo estaba acabado. \u201cLleg\u00f3 el momento que cre\u00edmos que era imposible, pero con la unidad, y gracias al apoyo que tuvimos del Alcalde desde el primer d\u00eda, hoy vemos que es una realidad\u201d, manifest\u00f3 Miryam Madrid Lagares, representante del Consejo de Padres de Familia.<br \/>\nDurante el acto de colocaci\u00f3n de la primeria piedra acompa\u00f1aron al alcalde Pedrito Pereira, la secretaria de Infraestructura, Clara Calder\u00f3n, la secretaria de Educaci\u00f3n Claudia Almeida y el contratista de la obra, Elkin Estrada.<br \/>\nAnte el deterioro del plantel educativo y por seguridad, los estudiantes de la instituci\u00f3n educativa fueron trasladados a diferentes instituciones. Un total de 1.075 a la I.E Nuevo Bosque, y 572 a la I.E nuestra Se\u00f1ora del Carmen (Departamental), garantizando su jornada acad\u00e9mica de forma normal. Igualmente, el Distrito, a trav\u00e9s de la Secretar\u00eda de Educaci\u00f3n ha garantizado de forma permanente la seguridad y protecci\u00f3n de los estudiantes.<br \/>\n<strong><img loading=\"lazy\" decoding=\"async\" class=\"alignright size-medium wp-image-29279\" src=\"https:\/\/www.revistazetta.com\/wp-content\/uploads\/2019\/03\/PHOTO-2019-03-14-17-42-04-300x200.jpg\" alt=\"\" width=\"300\" height=\"200\" srcset=\"https:\/\/revistazetta.com\/wp-content\/uploads\/2019\/03\/PHOTO-2019-03-14-17-42-04-300x200.jpg 300w, https:\/\/revistazetta.com\/wp-content\/uploads\/2019\/03\/PHOTO-2019-03-14-17-42-04-1024x682.jpg 1024w, https:\/\/revistazetta.com\/wp-content\/uploads\/2019\/03\/PHOTO-2019-03-14-17-42-04-219x146.jpg 219w, https:\/\/revistazetta.com\/wp-content\/uploads\/2019\/03\/PHOTO-2019-03-14-17-42-04-50x33.jpg 50w, https:\/\/revistazetta.com\/wp-content\/uploads\/2019\/03\/PHOTO-2019-03-14-17-42-04-113x75.jpg 113w, https:\/\/revistazetta.com\/wp-content\/uploads\/2019\/03\/PHOTO-2019-03-14-17-42-04.jpg 1280w\" sizes=\"auto, (max-width: 300px) 100vw, 300px\" \/>La obra<\/strong><br \/>\nLa nueva edificaci\u00f3n, cuya licencia de construcci\u00f3n fue aprobada en el mes de febrero, luego de observaciones jur\u00eddicas, arquitect\u00f3nicas y estructurales, tiene una inversi\u00f3n de 8.430 millones de pesos, y debe ser ejecutado en un plazo de 8 meses por el consorcio \u201cColegio Neri 2017\u201d.<br \/>\nClara Calder\u00f3n, secretaria de Infraestructura, manifest\u00f3 que el \u00e1rea de construcci\u00f3n ser\u00e1 de 5.870 metros cuadrados. \u201cEste proyecto educativo tendr\u00e1 en el primer piso: porter\u00eda, \u00e1rea administrativa, enfermer\u00eda, 2 aulas, 3 aulas con ba\u00f1o, 3 bater\u00edas de ba\u00f1os, despensa, cocina, comedor, biblioteca, auditorio, cancha m\u00faltiple y 26 celdas de parqueo\u201d, Indic\u00f3.<br \/>\nEl segundo piso consta de 11 aulas, 2 aulas con ba\u00f1os, 2 laboratorios, sal\u00f3n de inform\u00e1tica, oficina de profesores, y 2 bater\u00edas de ba\u00f1os.<br \/>\nEl tercer piso tendr\u00e1 17 aulas, 2 aulas con ba\u00f1os, sala de inform\u00e1tica, y 2 bater\u00edas de ba\u00f1o.<\/p>\n","protected":false},"excerpt":{"rendered":"<p>Con una inversi\u00f3n $8.430 millones, el Distrito de Cartagena cambiar\u00e1 la vida de 1.600 estudiantes.\u00a0En 8 meses la comunidad educativa de esta instituci\u00f3n podr\u00e1 disfrutar de un ambiente de aprendizaje digno para la vida y la felicidad. En medio de gestos de alegr\u00eda, m\u00fasica y baile, como una muestra de agradecimiento de la comunidad educativa por este logro, el alcalde, Pedrito Pereira Caballero, firm\u00f3 en la tarde de hoy el acta de inicio de las obras de remodelaci\u00f3n y construcci\u00f3n del megacolegio San Felipe Neri, cumpliendo una vez m\u00e1s con&#8230; <\/p>\n","protected":false},"author":3,"featured_media":29281,"comment_status":"open","ping_status":"closed","sticky":false,"template":"","format":"standard","meta":{"footnotes":"","_links_to":"","_links_to_target":""},"categories":[75,32],"tags":[],"class_list":["post-29274","post","type-post","status-publish","format-standard","has-post-thumbnail","hentry","category-destacada","category-actualidad-distrito"],"_links":{"self":[{"href":"https:\/\/revistazetta.com\/index.php?rest_route=\/wp\/v2\/posts\/29274","targetHints":{"allow":["GET"]}}],"collection":[{"href":"https:\/\/revistazetta.com\/index.php?rest_route=\/wp\/v2\/posts"}],"about":[{"href":"https:\/\/revistazetta.com\/index.php?rest_route=\/wp\/v2\/types\/post"}],"author":[{"embeddable":true,"href":"https:\/\/revistazetta.com\/index.php?rest_route=\/wp\/v2\/users\/3"}],"replies":[{"embeddable":true,"href":"https:\/\/revistazetta.com\/index.php?rest_route=%2Fwp%2Fv2%2Fcomments&post=29274"}],"version-history":[{"count":0,"href":"https:\/\/revistazetta.com\/index.php?rest_route=\/wp\/v2\/posts\/29274\/revisions"}],"wp:featuredmedia":[{"embeddable":true,"href":"https:\/\/revistazetta.com\/index.php?rest_route=\/wp\/v2\/media\/29281"}],"wp:attachment":[{"href":"https:\/\/revistazetta.com\/index.php?rest_route=%2Fwp%2Fv2%2Fmedia&parent=29274"}],"wp:term":[{"taxonomy":"category","embeddable":true,"href":"https:\/\/revistazetta.com\/index.php?rest_route=%2Fwp%2Fv2%2Fcategories&post=29274"},{"taxonomy":"post_tag","embeddable":true,"href":"https:\/\/revistazetta.com\/index.php?rest_route=%2Fwp%2Fv2%2Ftags&post=29274"}],"curies":[{"name":"wp","href":"https:\/\/api.w.org\/{rel}","templated":true}]}}