{"id":29288,"date":"2019-03-15T01:11:58","date_gmt":"2019-03-15T06:11:58","guid":{"rendered":"http:\/\/www.revistazetta.com\/?p=29288"},"modified":"2019-03-15T01:11:58","modified_gmt":"2019-03-15T06:11:58","slug":"orbita-politica-john-zamora-viernes-15-marzo-2019","status":"publish","type":"post","link":"https:\/\/revistazetta.com\/?p=29288","title":{"rendered":"\u00d3rbita Pol\u00edtica de John Zamora &#8211; Viernes 15 de marzo de 2019"},"content":{"rendered":"<p><strong>Que vengan los proyectos<\/strong><\/p>\n<p>Van dos semanas de sesiones ordinarias y a\u00fan el Ejecutivo no radica los proyectos de acuerdo que anunci\u00f3. El presidente del Concejo, \u00d3scar Mar\u00edn, se mostr\u00f3 extra\u00f1ado por la tardanza, pero dijo que los concejales est\u00e1n listos para darles tr\u00e1mite.<\/p>\n<p>&nbsp;<\/p>\n<p><strong>C\u00f3rdoba en Facebook<\/strong><\/p>\n<p>El aspirante a la Alcald\u00eda por el partido Alianza Verde, Armando C\u00f3rdoba, habilit\u00f3 en su cuenta de Facebook un espacio para comunicarse con sus simpatizantes y ciudadan\u00eda en general. Dijo que ese es su estilo de trabajo y que cuando sea alcalde acrecentar\u00e1 su labor de la mano de la comunidad. Anunci\u00f3 la constituci\u00f3n de Asambleas Populares Ciudadanas en barrios y corregimientos. El pueblo en el gobierno\u2026<\/p>\n<p>&nbsp;<\/p>\n<p><strong>Acordeonero y guacharaquero<\/strong><\/p>\n<p>En Arjona est\u00e1n de fiesta. El municipio cumpli\u00f3 244 a\u00f1os con actos culturales como las tradicionales corralejas y el Festival de Acordeones. En la Casa de la Cultura se cumpli\u00f3 un acto especial donde el gobernador Dumek Turbay entreg\u00f3 varios acordeones, cajas y guacharacas para apoyar a los nuevos ejecutantes de esta expresi\u00f3n musical. Cuando fue invitado a acompa\u00f1ar a uno de los j\u00f3venes acordeoneros, no dud\u00f3 en tomar una guacharaca y rasgarla con relativo acierto, pero dicen que es mejor jugando f\u00fatbol.<\/p>\n<p>&nbsp;<\/p>\n","protected":false},"excerpt":{"rendered":"<p>Que vengan los proyectos Van dos semanas de sesiones ordinarias y a\u00fan el Ejecutivo no radica los proyectos de acuerdo que anunci\u00f3. El presidente del Concejo, \u00d3scar Mar\u00edn, se mostr\u00f3 extra\u00f1ado por la tardanza, pero dijo que los concejales est\u00e1n listos para darles tr\u00e1mite. &nbsp; C\u00f3rdoba en Facebook El aspirante a la Alcald\u00eda por el partido Alianza Verde, Armando C\u00f3rdoba, habilit\u00f3 en su cuenta de Facebook un espacio para comunicarse con sus simpatizantes y ciudadan\u00eda en general. Dijo que ese es su estilo de trabajo y que cuando sea alcalde&#8230; <\/p>\n","protected":false},"author":3,"featured_media":29289,"comment_status":"open","ping_status":"closed","sticky":false,"template":"","format":"standard","meta":{"footnotes":"","_links_to":"","_links_to_target":""},"categories":[75,44,45],"tags":[],"class_list":["post-29288","post","type-post","status-publish","format-standard","has-post-thumbnail","hentry","category-destacada","category-materiagris","category-orbita"],"_links":{"self":[{"href":"https:\/\/revistazetta.com\/index.php?rest_route=\/wp\/v2\/posts\/29288","targetHints":{"allow":["GET"]}}],"collection":[{"href":"https:\/\/revistazetta.com\/index.php?rest_route=\/wp\/v2\/posts"}],"about":[{"href":"https:\/\/revistazetta.com\/index.php?rest_route=\/wp\/v2\/types\/post"}],"author":[{"embeddable":true,"href":"https:\/\/revistazetta.com\/index.php?rest_route=\/wp\/v2\/users\/3"}],"replies":[{"embeddable":true,"href":"https:\/\/revistazetta.com\/index.php?rest_route=%2Fwp%2Fv2%2Fcomments&post=29288"}],"version-history":[{"count":0,"href":"https:\/\/revistazetta.com\/index.php?rest_route=\/wp\/v2\/posts\/29288\/revisions"}],"wp:featuredmedia":[{"embeddable":true,"href":"https:\/\/revistazetta.com\/index.php?rest_route=\/wp\/v2\/media\/29289"}],"wp:attachment":[{"href":"https:\/\/revistazetta.com\/index.php?rest_route=%2Fwp%2Fv2%2Fmedia&parent=29288"}],"wp:term":[{"taxonomy":"category","embeddable":true,"href":"https:\/\/revistazetta.com\/index.php?rest_route=%2Fwp%2Fv2%2Fcategories&post=29288"},{"taxonomy":"post_tag","embeddable":true,"href":"https:\/\/revistazetta.com\/index.php?rest_route=%2Fwp%2Fv2%2Ftags&post=29288"}],"curies":[{"name":"wp","href":"https:\/\/api.w.org\/{rel}","templated":true}]}}