{"id":29290,"date":"2019-03-15T07:25:10","date_gmt":"2019-03-15T12:25:10","guid":{"rendered":"http:\/\/www.revistazetta.com\/?p=29290"},"modified":"2019-03-15T07:25:10","modified_gmt":"2019-03-15T12:25:10","slug":"compromiso-la-gente-luis-daniel-vargas","status":"publish","type":"post","link":"https:\/\/revistazetta.com\/?p=29290","title":{"rendered":"\u00abNuestro compromiso es la gente\u00bb: Luis Daniel Vargas"},"content":{"rendered":"<p>El exgobernador de Bol\u00edvar, Luis Daniel Vargas, quiere volver a ese cargo de elecci\u00f3n popular y para ello est\u00e1 pidiendo el aval de su partido, el Liberal, y adem\u00e1s formulando una plataforma program\u00e1tica que ha denominado \u00abPor un Bol\u00edvar sobresaliente, nuestro compromiso es la gente\u00bb.<\/p>\n<p>En las visitas que viene realizando en barrios de Cartagena y municipios de Bol\u00edvar, Vargas S\u00e1nchez resume su propuesta en ejes tem\u00e1ticos, as\u00ed:<\/p>\n<p><span style=\"color: #000080;\"><em>EJES TEMATICOS DEL PROYECTO \u201cPOR UN BOLIVAR SOBRESALIENTE, NUESTRO COMPROMISO ES LA GENTE\u201d.<\/em><\/span><br \/>\n<span style=\"color: #000080;\"><em>\u00a0<\/em><\/span><br \/>\n<span style=\"color: #000080;\"><em>1-EDUCACION, CULTURA Y DEPORTES.<\/em><\/span><br \/>\n<span style=\"color: #000080;\"><em>\u00a0<\/em><\/span><br \/>\n<span style=\"color: #000080;\"><em>* Establecer una educaci\u00f3n p\u00fablica superior de calidad, pertinente, incluyente y gratuita \u00a0en sus niveles de t\u00e9cnica profesional, tecnol\u00f3gica y universitaria, as\u00ed como regionalizar esta, llev\u00e1ndola \u00a0 los municipios del Departamento de Bol\u00edvar, y descentraliz\u00e1ndola a los \u00a0corregimientos y barrios de Cartagena, en articulaci\u00f3n con la educaci\u00f3n media t\u00e9cnica, con instituciones de educaci\u00f3n superior publicas y privadas y el SENA, utilizando para ello en horario nocturno y fines de semana, la infraestructura con mejoras locativas y tecnolog\u00eda, de las Instituciones Educativas P\u00fablicas ya existentes.<\/em><\/span><br \/>\n<span style=\"color: #000080;\"><em>\u00a0<\/em><\/span><br \/>\n<span style=\"color: #000080;\"><em>* Formar en educaci\u00f3n avanzada de acuerdo con su \u00e1rea pedag\u00f3gica a los docentes vinculados en la n\u00f3mina oficial.<\/em><\/span><br \/>\n<span style=\"color: #000080;\"><em>\u00a0<\/em><\/span><br \/>\n<span style=\"color: #000080;\"><em>* Impulsar programas de biling\u00fcismo en todas las Instituciones Educativas P\u00fablicas.<\/em><\/span><br \/>\n<span style=\"color: #000080;\"><em>\u00a0<\/em><\/span><br \/>\n<span style=\"color: #000080;\"><em>* Dotar gratuitamente a los estudiantes de las instituciones educativas p\u00fablicas del Departamento de Bol\u00edvar, de sus \u00a0uniformes, textos, \u00fatiles, alimentaci\u00f3n y transporte escolar.<\/em><\/span><br \/>\n<span style=\"color: #000080;\"><em>\u00a0<\/em><\/span><br \/>\n<span style=\"color: #000080;\"><em>* Crear, implementar y fortalecer en todas las instituciones de educaci\u00f3n p\u00fablica del Departamento de Bol\u00edvar, la educaci\u00f3n inicial en las etapas de preescolar y transici\u00f3n.<\/em><\/span><br \/>\n<span style=\"color: #000080;\"><em>\u00a0<\/em><\/span><br \/>\n<span style=\"color: #000080;\"><em>* Apoyar y fomentar programas y proyectos de emprendimiento a los j\u00f3venes \u00a0a partir de la Educaci\u00f3n Media T\u00e9cnica en las Instituciones Educativas Publicas.<\/em><\/span><br \/>\n<span style=\"color: #000080;\"><em>\u00a0<\/em><\/span><br \/>\n<span style=\"color: #000080;\"><em>* Crear y fortalecer las casas de la cultura y bibliotecas p\u00fablicas en todos los municipios del Departamento de Bol\u00edvar, como centros de desarrollo cultural, innovaci\u00f3n tecnol\u00f3gica y emprendimiento.<\/em><\/span><br \/>\n<span style=\"color: #000080;\"><em>\u00a0<\/em><\/span><br \/>\n<span style=\"color: #000080;\"><em>* Crear e impulsar las escuelas de formaci\u00f3n deportiva y cultural vinculadas a las instituciones educativas p\u00fablicas del Departamento de Bol\u00edvar, construyendo los escenarios necesarios para sus pr\u00e1cticas.<\/em><\/span><br \/>\n<span style=\"color: #000080;\"><em>\u00a0<\/em><\/span><br \/>\n<span style=\"color: #000080;\"><em>\u00a0<\/em><\/span><br \/>\n<span style=\"color: #000080;\"><em>\u00a0<\/em><\/span><br \/>\n<span style=\"color: #000080;\"><em>2- SALUD Y SANEAMIENTO BASICO.<\/em><\/span><br \/>\n<span style=\"color: #000080;\"><em>\u00a0<\/em><\/span><br \/>\n<span style=\"color: #000080;\"><em>* Fortalecer el recurso humano, la infraestructura, dotaci\u00f3n y finanzas de \u00a0todos los hospitales, centros y puestos de salud del Departamento de Bol\u00edvar.<\/em><\/span><br \/>\n<span style=\"color: #000080;\"><em>* Dotar de ambulancias (terrestres y acu\u00e1ticas) a todas las cabeceras y corregimientos del Departamento de Bol\u00edvar.<\/em><\/span><br \/>\n<span style=\"color: #000080;\"><em>* Llevar al segundo nivel de atenci\u00f3n en salud a los hospitales locales de los municipios entre veinte y cuarenta mil habitantes y \u00a0en cada una de las ZODES.<\/em><\/span><br \/>\n<span style=\"color: #000080;\"><em>* Llevar al tercer nivel de atenci\u00f3n en salud a los centros hospitalarios en los municipios de m\u00e1s de cuarenta mil habitantes y en cada una de las ZODES (Magangue, El Carmen de Bol\u00edvar, Arjona, Mompox, Santa Rosa del Sur, Santa Rosa de Lima).<\/em><\/span><br \/>\n<span style=\"color: #000080;\"><em>* Optimizar y universalizar \u00a0los servicios p\u00fablicos de agua potable, alcantarillado y energ\u00eda \u00a0a los municipios y corregimientos del Departamento de Bol\u00edvar.<\/em><\/span><br \/>\n<span style=\"color: #000080;\"><em>\u00a0<\/em><\/span><br \/>\n<span style=\"color: #000080;\"><em>\u00a0<\/em><\/span><br \/>\n<span style=\"color: #000080;\"><em>3-GENERACION DE INGRESOS Y EMPRENDIMIENTO JUVENIL.<\/em><\/span><br \/>\n<span style=\"color: #000080;\"><em>\u00a0<\/em><\/span><br \/>\n<span style=\"color: #000080;\"><em>* Contratar con cooperativas de mujeres\/hombres cabeza de familia, victimas de la violencia, desplazados o asociaciones de padres de familia de las Instituciones educativas para la elaboraci\u00f3n de los uniformes escolares \u00a0y preparar los alimentos dentro del Programa de Seguridad Alimentaria y el Programa de Alimentaci\u00f3n Escolar-PAE.<\/em><\/span><br \/>\n<span style=\"color: #000080;\"><em>* Promover el emprendimiento, la creatividad e innovaci\u00f3n de los j\u00f3venes a trav\u00e9s de la Econom\u00eda Naranja, aplicando y promoviendo la Ley Pro Joven (1780\/2016), as\u00ed como, \u00a0Creando el Fondo del Emprendimiento del Departamento de Bol\u00edvar \u2013FOEMDEBOL.<\/em><\/span><br \/>\n<span style=\"color: #000080;\"><em>* Crear el Banco de Maquinaria Agr\u00edcola, Pecuaria y \u00a0Piscola, as\u00ed como el Centro de Acopio e Insumos en cada una de las ZODES del Departamento de Bol\u00edvar.<\/em><\/span><br \/>\n<span style=\"color: #000080;\"><em>*Apoyar los proyectos productivos de los campesinos\/nas \u00a0del departamento, con acompa\u00f1amiento permanente en todo el proceso de producci\u00f3n, mediante asesor\u00edas en tecnolog\u00eda, financiamiento, comercializaci\u00f3n y canales de exportaci\u00f3n, as\u00ed como la adecuaci\u00f3n de las v\u00edas de penetraci\u00f3n rural (Programa PAVIPER).<\/em><\/span><br \/>\n<span style=\"color: #000080;\"><em>\u00a0<\/em><\/span><br \/>\n<span style=\"color: #000080;\"><em>4- TERRITORIO Y GESTION DEL RIESGO.<\/em><\/span><br \/>\n<span style=\"color: #000080;\"><em>\u00a0<\/em><\/span><br \/>\n<span style=\"color: #000080;\"><em>* Crear la Secretaria de Participaci\u00f3n Comunitaria y enlace Distrital con Cartagena de Indias, dirigida por miembros de las Juntas de Acci\u00f3n Comunal.<\/em><\/span><br \/>\n<span style=\"color: #000080;\"><em>* Crear e implementar programas de formaci\u00f3n acad\u00e9mica escolar, superior y avanzada, as\u00ed como \u00a0proyectos sociales vida comunitaria \u2013PROSOVICOM- para los miembros de las Juntas de Acci\u00f3n Comunal en todo el Departamento de Bol\u00edvar.<\/em><\/span><br \/>\n<span style=\"color: #000080;\"><em>* Crear la Secretaria de Turismo, Vivienda y Desarrollo Territorial.<\/em><\/span><br \/>\n<span style=\"color: #000080;\"><em>* En el Plan de Ordenamiento Departamental (POD), buscar una articulaci\u00f3n y \u00a0planeaci\u00f3n con los ZODES, los municipios y las subregiones, creando los Planes de Desarrollo Econ\u00f3mico y Social Subregionales \u2013PDESS- como estrategia de desarrollo participativo e incluyente, basados en la equidad social y la historiograf\u00eda cultural con nuestros departamentos vecinos.<\/em><\/span><br \/>\n<span style=\"color: #000080;\"><em>* Actualizar y dinamizar el Plan de Riesgo Departamental, dise\u00f1ando acciones preventivas en cada territorio para prevenir y mitigar desastres producidos por la naturaleza y el cambio clim\u00e1tico.<\/em><\/span><br \/>\n<span style=\"color: #000080;\"><em>* Actualizar el Sistema de Informaci\u00f3n Geogr\u00e1fica del Departamento de Bol\u00edvar.<\/em><\/span><br \/>\n<span style=\"color: #000080;\"><em>* Dise\u00f1ar e implementar una Pol\u00edtica P\u00fablica de Medio Ambiente y Desarrollo Sostenible, teniendo en cuenta las poblaciones, la diversidad \u00e9tnica, los recursos naturales renovables y no renovables, la flora y fauna, las potencialidades de nuestra configuraci\u00f3n \u00a0geogr\u00e1ficas y las ventajas comparativas y competitivas del Departamento de Bol\u00edvar.<\/em><\/span><br \/>\n<span style=\"color: #000080;\"><em>\u00a0<\/em><\/span><br \/>\n<span style=\"color: #000080;\"><em>\u00a0<\/em><\/span><br \/>\n<span style=\"color: #000080;\"><em>\u00a0<\/em><\/span><br \/>\n<span style=\"color: #000080;\"><em>5- CONSTRUCCION \u00a0DE LA PAZ, \u00a0EL POST ACUERDO Y LA CONVIVENCIA CIUDADANA.<\/em><\/span><br \/>\n<span style=\"color: #000080;\"><em>\u00a0<\/em><\/span><br \/>\n<span style=\"color: #000080;\"><em>* Construir pol\u00edticas y espacios de paz y reconciliaci\u00f3n con miras al desarrollo integral de las poblaciones victimas del conflicto, implementando la transici\u00f3n, restituci\u00f3n de tierras y educaci\u00f3n rural.<\/em><\/span><br \/>\n<span style=\"color: #000080;\"><em>* Desarrollar Programas y proyectos productivos integrales para comunidades victimas.<\/em><\/span><br \/>\n<span style=\"color: #000080;\"><em>* Crear el Observatorio de derechos humanos, construcci\u00f3n de paz y ciudadan\u00eda, con participaci\u00f3n de la comunidad internacional.<\/em><\/span><br \/>\n<span style=\"color: #000080;\"><em>* Constituir el Centro Departamental para la Reparaci\u00f3n, Memoria Hist\u00f3rica y No Repetici\u00f3n. \u2013CENREPAZ-.<\/em><\/span><br \/>\n<span style=\"color: #000080;\"><em>* Implementar \u00a0la C\u00e1tedra para la Paz, la Reconciliaci\u00f3n y la Democracia en todas las Instituciones Educativas P\u00fablicas del Departamento<\/em><\/span><\/p>\n","protected":false},"excerpt":{"rendered":"<p>El exgobernador de Bol\u00edvar, Luis Daniel Vargas, quiere volver a ese cargo de elecci\u00f3n popular y para ello est\u00e1 pidiendo el aval de su partido, el Liberal, y adem\u00e1s formulando una plataforma program\u00e1tica que ha denominado \u00abPor un Bol\u00edvar sobresaliente, nuestro compromiso es la gente\u00bb. En las visitas que viene realizando en barrios de Cartagena y municipios de Bol\u00edvar, Vargas S\u00e1nchez resume su propuesta en ejes tem\u00e1ticos, as\u00ed: EJES TEMATICOS DEL PROYECTO \u201cPOR UN BOLIVAR SOBRESALIENTE, NUESTRO COMPROMISO ES LA GENTE\u201d. \u00a0 1-EDUCACION, CULTURA Y DEPORTES. \u00a0 * Establecer una&#8230; <\/p>\n","protected":false},"author":3,"featured_media":29291,"comment_status":"open","ping_status":"closed","sticky":false,"template":"","format":"standard","meta":{"footnotes":"","_links_to":"","_links_to_target":""},"categories":[75,26,4],"tags":[],"class_list":["post-29290","post","type-post","status-publish","format-standard","has-post-thumbnail","hentry","category-destacada","category-politica-noticias","category-politica"],"_links":{"self":[{"href":"https:\/\/revistazetta.com\/index.php?rest_route=\/wp\/v2\/posts\/29290","targetHints":{"allow":["GET"]}}],"collection":[{"href":"https:\/\/revistazetta.com\/index.php?rest_route=\/wp\/v2\/posts"}],"about":[{"href":"https:\/\/revistazetta.com\/index.php?rest_route=\/wp\/v2\/types\/post"}],"author":[{"embeddable":true,"href":"https:\/\/revistazetta.com\/index.php?rest_route=\/wp\/v2\/users\/3"}],"replies":[{"embeddable":true,"href":"https:\/\/revistazetta.com\/index.php?rest_route=%2Fwp%2Fv2%2Fcomments&post=29290"}],"version-history":[{"count":0,"href":"https:\/\/revistazetta.com\/index.php?rest_route=\/wp\/v2\/posts\/29290\/revisions"}],"wp:featuredmedia":[{"embeddable":true,"href":"https:\/\/revistazetta.com\/index.php?rest_route=\/wp\/v2\/media\/29291"}],"wp:attachment":[{"href":"https:\/\/revistazetta.com\/index.php?rest_route=%2Fwp%2Fv2%2Fmedia&parent=29290"}],"wp:term":[{"taxonomy":"category","embeddable":true,"href":"https:\/\/revistazetta.com\/index.php?rest_route=%2Fwp%2Fv2%2Fcategories&post=29290"},{"taxonomy":"post_tag","embeddable":true,"href":"https:\/\/revistazetta.com\/index.php?rest_route=%2Fwp%2Fv2%2Ftags&post=29290"}],"curies":[{"name":"wp","href":"https:\/\/api.w.org\/{rel}","templated":true}]}}