{"id":29293,"date":"2019-03-15T09:47:17","date_gmt":"2019-03-15T14:47:17","guid":{"rendered":"http:\/\/www.revistazetta.com\/?p=29293"},"modified":"2019-03-15T09:47:17","modified_gmt":"2019-03-15T14:47:17","slug":"oficio-juzgado-resolucion-concejales-libres-regresan-curules","status":"publish","type":"post","link":"https:\/\/revistazetta.com\/?p=29293","title":{"rendered":"Con oficio de juzgado y resoluci\u00f3n, concejales libres regresan a sus curules"},"content":{"rendered":"<p class=\"s3\"><a name=\"_GoBack\"><\/a>Bastar\u00e1 con que el presidente del Concejo, \u00d3scar Mar\u00edn, expida una resoluci\u00f3n para que regresen a sus curules los seis concejales que quedaron en libertad por vencimiento de t\u00e9rminos.<\/p>\n<p class=\"s3\">A primera hora de este viernes lleg\u00f3 el oficio del Juzgado 12 Penal Municipal con funci\u00f3n de garant\u00edas, contentivo de la decisi\u00f3n de libertad a quienes ten\u00edan detenci\u00f3n domiciliaria: Duvinia Torres, William P\u00e9rez, Edgar Mendoza, Antonio Salim Guerra, Erich Pi\u00f1a y am\u00e9rico Mendoza.<\/p>\n<p class=\"s3\">La resoluci\u00f3n derogar\u00e1 la n\u00famero 052, que en su momento declar\u00f3 la vacancia temporal de esas curules, y la silla vac\u00eda, firmada por el entonces presidente Wilson Toncel.<\/p>\n<p class=\"s3\">Esta situaci\u00f3n tambi\u00e9n deja sin piso la pretensi\u00f3n de una tutela, presentada varias veces por el ciudadano Andr\u00e9s Lara, que solicitaba eliminar la Silla Vac\u00eda y llamar a quien siguiera en votos en cada curul.<\/p>\n<p class=\"s3\">\n","protected":false},"excerpt":{"rendered":"<p>Bastar\u00e1 con que el presidente del Concejo, \u00d3scar Mar\u00edn, expida una resoluci\u00f3n para que regresen a sus curules los seis concejales que quedaron en libertad por vencimiento de t\u00e9rminos. A primera hora de este viernes lleg\u00f3 el oficio del Juzgado 12 Penal Municipal con funci\u00f3n de garant\u00edas, contentivo de la decisi\u00f3n de libertad a quienes ten\u00edan detenci\u00f3n domiciliaria: Duvinia Torres, William P\u00e9rez, Edgar Mendoza, Antonio Salim Guerra, Erich Pi\u00f1a y am\u00e9rico Mendoza. La resoluci\u00f3n derogar\u00e1 la n\u00famero 052, que en su momento declar\u00f3 la vacancia temporal de esas curules, y&#8230; <\/p>\n","protected":false},"author":3,"featured_media":29294,"comment_status":"open","ping_status":"closed","sticky":false,"template":"","format":"standard","meta":{"footnotes":"","_links_to":"","_links_to_target":""},"categories":[75,4],"tags":[],"class_list":["post-29293","post","type-post","status-publish","format-standard","has-post-thumbnail","hentry","category-destacada","category-politica"],"_links":{"self":[{"href":"https:\/\/revistazetta.com\/index.php?rest_route=\/wp\/v2\/posts\/29293","targetHints":{"allow":["GET"]}}],"collection":[{"href":"https:\/\/revistazetta.com\/index.php?rest_route=\/wp\/v2\/posts"}],"about":[{"href":"https:\/\/revistazetta.com\/index.php?rest_route=\/wp\/v2\/types\/post"}],"author":[{"embeddable":true,"href":"https:\/\/revistazetta.com\/index.php?rest_route=\/wp\/v2\/users\/3"}],"replies":[{"embeddable":true,"href":"https:\/\/revistazetta.com\/index.php?rest_route=%2Fwp%2Fv2%2Fcomments&post=29293"}],"version-history":[{"count":0,"href":"https:\/\/revistazetta.com\/index.php?rest_route=\/wp\/v2\/posts\/29293\/revisions"}],"wp:featuredmedia":[{"embeddable":true,"href":"https:\/\/revistazetta.com\/index.php?rest_route=\/wp\/v2\/media\/29294"}],"wp:attachment":[{"href":"https:\/\/revistazetta.com\/index.php?rest_route=%2Fwp%2Fv2%2Fmedia&parent=29293"}],"wp:term":[{"taxonomy":"category","embeddable":true,"href":"https:\/\/revistazetta.com\/index.php?rest_route=%2Fwp%2Fv2%2Fcategories&post=29293"},{"taxonomy":"post_tag","embeddable":true,"href":"https:\/\/revistazetta.com\/index.php?rest_route=%2Fwp%2Fv2%2Ftags&post=29293"}],"curies":[{"name":"wp","href":"https:\/\/api.w.org\/{rel}","templated":true}]}}