{"id":29295,"date":"2019-03-15T11:27:29","date_gmt":"2019-03-15T16:27:29","guid":{"rendered":"http:\/\/www.revistazetta.com\/?p=29295"},"modified":"2019-03-15T11:27:29","modified_gmt":"2019-03-15T16:27:29","slug":"cartagena-indias-estar-corazon-la-agenda-la-comunidad-andina","status":"publish","type":"post","link":"https:\/\/revistazetta.com\/?p=29295","title":{"rendered":"Cartagena de Indias tiene que estar en el coraz\u00f3n de la agenda de la Comunidad Andina"},"content":{"rendered":"<p>Cartagena de Indias reimpuls\u00f3 su presencia en la agenda de la Comunidad Andina de Naciones, para propiciar una mejor din\u00e1mica econ\u00f3mica y generar mejores oportunidades, articuladas con la regi\u00f3n.<\/p>\n<p>El representante a la C\u00e1mara por Bol\u00edvar, Emeterio Montes, se reuni\u00f3 en Lima (Per\u00fa) con el Secretario General de la Comunidad andina, Jorge Hernando Pedraza, para ventilar distintas iniciativas para Cartagena de Indias, recordando que fue en esta ciudad donde naci\u00f3 esta entidad continental.<\/p>\n<p>\u201cCartagena de Indias y el Caribe tienen un enorme potencial para la circulaci\u00f3n de productos en la regi\u00f3n, especialmente en los renglones de turismo, cultura, artesan\u00edas, que pueden encontrar oportunidades en los pa\u00edses del \u00e1rea\u201d, dijo Montes de Castro.<\/p>\n<p>El dirigente hizo \u00e9nfasis en trazar l\u00edneas de apoyo a la comunidad ind\u00edgena, que merecen todo el apoyo institucional para elevar sus condiciones de vida.<\/p>\n<p>Tambi\u00e9n se ventilaron acciones para fortalecer las c\u00e1maras de comercio y las din\u00e1micas de emprendimiento en la zona.<\/p>\n<p>En 1969 se firm\u00f3 el llamado \u201cAcuerdo de Cartagena\u201d con el que se cre\u00f3 el Pacto Andino, hoy transformado en la Comunidad Andina de Naciones.<\/p>\n<p>Es una organizaci\u00f3n internacional que cuenta con diversos \u00f3rganos e instituciones que integran el Sistema Andino de Integraci\u00f3n (SAI) cuyo objetivo es\u00a0alcanzar un desarrollo integral, equilibrado y aut\u00f3nomo, mediante la integraci\u00f3n andina, con proyecci\u00f3n hacia una integraci\u00f3n sudamericana y latinoamericana.<\/p>\n<p>El\u00a026 de mayo de 1969 se suscribi\u00f3 el\u00a0Acuerdo de Cartagena, Tratado Constitutivo que fija los objetivos de la integraci\u00f3n andina, define su sistema institucional y establece mecanismos y pol\u00edticas que deben ser desarrolladas por los \u00f3rganos comunitarios. De esa manera, se\u00a0puso en marcha el proceso andino de integraci\u00f3n\u00a0conocido, en ese entonces como Pacto Andino, hoy\u00a0Comunidad Andina (CAN).<\/p>\n<p>Tiene cuatro pa\u00edses miembros: Bolivia, Colombia, Ecuador y Per\u00fa; cinco pa\u00edses asociados<\/p>\n<p>Argentina, Brasil, Chile, Paraguay y Uruguay, y un pa\u00eds observador: Espa\u00f1a<\/p>\n<p>&nbsp;<\/p>\n<p>&nbsp;<\/p>\n","protected":false},"excerpt":{"rendered":"<p>Cartagena de Indias reimpuls\u00f3 su presencia en la agenda de la Comunidad Andina de Naciones, para propiciar una mejor din\u00e1mica econ\u00f3mica y generar mejores oportunidades, articuladas con la regi\u00f3n. El representante a la C\u00e1mara por Bol\u00edvar, Emeterio Montes, se reuni\u00f3 en Lima (Per\u00fa) con el Secretario General de la Comunidad andina, Jorge Hernando Pedraza, para ventilar distintas iniciativas para Cartagena de Indias, recordando que fue en esta ciudad donde naci\u00f3 esta entidad continental. \u201cCartagena de Indias y el Caribe tienen un enorme potencial para la circulaci\u00f3n de productos en la&#8230; <\/p>\n","protected":false},"author":3,"featured_media":29296,"comment_status":"open","ping_status":"closed","sticky":false,"template":"","format":"standard","meta":{"footnotes":"","_links_to":"","_links_to_target":""},"categories":[2,75],"tags":[],"class_list":["post-29295","post","type-post","status-publish","format-standard","has-post-thumbnail","hentry","category-actualidad","category-destacada"],"_links":{"self":[{"href":"https:\/\/revistazetta.com\/index.php?rest_route=\/wp\/v2\/posts\/29295","targetHints":{"allow":["GET"]}}],"collection":[{"href":"https:\/\/revistazetta.com\/index.php?rest_route=\/wp\/v2\/posts"}],"about":[{"href":"https:\/\/revistazetta.com\/index.php?rest_route=\/wp\/v2\/types\/post"}],"author":[{"embeddable":true,"href":"https:\/\/revistazetta.com\/index.php?rest_route=\/wp\/v2\/users\/3"}],"replies":[{"embeddable":true,"href":"https:\/\/revistazetta.com\/index.php?rest_route=%2Fwp%2Fv2%2Fcomments&post=29295"}],"version-history":[{"count":0,"href":"https:\/\/revistazetta.com\/index.php?rest_route=\/wp\/v2\/posts\/29295\/revisions"}],"wp:featuredmedia":[{"embeddable":true,"href":"https:\/\/revistazetta.com\/index.php?rest_route=\/wp\/v2\/media\/29296"}],"wp:attachment":[{"href":"https:\/\/revistazetta.com\/index.php?rest_route=%2Fwp%2Fv2%2Fmedia&parent=29295"}],"wp:term":[{"taxonomy":"category","embeddable":true,"href":"https:\/\/revistazetta.com\/index.php?rest_route=%2Fwp%2Fv2%2Fcategories&post=29295"},{"taxonomy":"post_tag","embeddable":true,"href":"https:\/\/revistazetta.com\/index.php?rest_route=%2Fwp%2Fv2%2Ftags&post=29295"}],"curies":[{"name":"wp","href":"https:\/\/api.w.org\/{rel}","templated":true}]}}