{"id":29305,"date":"2019-03-17T19:48:22","date_gmt":"2019-03-18T00:48:22","guid":{"rendered":"http:\/\/www.revistazetta.com\/?p=29305"},"modified":"2019-03-18T04:47:39","modified_gmt":"2019-03-18T09:47:39","slug":"abril-llega-camino-al-pueblo-lo-nuevo-boris-garcia","status":"publish","type":"post","link":"https:\/\/revistazetta.com\/?p=29305","title":{"rendered":"En abril llega \u00abCamino al pueblo\u00bb, lo nuevo de Boris Garc\u00eda"},"content":{"rendered":"<p>As\u00ed anunci\u00f3 Boris Garc\u00eda en sus redes sociales este nuevo proyecto musical:<\/p>\n<p><span style=\"color: #000080;\"><em>Lleno de sentimiento quiero compartirles esta buena nueva:<\/em><\/span><br \/>\n<span style=\"color: #000080;\"><em>En abril llega \u00abC<span class=\"_5afx\"><span class=\"_58cm\">amino al pueblo\u00bb,<\/span><\/span> canto realizado desde el alma del caribe que me habita y un regreso a el formato inicial, la guitarra como instrumento l\u00edder de un sonido que relata gran parte de lo que soy como artista. \u00a1Lo vamos a gozar juntos, mi gente!<\/em><\/span><br \/>\n<span style=\"color: #000080;\"><em>BORIS GARC\u00cdA &amp; LOS GUITARRISTAS .<\/em><\/span><\/p>\n","protected":false},"excerpt":{"rendered":"<p>As\u00ed anunci\u00f3 Boris Garc\u00eda en sus redes sociales este nuevo proyecto musical: Lleno de sentimiento quiero compartirles esta buena nueva: En abril llega \u00abCamino al pueblo\u00bb, canto realizado desde el alma del caribe que me habita y un regreso a el formato inicial, la guitarra como instrumento l\u00edder de un sonido que relata gran parte de lo que soy como artista. \u00a1Lo vamos a gozar juntos, mi gente! BORIS GARC\u00cdA &amp; LOS GUITARRISTAS .<\/p>\n","protected":false},"author":3,"featured_media":29306,"comment_status":"open","ping_status":"closed","sticky":false,"template":"","format":"standard","meta":{"footnotes":"","_links_to":"","_links_to_target":""},"categories":[75,41,43],"tags":[],"class_list":["post-29305","post","type-post","status-publish","format-standard","has-post-thumbnail","hentry","category-destacada","category-cultura","category-cultura-musica"],"_links":{"self":[{"href":"https:\/\/revistazetta.com\/index.php?rest_route=\/wp\/v2\/posts\/29305","targetHints":{"allow":["GET"]}}],"collection":[{"href":"https:\/\/revistazetta.com\/index.php?rest_route=\/wp\/v2\/posts"}],"about":[{"href":"https:\/\/revistazetta.com\/index.php?rest_route=\/wp\/v2\/types\/post"}],"author":[{"embeddable":true,"href":"https:\/\/revistazetta.com\/index.php?rest_route=\/wp\/v2\/users\/3"}],"replies":[{"embeddable":true,"href":"https:\/\/revistazetta.com\/index.php?rest_route=%2Fwp%2Fv2%2Fcomments&post=29305"}],"version-history":[{"count":0,"href":"https:\/\/revistazetta.com\/index.php?rest_route=\/wp\/v2\/posts\/29305\/revisions"}],"wp:featuredmedia":[{"embeddable":true,"href":"https:\/\/revistazetta.com\/index.php?rest_route=\/wp\/v2\/media\/29306"}],"wp:attachment":[{"href":"https:\/\/revistazetta.com\/index.php?rest_route=%2Fwp%2Fv2%2Fmedia&parent=29305"}],"wp:term":[{"taxonomy":"category","embeddable":true,"href":"https:\/\/revistazetta.com\/index.php?rest_route=%2Fwp%2Fv2%2Fcategories&post=29305"},{"taxonomy":"post_tag","embeddable":true,"href":"https:\/\/revistazetta.com\/index.php?rest_route=%2Fwp%2Fv2%2Ftags&post=29305"}],"curies":[{"name":"wp","href":"https:\/\/api.w.org\/{rel}","templated":true}]}}