{"id":29308,"date":"2019-03-18T05:01:22","date_gmt":"2019-03-18T10:01:22","guid":{"rendered":"http:\/\/www.revistazetta.com\/?p=29308"},"modified":"2019-03-18T05:01:55","modified_gmt":"2019-03-18T10:01:55","slug":"una-segunda-oportunidad-la-tierra-opinion-sergio-londono-zurek","status":"publish","type":"post","link":"https:\/\/revistazetta.com\/?p=29308","title":{"rendered":"Una segunda oportunidad sobre la Tierra \u2013 Opini\u00f3n de Sergio Londo\u00f1o Zurek"},"content":{"rendered":"<p><span style=\"color: #000080;\"><strong>Por Sergio Alfonso Londo\u00f1o Zurek (Especial para Revista Zetta).- <\/strong><\/span>Me advirtieron sobre el d\u00eda en el que sintiera las ganas de escribir esta columna. Y advertido la escribo, con la leve esperanza que en vez de polarizar ayude a unir.<\/p>\n<p>El s\u00e1bado, conversando con un alem\u00e1n amigo, aficionado del kite surf me encontr\u00e9 cont\u00e1ndole las maravillas que a\u00fan ten\u00eda por descubrir en Bar\u00fa, Islas del Rosario, San Bernardo e Isla Fuerte. \u00c9l sac\u00f3 su celular y se puso a buscar los vientos de las costas cartageneras y enamorado ya de Manzanillo, empezamos a ir isla por isla descubriendo el enorme potencial de ellas para todo tipo de surf. Por supuesto, desde hace ya unos a\u00f1os Freddy Marim\u00f3n, nuestro campe\u00f3n nos ha demostrado el valor de nuestras olas y del talento local.<\/p>\n<p>Mi amigo alem\u00e1n me cuenta que sus amigos en Berl\u00edn y Munich consideran a Colombia un destino de moda y a Cartagena la joya de la corona. Un nuevo tipo de turismo se ha desarrollado para el pa\u00eds y sin pensarlo se le escapa una frase poderosa: \u201cgracias a la paz\u201d. \u00c9l, quien se vino a vivir a Colombia empleado de una enorme multinacional justo en medio de la polarizaci\u00f3n que viv\u00eda el pa\u00eds en medio del plebiscito nunca me hab\u00eda hablado de nada medianamente pol\u00edtico y decid\u00ed preguntarle m\u00e1s. Su visi\u00f3n, enteramente pragm\u00e1tica, me llev\u00f3 a pensar en lo que nos estamos perdiendo.<\/p>\n<p>El mundo nos empez\u00f3 a ver con otros ojos, m\u00e1s all\u00e1 de la pol\u00edtica interna que nos quiere desgarrar, los cartageneros tenemos la oportunidad de sacarle el mayor fruto a esta realidad. \u00bfPor qu\u00e9 empe\u00f1arnos en una pelea ideol\u00f3gica cuando podemos aprovechar niveles de ocupaci\u00f3n hotelera que se ven muy poco en el mundo? Nuestra zona insular y para esos efectos todos nuestros corregimientos s\u00ed que necesitan una andanada de europeos, americanos y asi\u00e1ticos que con sus d\u00f3lares vengan a generar empleo y desarrollo econ\u00f3mico. Cartagena tiene la oportunidad de segmentar su turismo y de atraer a\u00fan m\u00e1s visitantes, una ciudad donde Freddy Marim\u00f3n no solo compita sino que monte su propia academia de surf para ni\u00f1os del mundo entero.<\/p>\n<p>La paz es justamente eso y mucho m\u00e1s. Es la oportunidad que tenemos los colombianos de que no nos definan por un conflicto armado entre hijos de una misma naci\u00f3n, sino como guardianes de tesoros m\u00e1gicos por descubrir a lo largo y ancho de nuestro territorio. Pasando la p\u00e1gina nos aseguramos un mejor futuro, un futuro donde tenemos el tiempo para ocuparnos de otros problemas que han sido invisibles y de construir una sociedad que hasta ahora no hemos podido. Las oportunidades econ\u00f3micas de un pa\u00eds en paz para el mundo nos inserta en el mercado para que dejemos de definirnos a partir de los privilegios y m\u00e1s bien nos entendamos sobre la base de los derechos.<\/p>\n<p>Ser\u00e1 m\u00e1s dif\u00edcil para el resto del pa\u00eds que para Cartagena encontrar el poder\u00edo econ\u00f3mico que lo conducir\u00e1 a mayor equidad. Lo digo porque en nuestra ciudad tenemos todo lo que un territorio pudiese so\u00f1ar, lo que nos falta son las pol\u00edticas p\u00fablicas capaces de responder a esas potencialidades. Pasemos de la lucha ideol\u00f3gica nacional al pragmatismo territorial. La guerra es la mejor amiga de la pobreza y la paz la mejor compa\u00f1era de la creaci\u00f3n de oportunidades.<\/p>\n<p>Aprovechar este momento es poder crear las condiciones necesarias para mejorarle la vida a miles de cartageneros que hoy han sido maltratados por la l\u00f3gica inequitativa colombiana. Es como bien dec\u00eda Gabo: poder crear el escenario para \u201cuna segunda oportunidad sobre la tierra\u201d.<\/p>\n","protected":false},"excerpt":{"rendered":"<p>Por Sergio Alfonso Londo\u00f1o Zurek (Especial para Revista Zetta).- Me advirtieron sobre el d\u00eda en el que sintiera las ganas de escribir esta columna. Y advertido la escribo, con la leve esperanza que en vez de polarizar ayude a unir. El s\u00e1bado, conversando con un alem\u00e1n amigo, aficionado del kite surf me encontr\u00e9 cont\u00e1ndole las maravillas que a\u00fan ten\u00eda por descubrir en Bar\u00fa, Islas del Rosario, San Bernardo e Isla Fuerte. \u00c9l sac\u00f3 su celular y se puso a buscar los vientos de las costas cartageneras y enamorado ya de&#8230; <\/p>\n","protected":false},"author":3,"featured_media":29309,"comment_status":"open","ping_status":"closed","sticky":false,"template":"","format":"standard","meta":{"footnotes":"","_links_to":"","_links_to_target":""},"categories":[75,44,65],"tags":[],"class_list":["post-29308","post","type-post","status-publish","format-standard","has-post-thumbnail","hentry","category-destacada","category-materiagris","category-opinion"],"_links":{"self":[{"href":"https:\/\/revistazetta.com\/index.php?rest_route=\/wp\/v2\/posts\/29308","targetHints":{"allow":["GET"]}}],"collection":[{"href":"https:\/\/revistazetta.com\/index.php?rest_route=\/wp\/v2\/posts"}],"about":[{"href":"https:\/\/revistazetta.com\/index.php?rest_route=\/wp\/v2\/types\/post"}],"author":[{"embeddable":true,"href":"https:\/\/revistazetta.com\/index.php?rest_route=\/wp\/v2\/users\/3"}],"replies":[{"embeddable":true,"href":"https:\/\/revistazetta.com\/index.php?rest_route=%2Fwp%2Fv2%2Fcomments&post=29308"}],"version-history":[{"count":0,"href":"https:\/\/revistazetta.com\/index.php?rest_route=\/wp\/v2\/posts\/29308\/revisions"}],"wp:featuredmedia":[{"embeddable":true,"href":"https:\/\/revistazetta.com\/index.php?rest_route=\/wp\/v2\/media\/29309"}],"wp:attachment":[{"href":"https:\/\/revistazetta.com\/index.php?rest_route=%2Fwp%2Fv2%2Fmedia&parent=29308"}],"wp:term":[{"taxonomy":"category","embeddable":true,"href":"https:\/\/revistazetta.com\/index.php?rest_route=%2Fwp%2Fv2%2Fcategories&post=29308"},{"taxonomy":"post_tag","embeddable":true,"href":"https:\/\/revistazetta.com\/index.php?rest_route=%2Fwp%2Fv2%2Ftags&post=29308"}],"curies":[{"name":"wp","href":"https:\/\/api.w.org\/{rel}","templated":true}]}}