{"id":29310,"date":"2019-03-18T06:22:19","date_gmt":"2019-03-18T11:22:19","guid":{"rendered":"http:\/\/www.revistazetta.com\/?p=29310"},"modified":"2019-03-18T06:22:19","modified_gmt":"2019-03-18T11:22:19","slug":"aspirantes-del-cd-alcaldia-cartagena-pasan-la-bascula","status":"publish","type":"post","link":"https:\/\/revistazetta.com\/?p=29310","title":{"rendered":"Aspirantes del CD a Alcald\u00eda de Cartagena pasan por la \u00abb\u00e1scula\u00bb"},"content":{"rendered":"<p>\u00bfQu\u00e9 tanto peso pol\u00edtico tienen los aspirantes del Centro Democr\u00e1tico a la Alcald\u00eda de Cartagena? \u00bfPodr\u00e1 alguno de ellos ser la f\u00f3rmula ganadora? o \u00bfTendr\u00e1 el CD que ir en alianza con un candidato de otra vertiente?<\/p>\n<p>Esos y otros interrogantes son los que comenz\u00f3 a despejar la colectividad tras el ejercicio de auscultaci\u00f3n de eventuales candidaturas, tanto a Alcald\u00eda de Cartagena como a municipios en Bol\u00edvar.<\/p>\n<p>Los aspirantes a suceder a Pedrito Pereira son\u00a0Minerva Romero Julio, Ambrosio Fern\u00e1ndez Mart\u00ednez, Gabriel Rodr\u00edguez Osorio y Francisco Hern\u00e1ndez Salgado.<\/p>\n<p>No se tiene un mecanismo definido para determinar a qui\u00e9n se le otorgar\u00e1 el aval. Surgen las posibilidades de una consulta, una encuesta o el consenso, aunque tambi\u00e9n est\u00e1 la opci\u00f3n del co-aval para una candidatura ex\u00f3gena pero af\u00edn. \u00bfFernando Ara\u00fajo Perdomo?<\/p>\n<p>Hasta la fecha han manifestado inter\u00e9s de aspirar 363 personas de las cuales, 260 son a Concejos, 9 a la Asamblea, 53 a las localidades, 40 a Alcald\u00edas y uno a la Gobernaci\u00f3n de Bol\u00edvar.<\/p>\n<p>Con la presencia del expresidente \u00c1lvaro Uribe, la directora Nacional del Centro Democr\u00e1tico, Nubia Estela Mart\u00ednez, el senador Fernando Nicol\u00e1s Ara\u00fajo y directoristas departamentales se efectu\u00f3 un encuentro con los interesados en aspirar por la colectividad a las diferentes corporaciones p\u00fablicas en Bol\u00edvar.<\/p>\n<p>Durante el evento, uno a uno de los que han manifestado inter\u00e9s de ser avalados expusieron la principal propuesta para su comunidad.\u00a0 En su mayor\u00eda coincidieron con la necesidad de tener los servicios b\u00e1sicos satisfechos y enfocar\u00e1n sus esfuerzos en este prop\u00f3sito.<\/p>\n<p>Tras escucharlos a todos, el expresidente Uribe manifest\u00f3 que \u201cmientras escuchamos a los precandidatos a diferentes cargos y corporaciones, m\u00e1s cifras convincentes refuerzan la propuesta de invertir regal\u00edas exclusivamente en Saneamiento B\u00e1sico\u201d.<\/p>\n<p>As\u00ed mismo, enfatiz\u00f3 que \u201cvamos por candidatos de lujo, en toda Colombia. Es mejor perder la contienda electoral con un candidato con grandes valores morales que ganar con la corrupci\u00f3n. A nosotros en el Centro Democr\u00e1tico nos interesa promover candidatos de las mejores calidades humanas\u201d.<\/p>\n<p>Por su parte, la directora Mart\u00ednez celebr\u00f3 la masiva inscripci\u00f3n de interesados en aspirar en Bol\u00edvar por el uribismo. \u201cQu\u00e9 grato recibir tantos aspirantes a aval del Partido en Bol\u00edvar. Es una validaci\u00f3n acerca de nuestra colectividad. Escogeremos con lupa para mantener nuestra identidad de compromiso con la probidad en el manejo de recursos p\u00fablicos\u201d, dijo.<\/p>\n<p>En ese sentido, el senador Ara\u00fajo manifest\u00f3 que el Partido ha demostrado coherencia, fuerza en las convicciones y principios, \u201cel Centro Democr\u00e1tico en Bol\u00edvar no puede ser inferior a esa grandeza, por eso nos corresponde asumir un rol de liderazgo fundamental con vocaci\u00f3n de servicio y de poder desde las corporaciones, para hacer las transformaciones que requiere el departamento que tiene entre sus hijos 210 mil que viven en la miseria\u201d.<\/p>\n<p>&nbsp;<\/p>\n","protected":false},"excerpt":{"rendered":"<p>\u00bfQu\u00e9 tanto peso pol\u00edtico tienen los aspirantes del Centro Democr\u00e1tico a la Alcald\u00eda de Cartagena? \u00bfPodr\u00e1 alguno de ellos ser la f\u00f3rmula ganadora? o \u00bfTendr\u00e1 el CD que ir en alianza con un candidato de otra vertiente? Esos y otros interrogantes son los que comenz\u00f3 a despejar la colectividad tras el ejercicio de auscultaci\u00f3n de eventuales candidaturas, tanto a Alcald\u00eda de Cartagena como a municipios en Bol\u00edvar. Los aspirantes a suceder a Pedrito Pereira son\u00a0Minerva Romero Julio, Ambrosio Fern\u00e1ndez Mart\u00ednez, Gabriel Rodr\u00edguez Osorio y Francisco Hern\u00e1ndez Salgado. No se tiene&#8230; <\/p>\n","protected":false},"author":3,"featured_media":29311,"comment_status":"open","ping_status":"closed","sticky":false,"template":"","format":"standard","meta":{"footnotes":"","_links_to":"","_links_to_target":""},"categories":[75,4],"tags":[],"class_list":["post-29310","post","type-post","status-publish","format-standard","has-post-thumbnail","hentry","category-destacada","category-politica"],"_links":{"self":[{"href":"https:\/\/revistazetta.com\/index.php?rest_route=\/wp\/v2\/posts\/29310","targetHints":{"allow":["GET"]}}],"collection":[{"href":"https:\/\/revistazetta.com\/index.php?rest_route=\/wp\/v2\/posts"}],"about":[{"href":"https:\/\/revistazetta.com\/index.php?rest_route=\/wp\/v2\/types\/post"}],"author":[{"embeddable":true,"href":"https:\/\/revistazetta.com\/index.php?rest_route=\/wp\/v2\/users\/3"}],"replies":[{"embeddable":true,"href":"https:\/\/revistazetta.com\/index.php?rest_route=%2Fwp%2Fv2%2Fcomments&post=29310"}],"version-history":[{"count":0,"href":"https:\/\/revistazetta.com\/index.php?rest_route=\/wp\/v2\/posts\/29310\/revisions"}],"wp:featuredmedia":[{"embeddable":true,"href":"https:\/\/revistazetta.com\/index.php?rest_route=\/wp\/v2\/media\/29311"}],"wp:attachment":[{"href":"https:\/\/revistazetta.com\/index.php?rest_route=%2Fwp%2Fv2%2Fmedia&parent=29310"}],"wp:term":[{"taxonomy":"category","embeddable":true,"href":"https:\/\/revistazetta.com\/index.php?rest_route=%2Fwp%2Fv2%2Fcategories&post=29310"},{"taxonomy":"post_tag","embeddable":true,"href":"https:\/\/revistazetta.com\/index.php?rest_route=%2Fwp%2Fv2%2Ftags&post=29310"}],"curies":[{"name":"wp","href":"https:\/\/api.w.org\/{rel}","templated":true}]}}