{"id":29334,"date":"2019-03-18T18:14:02","date_gmt":"2019-03-18T23:14:02","guid":{"rendered":"http:\/\/www.revistazetta.com\/?p=29334"},"modified":"2019-03-18T18:14:02","modified_gmt":"2019-03-18T23:14:02","slug":"papo-rosario-se-retira-gran-combo-luego-38-anos","status":"publish","type":"post","link":"https:\/\/revistazetta.com\/?p=29334","title":{"rendered":"Papo Rosario se retira de El Gran Combo luego de 38 a\u00f1os"},"content":{"rendered":"<p>Luego de 38 a\u00f1os como uno de los pilares de El Gran Combo dePuerto Rico, Luis \u201cPapo\u201d Rosario confirm\u00f3 su retiro de la agrupaci\u00f3n, inform\u00f3 el Nuevo D\u00eda, de san Juan de Puerto Rico.<\/p>\n<p>El int\u00e9rprete de \u201cEl carbonerito\u201d llevaba m\u00e1s de un a\u00f1o fuera de la agrupaci\u00f3n tras someterse a tres intervenciones quir\u00fargicas para un padecimiento de espalda, y su regreso a los escenarios era incierto.<\/p>\n<p><strong>\u201cHemos llegado a un acuerdo junto con mis familiares, junto con el se\u00f1or caballero Rafael Ithier, mis compa\u00f1eros de trabajo, hemos tomado la dif\u00edcil decisi\u00f3n, yo he tomado la decisi\u00f3n de mi retiro\u201d<\/strong>, expres\u00f3 Rosario durante el segmento de \u201cEl Guitarre\u00f1o\u201d, en el programa\u00a0P\u00e9gate al Mediod\u00eda (Wapa TV), de Puerto Rico.<\/p>\n<p><strong>\u201cMe retiro, pero es hacia mi hogar\u2026 con el favor de Dios, continuar\u00e9 en alguna faceta. Ya Dios me dir\u00e1, como ya me ha dicho \u2018Papo, ac\u00f3gete a tu retiro\u2019, en alguna faceta yo estar\u00e9 en algunos medio, porque hasta el d\u00eda en que me retire, que papa Dios me mande a buscar, seguir\u00e9 siendo Papo Rosario, en de El Gran Combo\u201d<\/strong>, a\u00f1adi\u00f3 acompa\u00f1ado por su hijo Aniel.<\/p>\n<p>\u00abNo me retiro de los medios, y con el favor de Dios, continuar\u00e9 en alguna otra faceta, porque todav\u00eda, hasta el d\u00eda que pap\u00e1 Dios me retire, seguir\u00e9 siendo Papo Rosario, el del Gran Combo\u00bb, enfatiz\u00f3.<\/p>\n<p>Abund\u00f3 que su relaci\u00f3n con Ithier, co-fundador de la orquesta en 1962, y la agrupaci\u00f3n \u00abcontin\u00faa siendo la misma\u00bb.<\/p>\n<p>https:\/\/www.elnuevodia.com\/entretenimiento\/musica\/nota\/paporosarioanunciasuretirodeelgrancombodepuertorico-2482800\/<\/p>\n<p>\u00abNosotros somos una familia, un matrimonio gigante. Pasamos nuestras cositas, las resolvemos entre nosotros y yo me doy una palmada en el pecho. Y seguir\u00e9 siendo parte de esa familia\u00bb, puntualiz\u00f3.<\/p>\n<p>Debido al problema de salud de Rosario, Joselito Hern\u00e1ndez ha reemplazado a \u00e9ste.<\/p>\n<p>La salida de Rosario de El Gran Combo de Puerto Rico es la segunda de un cantante del grupo en los pasados cinco a\u00f1os, desde que Charlie Aponte anunci\u00f3 su retiro tras 41 a\u00f1os con la orquesta.<\/p>\n<p>Desde entonces, Aponte ha lanzado un par de discos como solista, \u00abUna nueva historia\u00bb (2015) y \u00abPa&#8217; mi gente\u00bb (2018).<\/p>\n<p>Tras la salida de Aponte, \u00e9ste fue reemplazado por Anthony Garc\u00eda, constituyendo entonces con Hern\u00e1ndez y Jerry Rivas, el tr\u00edo de cantantes de la legendaria orquesta.<\/p>\n<p>Ithier, junto al fenecido saxofonista Eddie \u00abLa bala\u00bb P\u00e9rez y Roberto Roena fundaron en 1962 El Gran Combo de Puerto Rico.<\/p>\n<p>El tr\u00edo organiz\u00f3 la reconocida agrupaci\u00f3n luego de romper con el grupo de Rafael Cortijo y su Combo, al que pertenecieron ocho a\u00f1os y en el que tambi\u00e9n estuvo el fenecido cantante Ismael Rivera, mejor conocido como \u00abEl sonero mayor\u00bb.<\/p>\n<p>&nbsp;<\/p>\n","protected":false},"excerpt":{"rendered":"<p>Luego de 38 a\u00f1os como uno de los pilares de El Gran Combo dePuerto Rico, Luis \u201cPapo\u201d Rosario confirm\u00f3 su retiro de la agrupaci\u00f3n, inform\u00f3 el Nuevo D\u00eda, de san Juan de Puerto Rico. El int\u00e9rprete de \u201cEl carbonerito\u201d llevaba m\u00e1s de un a\u00f1o fuera de la agrupaci\u00f3n tras someterse a tres intervenciones quir\u00fargicas para un padecimiento de espalda, y su regreso a los escenarios era incierto. \u201cHemos llegado a un acuerdo junto con mis familiares, junto con el se\u00f1or caballero Rafael Ithier, mis compa\u00f1eros de trabajo, hemos tomado la&#8230; <\/p>\n","protected":false},"author":3,"featured_media":29335,"comment_status":"open","ping_status":"closed","sticky":false,"template":"","format":"standard","meta":{"footnotes":"","_links_to":"","_links_to_target":""},"categories":[41,75,43],"tags":[],"class_list":["post-29334","post","type-post","status-publish","format-standard","has-post-thumbnail","hentry","category-cultura","category-destacada","category-cultura-musica"],"_links":{"self":[{"href":"https:\/\/revistazetta.com\/index.php?rest_route=\/wp\/v2\/posts\/29334","targetHints":{"allow":["GET"]}}],"collection":[{"href":"https:\/\/revistazetta.com\/index.php?rest_route=\/wp\/v2\/posts"}],"about":[{"href":"https:\/\/revistazetta.com\/index.php?rest_route=\/wp\/v2\/types\/post"}],"author":[{"embeddable":true,"href":"https:\/\/revistazetta.com\/index.php?rest_route=\/wp\/v2\/users\/3"}],"replies":[{"embeddable":true,"href":"https:\/\/revistazetta.com\/index.php?rest_route=%2Fwp%2Fv2%2Fcomments&post=29334"}],"version-history":[{"count":0,"href":"https:\/\/revistazetta.com\/index.php?rest_route=\/wp\/v2\/posts\/29334\/revisions"}],"wp:featuredmedia":[{"embeddable":true,"href":"https:\/\/revistazetta.com\/index.php?rest_route=\/wp\/v2\/media\/29335"}],"wp:attachment":[{"href":"https:\/\/revistazetta.com\/index.php?rest_route=%2Fwp%2Fv2%2Fmedia&parent=29334"}],"wp:term":[{"taxonomy":"category","embeddable":true,"href":"https:\/\/revistazetta.com\/index.php?rest_route=%2Fwp%2Fv2%2Fcategories&post=29334"},{"taxonomy":"post_tag","embeddable":true,"href":"https:\/\/revistazetta.com\/index.php?rest_route=%2Fwp%2Fv2%2Ftags&post=29334"}],"curies":[{"name":"wp","href":"https:\/\/api.w.org\/{rel}","templated":true}]}}