{"id":29336,"date":"2019-03-18T23:13:34","date_gmt":"2019-03-19T04:13:34","guid":{"rendered":"http:\/\/www.revistazetta.com\/?p=29336"},"modified":"2019-03-18T23:13:34","modified_gmt":"2019-03-19T04:13:34","slug":"orbita-politica-john-zamora-martes-19-marzo","status":"publish","type":"post","link":"https:\/\/revistazetta.com\/?p=29336","title":{"rendered":"\u00d3rbita Pol\u00edtica de John Zamora \u2013 martes 19 de marzo"},"content":{"rendered":"<p><strong>Aj\u00e1, \u00a1def\u00ednanse!<\/strong><\/p>\n<p>Los concejales se quejan con frecuencia porque muchos funcionarios citados no acuden a los llamados, y luego amenazan hasta con mociones de censura\u2026<\/p>\n<p>\u2026 y resulta que cuando los funcionarios asisten \u00a1les aplazan!<\/p>\n<p>Ya pas\u00f3 la semana pasada con la Secretaria de Educaci\u00f3n, Claudia Almeida, y volvi\u00f3 a pasar este lunes con la Secretaria General, Marta Seidel.<\/p>\n<p>En el caso de Almeida, se dijo que era para tener m\u00e1s tiempo e invitar a otros actores del sector\u2026 en el caso de Seidel, para pedirle m\u00e1s detalles t\u00e9cnicos de la informaci\u00f3n\u2026<\/p>\n<p>Aj\u00e1, \u00bfy acaso para eso no son los cronogramas? \u00bfY por qu\u00e9 no invitaron con tiempo a quien quieran invitar y por que no piden los datos en la misma citaci\u00f3n?<\/p>\n<p>Entonces\u2026 malo si el funcionario no va, pero si el funcionario acude entonces tampoco\u2026 \u00a1def\u00ednanse!<\/p>\n<p>&nbsp;<\/p>\n<p><strong>Un Canal, dos candidatos<\/strong><\/p>\n<p>El noticiero del Canal Cartagena tendr\u00e1 nuevo director y nuevo editor pol\u00edtico. El director actual, Nabil B\u00e1ladi, sale para aspirar a la Alcald\u00eda del Cartagena por el Polo Democr\u00e1tico, y el editor pol\u00edtico Orlando Garc\u00eda Brito saldr\u00e1 con aval del partido Verde para aspirar a la Alcald\u00eda de Turbana, donde fue concejal.<\/p>\n<p>El Noticiero Popular de RCN Radio tuvo dos alcaldes con Campo El\u00edas y Manolo, as\u00ed que no ser\u00e1n los primeros ni los \u00faltimos en cruzar la raya del periodismo a la pol\u00edtica electoral. Eso s\u00ed, ya es hora de hacerle esa salvedad a los televidentes, para que sepan en qu\u00e9 andan quienes les informan.<\/p>\n<p>&nbsp;<\/p>\n<p><strong>Juglar y acordeonero<\/strong><\/p>\n<p>William Garc\u00eda Tirado no tiene ninguna ambici\u00f3n musical, ni pretende desbancar a Juancho Polo, Alejo Dur\u00e1n, Colacho Mendoza, Emiliano Zuleta\u2026 ni buscar\u00e1 ser Rey Vallenato\u2026 no\u2026 su meta no est\u00e1 en la ejecuci\u00f3n del \u201carrugado\u201d sino en llegar a la Alcald\u00eda de Cartagena\u2026 En su cuenta de Instagram public\u00f3 esta foro acompa\u00f1ado de varios ni\u00f1os y escribi\u00f3: \u201cEn mi proyecto de ciudad, la cultura de la m\u00fasica, el baile y el arte ser\u00e1n pilar fundamental para el desarrollo personal y social de los ni\u00f1os\u201d.<\/p>\n","protected":false},"excerpt":{"rendered":"<p>Aj\u00e1, \u00a1def\u00ednanse! Los concejales se quejan con frecuencia porque muchos funcionarios citados no acuden a los llamados, y luego amenazan hasta con mociones de censura\u2026 \u2026 y resulta que cuando los funcionarios asisten \u00a1les aplazan! Ya pas\u00f3 la semana pasada con la Secretaria de Educaci\u00f3n, Claudia Almeida, y volvi\u00f3 a pasar este lunes con la Secretaria General, Marta Seidel. En el caso de Almeida, se dijo que era para tener m\u00e1s tiempo e invitar a otros actores del sector\u2026 en el caso de Seidel, para pedirle m\u00e1s detalles t\u00e9cnicos de&#8230; <\/p>\n","protected":false},"author":3,"featured_media":29337,"comment_status":"open","ping_status":"closed","sticky":false,"template":"","format":"standard","meta":{"footnotes":"","_links_to":"","_links_to_target":""},"categories":[75,44,45],"tags":[],"class_list":["post-29336","post","type-post","status-publish","format-standard","has-post-thumbnail","hentry","category-destacada","category-materiagris","category-orbita"],"_links":{"self":[{"href":"https:\/\/revistazetta.com\/index.php?rest_route=\/wp\/v2\/posts\/29336","targetHints":{"allow":["GET"]}}],"collection":[{"href":"https:\/\/revistazetta.com\/index.php?rest_route=\/wp\/v2\/posts"}],"about":[{"href":"https:\/\/revistazetta.com\/index.php?rest_route=\/wp\/v2\/types\/post"}],"author":[{"embeddable":true,"href":"https:\/\/revistazetta.com\/index.php?rest_route=\/wp\/v2\/users\/3"}],"replies":[{"embeddable":true,"href":"https:\/\/revistazetta.com\/index.php?rest_route=%2Fwp%2Fv2%2Fcomments&post=29336"}],"version-history":[{"count":0,"href":"https:\/\/revistazetta.com\/index.php?rest_route=\/wp\/v2\/posts\/29336\/revisions"}],"wp:featuredmedia":[{"embeddable":true,"href":"https:\/\/revistazetta.com\/index.php?rest_route=\/wp\/v2\/media\/29337"}],"wp:attachment":[{"href":"https:\/\/revistazetta.com\/index.php?rest_route=%2Fwp%2Fv2%2Fmedia&parent=29336"}],"wp:term":[{"taxonomy":"category","embeddable":true,"href":"https:\/\/revistazetta.com\/index.php?rest_route=%2Fwp%2Fv2%2Fcategories&post=29336"},{"taxonomy":"post_tag","embeddable":true,"href":"https:\/\/revistazetta.com\/index.php?rest_route=%2Fwp%2Fv2%2Ftags&post=29336"}],"curies":[{"name":"wp","href":"https:\/\/api.w.org\/{rel}","templated":true}]}}