{"id":29347,"date":"2019-03-20T07:31:38","date_gmt":"2019-03-20T12:31:38","guid":{"rendered":"http:\/\/www.revistazetta.com\/?p=29347"},"modified":"2019-03-20T07:31:38","modified_gmt":"2019-03-20T12:31:38","slug":"luis-daniel-mete-presion-decision-aval-liberal-gobernacion","status":"publish","type":"post","link":"https:\/\/revistazetta.com\/?p=29347","title":{"rendered":"Luis Daniel \u201cmete presi\u00f3n\u201d a decisi\u00f3n de aval liberal para Gobernaci\u00f3n"},"content":{"rendered":"<p>El exgobernador Luis Daniel Vargas gener\u00f3 un hecho pol\u00edtico al radicar formalmente una carta de solicitud a la Direcci\u00f3n Nacional del Partido Liberal para obtener aval para ser candidato a la Gobernaci\u00f3n de Bol\u00edvar, con lo que le agreg\u00f3 una dosis de presi\u00f3n a la decisi\u00f3n donde tienen la misma expectativa Fejed Al\u00ed Badr\u00e1n y \u00c1lvaro Redondo.<\/p>\n<p>La carta est\u00e1 dirigida al senador Lidio Garc\u00eda Turbay, jefe liberal en Bol\u00edvar y quien tiene en sus manos esta decisi\u00f3n.<\/p>\n<p>Antes de Vargas S\u00e1nchez, una carta en id\u00e9ntico sentido fue radicada hace un mes por \u00c1lvaro Redondo, quien no solo tiene la esperanza de ser el avalado liberal, sino tambi\u00e9n se ha acercado al minoritario partido ASI, que no tiene representaci\u00f3n pol\u00edtica ni en el Concejo de Cartagena ni en la Asamblea de Bol\u00edvar.<\/p>\n<p>Al\u00ed Badr\u00e1n ha manifestado p\u00fablicamente, tal como lo expres\u00f3 en entrevista con Revista Zetta, que espera el aval liberal y reconoce la jefatura del senador Garc\u00eda Turbay.<\/p>\n<p>Tambi\u00e9n, en entrevista con Revista Zetta, el senador Lidio Garc\u00eda ha dado como punto de referencia temporal la Semana Santa, para dar a conocer la decisi\u00f3n.<\/p>\n<p>&nbsp;<\/p>\n<p>Este es el texto de la carta de Luis Daniel Vargas S\u00e1nchez al senador Lidio Garc\u00eda Turbay:<\/p>\n<p>&nbsp;<\/p>\n<p>Cartagena de Indias, Marzo 15 de 2019<\/p>\n<p>&nbsp;<\/p>\n<p>Senador<\/p>\n<p>LIDIO GARCIA TURBAY<\/p>\n<p>Presidente Directorio Liberal de Bol\u00edvar<\/p>\n<ol>\n<li>\u00a0S. \u00a0M.<\/li>\n<\/ol>\n<p>&nbsp;<\/p>\n<p>&nbsp;<\/p>\n<p>Apreciado Senador:<\/p>\n<p>&nbsp;<\/p>\n<p>De conformidad con la Resoluci\u00f3n N\u00ba 5450 del 19 de diciembre de 2018 y el art\u00edculo 74 de los Estatutos del Partido Liberal, por su muy digno conducto, solicito a la Direcci\u00f3n Nacional Liberal el aval del Partido Liberal Colombiano con el fin de participar en la elecci\u00f3n de Gobernador del Departamento de Bol\u00edvar, que se llevar\u00e1 a cabo el 27 de octubre de 2019, periodo constitucional 2020-2023, con fundamento en las siguientes consideraciones:<\/p>\n<p>&nbsp;<\/p>\n<p>1) Desde mis \u00e9pocas de juventud he participado activamente en el Partido Liberal, inici\u00e1ndome en \u00a0las Juventudes Liberales Lleristas en el llamado Consenso de San Carlos (1978), posteriormente fui Secretario Ejecutivo de la Sociedad Econ\u00f3mica de Amigos del Pa\u00eds, seccional Cartagena (1984), \u00f3rgano consultivo y de estudio del Partido Liberal, as\u00ed como Secretario General del Directorio Liberal Municipal de Cartagena (1992), miembro en varias oportunidades del Directorio Liberal Departamental de Bol\u00edvar, participante en los cuadros directivos en todas las campa\u00f1as presidenciales de los candidatos liberales y asistente activo en casi todas las Convenciones o Congresos Nacionales del Partido Liberal.<\/p>\n<p>&nbsp;<\/p>\n<p>2) En los cargos p\u00fablicos que he ocupado como Secretario de Educaci\u00f3n Departamental de Bol\u00edvar (1988), Secretario de Educaci\u00f3n del Distrito de Cartagena de Indias (1990) y Vicepresidente Nacional de TELECOM (1995), lo hice a nombre de grupos o movimientos pol\u00edticos liberales.<\/p>\n<p>&nbsp;<\/p>\n<p>3) Igualmente en los cargos de elecci\u00f3n popular en que he participado como Concejal (S) de Cartagena (1988), Diputado (S) (1998), Gobernador de Bol\u00edvar y candidato al Senado de la Rep\u00fablica (2006), siempre con las banderas y el aval del Partido Liberal Colombiano, puedo decir con mucho honor que no he militado en ning\u00fan partido o movimiento pol\u00edtico distinto al Liberal, en mis cuarenta a\u00f1os de vida p\u00fablica y pol\u00edtica.<\/p>\n<p>&nbsp;<\/p>\n<p>4) Cuando ejerc\u00ed la Gobernaci\u00f3n de Bol\u00edvar en el periodo constitucional del 2001 al 2003, establec\u00ed e implement\u00e9 la gratuidad de la educaci\u00f3n p\u00fablica en los niveles de preescolar, primaria y secundaria en todo el Departamento de Bol\u00edvar, en su momento programa piloto en Colombia, en defensa de los sectores poblacionales menos favorecidos y fiel a los postulados y programas de justicia y equidad social definidos en los Congresos Ideol\u00f3gicos del Partido Liberal.<\/p>\n<p>&nbsp;<\/p>\n<p>5) Considero que tengo la formaci\u00f3n acad\u00e9mica y profesional, como abogado de la Universidad Externado de Colombia, Especialista en Administraci\u00f3n P\u00fablica, Magister en Educaci\u00f3n y Doctor en Ciencias de la Educaci\u00f3n, de la Universidad de Cartagena, para dirigir los destinos del Departamento de Bol\u00edvar.<\/p>\n<p>&nbsp;<\/p>\n<p>6) En desarrollo de las actividades previas a la campa\u00f1a, en el entendido que no basta el aval del Partido, me he dedicado y preocupado por hacer liberalismo en los barrios, municipios, organizaciones sociales, universidades, con los j\u00f3venes y mujeres, invit\u00e1ndolos a vincularse y participar en las actividades del Partido Liberal.<\/p>\n<p>&nbsp;<\/p>\n<p>7) Anexo los ejes tem\u00e1ticos con \u00a0los cuales se construir\u00eda el Programa de Gobierno como candidato a la Gobernaci\u00f3n, los cuales se refieren a:<\/p>\n<p>a-Educaci\u00f3n, Cultura y Deportes.<\/p>\n<p>b-Salud y Saneamiento B\u00e1sico.<\/p>\n<p>c-Generaci\u00f3n de Ingresos y Emprendimiento Juvenil.<\/p>\n<p>d-Territorio y Gesti\u00f3n del Riesgo.<\/p>\n<p>e-Construcci\u00f3n de la Paz, el Post Acuerdo y la Convivencia Ciudadana.<\/p>\n<p>&nbsp;<\/p>\n<p>8) Acompa\u00f1o adem\u00e1s a la presente solicitud de aval, mi hoja de vida y los certificados actualizados a la fecha, de antecedentes fiscales de la Contralor\u00eda General de la Rep\u00fablica, de antecedentes disciplinarios ordinarios y especiales de la Procuradur\u00eda General de la Naci\u00f3n y de la Polic\u00eda Nacional.<\/p>\n<p>&nbsp;<\/p>\n<p>Senador Lidio, agradezco la deferencia que siempre me ha dispensado y confiando en la sabidur\u00eda de las jerarqu\u00edas del Partido Liberal coloco a su disposici\u00f3n toda mi capacidad de trabajo, con disciplina y honestidad para representar dignamente a mi Partido en las pr\u00f3ximas elecciones regionales.<\/p>\n<p>&nbsp;<\/p>\n<p>Con la m\u00e1s alta consideraci\u00f3n de aprecio y respeto, me suscribo,<\/p>\n<p>&nbsp;<\/p>\n<p>&nbsp;<\/p>\n<p><strong>LUIS DANIEL VARGAS S\u00c1NCHEZ<\/strong><\/p>\n<ol start=\"73\">\n<li>N\u00ba 73.075.927 de Cartagena<\/li>\n<\/ol>\n","protected":false},"excerpt":{"rendered":"<p>El exgobernador Luis Daniel Vargas gener\u00f3 un hecho pol\u00edtico al radicar formalmente una carta de solicitud a la Direcci\u00f3n Nacional del Partido Liberal para obtener aval para ser candidato a la Gobernaci\u00f3n de Bol\u00edvar, con lo que le agreg\u00f3 una dosis de presi\u00f3n a la decisi\u00f3n donde tienen la misma expectativa Fejed Al\u00ed Badr\u00e1n y \u00c1lvaro Redondo. La carta est\u00e1 dirigida al senador Lidio Garc\u00eda Turbay, jefe liberal en Bol\u00edvar y quien tiene en sus manos esta decisi\u00f3n. Antes de Vargas S\u00e1nchez, una carta en id\u00e9ntico sentido fue radicada hace&#8230; <\/p>\n","protected":false},"author":3,"featured_media":29348,"comment_status":"open","ping_status":"closed","sticky":false,"template":"","format":"standard","meta":{"footnotes":"","_links_to":"","_links_to_target":""},"categories":[75,4],"tags":[],"class_list":["post-29347","post","type-post","status-publish","format-standard","has-post-thumbnail","hentry","category-destacada","category-politica"],"_links":{"self":[{"href":"https:\/\/revistazetta.com\/index.php?rest_route=\/wp\/v2\/posts\/29347","targetHints":{"allow":["GET"]}}],"collection":[{"href":"https:\/\/revistazetta.com\/index.php?rest_route=\/wp\/v2\/posts"}],"about":[{"href":"https:\/\/revistazetta.com\/index.php?rest_route=\/wp\/v2\/types\/post"}],"author":[{"embeddable":true,"href":"https:\/\/revistazetta.com\/index.php?rest_route=\/wp\/v2\/users\/3"}],"replies":[{"embeddable":true,"href":"https:\/\/revistazetta.com\/index.php?rest_route=%2Fwp%2Fv2%2Fcomments&post=29347"}],"version-history":[{"count":0,"href":"https:\/\/revistazetta.com\/index.php?rest_route=\/wp\/v2\/posts\/29347\/revisions"}],"wp:featuredmedia":[{"embeddable":true,"href":"https:\/\/revistazetta.com\/index.php?rest_route=\/wp\/v2\/media\/29348"}],"wp:attachment":[{"href":"https:\/\/revistazetta.com\/index.php?rest_route=%2Fwp%2Fv2%2Fmedia&parent=29347"}],"wp:term":[{"taxonomy":"category","embeddable":true,"href":"https:\/\/revistazetta.com\/index.php?rest_route=%2Fwp%2Fv2%2Fcategories&post=29347"},{"taxonomy":"post_tag","embeddable":true,"href":"https:\/\/revistazetta.com\/index.php?rest_route=%2Fwp%2Fv2%2Ftags&post=29347"}],"curies":[{"name":"wp","href":"https:\/\/api.w.org\/{rel}","templated":true}]}}