{"id":29349,"date":"2019-03-20T07:37:57","date_gmt":"2019-03-20T12:37:57","guid":{"rendered":"http:\/\/www.revistazetta.com\/?p=29349"},"modified":"2019-03-20T07:37:57","modified_gmt":"2019-03-20T12:37:57","slug":"sur-sera-eje-desarrollo-la-region-opinion-carlos-feliz-monsalve","status":"publish","type":"post","link":"https:\/\/revistazetta.com\/?p=29349","title":{"rendered":"El Sur ser\u00e1 el eje de desarrollo para la regi\u00f3n &#8211; Opini\u00f3n de Carlos F\u00e9liz Monsalve"},"content":{"rendered":"<p><strong>Por Carlos F\u00e9liz Monsalve (Especial para Revista Zetta).-<\/strong> Lo digo y lo sostengo hoy m\u00e1s que nunca, Bol\u00edvar es territorio rico y diverso, debemos aprovecharlo en su integridad. El sur del departamento tambi\u00e9n hace parte de este ente territorial, y sus potencialidades deben ser el motor que impulse no solo el desarrollo local, sino el de toda una regi\u00f3n.<\/p>\n<p>&nbsp;<\/p>\n<p>Mi recorrido por gran parte del cono sur de Bol\u00edvar, me permiti\u00f3 reafirmar mis convicciones y sensaciones acerca de esta zona, pues, sus amplias tierras f\u00e9rtiles para cultivos, abundancia h\u00eddrica y riqueza en minerales, son razones m\u00e1s que justificadas para que sea parte del progreso en la agenda del nuevo gobierno. Aqu\u00ed, debemos partir del trabajo mancomunado y solidario, es decir, el concurso de todas las autoridades llamadas a convertir a la regi\u00f3n austral, en el engranaje fundamental de un departamento que debe seguir en alza.<\/p>\n<p>&nbsp;<\/p>\n<p>Con lo anterior quiero reiterar, o m\u00e1s bien dejar claro, si hasta aqu\u00ed no lo he sido, que el aprovechamiento de la polivalencia de nuestra tierra debe ser la empresa que geste la transformaci\u00f3n social de Bol\u00edvar. Tengo total certeza que, el crecimiento en las distintas \u00e1reas productivas que se pueden emprender, lograr\u00e1 la consolidaci\u00f3n de nuestro departamento como una de las tres potencias econ\u00f3micas de Colombia.<\/p>\n<p>&nbsp;<\/p>\n<p>Y es que la vocaci\u00f3n de nuestra gente se encuentra en el campo, el 80 % de nuestro sistema productivo se centra en el \u00e1rea rural. No podemos desaprovechar la abundancia que nuestra posici\u00f3n geogr\u00e1fica nos regala, por lo que, debemos empezar por la formalizaci\u00f3n del trabajo campestre; la entrega de las herramientas para que nuestros productores tengan garant\u00edas reales de no solo subsistencia, sino de vivir en condiciones dignas y coherentes con la actividad tan importante que ejecutan.<\/p>\n<p>&nbsp;<\/p>\n<p>Por tales razones, creo que el primer paso, o el primer rengl\u00f3n que se debe resaltar para la consecuci\u00f3n de la consolidaci\u00f3n del sur como eje de desarrollo de la regi\u00f3n, es arropar al factor humano de garant\u00edas. No podemos desconocer que durante a\u00f1os este ha sido la principal apuesta, pero la misma no puede ser abordada desde un solo sector, sino de manera transversal, es decir, la suma de acciones desde diferentes frentes que a\u00fanen los esfuerzos suficientes para retemplar el orgullo de ser bolivarenses.<\/p>\n<p>&nbsp;<\/p>\n<p>No es un secreto que la Serran\u00eda de San Lucas alberga un yacimiento de oro envidiable, sin embargo, el mismo ha sido objeto de disputa por los grupos al margen de la ley, raz\u00f3n por la cual, se deben seguir emprendiendo acciones tendientes a la consecuci\u00f3n de una verdadera percepci\u00f3n de seguridad, que no solo erradique el manto delincuencial, sino que estabilice socialmente la regi\u00f3n. As\u00ed mismo, la participaci\u00f3n comunitaria es fundamental, ya que solo a trav\u00e9s del respaldo que le entreguen a las medidas adoptadas, se lograr\u00e1 el aprovechamiento \u00edntegro de la zona.<\/p>\n<p>&nbsp;<\/p>\n<p>La miner\u00eda ilegal debe ser rezagada, y en su lugar se debe dar paso a peque\u00f1as unidades productivas de mineros que quieran trabajar bajo el asomo de la ley. Esta idea, de la mano de proyectos de infraestructura en las v\u00edas primarias (con apoyo del Gobierno Nacional), secundarias y terciarias de nuestros municipios, ser\u00e1 la puerta de progreso que durante a\u00f1os se ha estado esperando.<\/p>\n<p>&nbsp;<\/p>\n<p>En cuanto al sector agropecuario, creo que es imperioso tecnificar los cultivos propios de la regi\u00f3n, para que se abran los mercados tanto nacionales como internacionales, y para ello, debemos poner en marcha las buenas pr\u00e1cticas aplicadas en otras regiones de Bol\u00edvar, como la zona de los Montes de Mar\u00eda y Canal del Dique, donde la siembra de productos es su gran fortaleza, lo que simult\u00e1neamente ha tra\u00eddo consigo la inmersi\u00f3n de los mismo en mercados for\u00e1neos.<\/p>\n<p>&nbsp;<\/p>\n<p>Necesitamos una verdadera integraci\u00f3n departamental, donde cada municipio le entregue a su comunidad ese grano de reconciliaci\u00f3n necesitado, para recobrar desde los diversos rincones la grandeza de esta tierra.<\/p>\n<p><em>\u00a0<\/em><\/p>\n<p><strong><em><u>CARLOS FELIZ MONSALVE<\/u><\/em><\/strong><\/p>\n<p>&nbsp;<\/p>\n<p>&nbsp;<\/p>\n<p>&nbsp;<\/p>\n","protected":false},"excerpt":{"rendered":"<p>Por Carlos F\u00e9liz Monsalve (Especial para Revista Zetta).- Lo digo y lo sostengo hoy m\u00e1s que nunca, Bol\u00edvar es territorio rico y diverso, debemos aprovecharlo en su integridad. El sur del departamento tambi\u00e9n hace parte de este ente territorial, y sus potencialidades deben ser el motor que impulse no solo el desarrollo local, sino el de toda una regi\u00f3n. &nbsp; Mi recorrido por gran parte del cono sur de Bol\u00edvar, me permiti\u00f3 reafirmar mis convicciones y sensaciones acerca de esta zona, pues, sus amplias tierras f\u00e9rtiles para cultivos, abundancia h\u00eddrica&#8230; <\/p>\n","protected":false},"author":3,"featured_media":29350,"comment_status":"open","ping_status":"closed","sticky":false,"template":"","format":"standard","meta":{"footnotes":"","_links_to":"","_links_to_target":""},"categories":[75,44,65],"tags":[],"class_list":["post-29349","post","type-post","status-publish","format-standard","has-post-thumbnail","hentry","category-destacada","category-materiagris","category-opinion"],"_links":{"self":[{"href":"https:\/\/revistazetta.com\/index.php?rest_route=\/wp\/v2\/posts\/29349","targetHints":{"allow":["GET"]}}],"collection":[{"href":"https:\/\/revistazetta.com\/index.php?rest_route=\/wp\/v2\/posts"}],"about":[{"href":"https:\/\/revistazetta.com\/index.php?rest_route=\/wp\/v2\/types\/post"}],"author":[{"embeddable":true,"href":"https:\/\/revistazetta.com\/index.php?rest_route=\/wp\/v2\/users\/3"}],"replies":[{"embeddable":true,"href":"https:\/\/revistazetta.com\/index.php?rest_route=%2Fwp%2Fv2%2Fcomments&post=29349"}],"version-history":[{"count":0,"href":"https:\/\/revistazetta.com\/index.php?rest_route=\/wp\/v2\/posts\/29349\/revisions"}],"wp:featuredmedia":[{"embeddable":true,"href":"https:\/\/revistazetta.com\/index.php?rest_route=\/wp\/v2\/media\/29350"}],"wp:attachment":[{"href":"https:\/\/revistazetta.com\/index.php?rest_route=%2Fwp%2Fv2%2Fmedia&parent=29349"}],"wp:term":[{"taxonomy":"category","embeddable":true,"href":"https:\/\/revistazetta.com\/index.php?rest_route=%2Fwp%2Fv2%2Fcategories&post=29349"},{"taxonomy":"post_tag","embeddable":true,"href":"https:\/\/revistazetta.com\/index.php?rest_route=%2Fwp%2Fv2%2Ftags&post=29349"}],"curies":[{"name":"wp","href":"https:\/\/api.w.org\/{rel}","templated":true}]}}