{"id":29360,"date":"2019-03-21T05:20:53","date_gmt":"2019-03-21T10:20:53","guid":{"rendered":"http:\/\/www.revistazetta.com\/?p=29360"},"modified":"2019-03-21T05:20:53","modified_gmt":"2019-03-21T10:20:53","slug":"ipcc-celebra-dia-internacional-la-poesia-borrador-poemas","status":"publish","type":"post","link":"https:\/\/revistazetta.com\/?p=29360","title":{"rendered":"IPCC celebra D\u00eda Internacional de la Poes\u00eda con un \u00abBorrador de Poemas\u00bb"},"content":{"rendered":"<p>El Instituto de Patrimonio y Cultura de Cartagena conmemora este jueves 21 de marzo el D\u00eda Internacional de la Poes\u00eda con un \u00abBorrador de Poemas\u00bb, un recital inspirado en la obra de los j\u00f3venes cartageneros David Lorett y Jeroham S\u00e1nchez, el cu\u00e1l contiene entre sus p\u00e1ginas poemas dedicados al amor, al desamor, la soledad, la familia, y dem\u00e1s temas que interesan a adultos y j\u00f3venes.<\/p>\n<p>Para esta jornada, Borrador de Poemas declamado por sus autores, ser\u00e1 uno de los eventos centrales del IPCC, quien se une a la conmemoraci\u00f3n del D\u00eda Internacional de la Poes\u00eda con este recital amenizado por instrumentos musicales que recreen el jazz y otros ritmos musicales.<\/p>\n<p>Iv\u00e1n Sanes, director de esta entidad, extiende la invitaci\u00f3n a todos los cartageneros para que se unan a este rom\u00e1ntico evento en el que pueden compartir con familiares y amigos.<\/p>\n<p>*D\u00eda Internacional de la Poes\u00eda*<\/p>\n<p>La poes\u00eda es una manifestaci\u00f3n de la diversidad en el di\u00e1logo, de la libre circulaci\u00f3n de las ideas por medio de la palabra, de la creatividad y de la innovaci\u00f3n. La poes\u00eda contribuye a la diversidad creativa al cuestionar de manera siempre renovada la forma en que usamos las palabras y las cosas, y nuestros modos de percibir e interpretar la realidad. Merced a sus asociaciones y met\u00e1foras y a su gram\u00e1tica singular, el lenguaje po\u00e9tico constituye, pues, otra faceta posible del di\u00e1logo entre las culturas.<\/p>\n<p>La UNESCO proclam\u00f3 el 21 de marzo como el d\u00eda internacional de la poes\u00eda, durante su 30\u00ba periodo de sesiones, que se celebr\u00f3 en Par\u00eds en 1999.<\/p>\n<p>Este d\u00eda tiene como prop\u00f3sito promover la ense\u00f1anza de la poes\u00eda; fomentar la tradici\u00f3n oral de los recitales de po\u00e9ticos; apoyar a las peque\u00f1as editoriales; crear una imagen atractiva de la poes\u00eda en los medios de comunicaci\u00f3n para que no se considere una forma anticuada de arte, sino una v\u00eda de expresi\u00f3n que permite a las comunidades transmitir sus valores y fueros m\u00e1s internos y reafirmarse en su identidad; y restablecer el di\u00e1logo entre la poes\u00eda y las dem\u00e1s manifestaciones art\u00edsticas, como el teatro, la danza, la m\u00fasica y la pintura.<\/p>\n","protected":false},"excerpt":{"rendered":"<p>El Instituto de Patrimonio y Cultura de Cartagena conmemora este jueves 21 de marzo el D\u00eda Internacional de la Poes\u00eda con un \u00abBorrador de Poemas\u00bb, un recital inspirado en la obra de los j\u00f3venes cartageneros David Lorett y Jeroham S\u00e1nchez, el cu\u00e1l contiene entre sus p\u00e1ginas poemas dedicados al amor, al desamor, la soledad, la familia, y dem\u00e1s temas que interesan a adultos y j\u00f3venes. Para esta jornada, Borrador de Poemas declamado por sus autores, ser\u00e1 uno de los eventos centrales del IPCC, quien se une a la conmemoraci\u00f3n del&#8230; <\/p>\n","protected":false},"author":3,"featured_media":29358,"comment_status":"open","ping_status":"closed","sticky":false,"template":"","format":"standard","meta":{"footnotes":"","_links_to":"","_links_to_target":""},"categories":[41,59],"tags":[],"class_list":["post-29360","post","type-post","status-publish","format-standard","has-post-thumbnail","hentry","category-cultura","category-letras"],"_links":{"self":[{"href":"https:\/\/revistazetta.com\/index.php?rest_route=\/wp\/v2\/posts\/29360","targetHints":{"allow":["GET"]}}],"collection":[{"href":"https:\/\/revistazetta.com\/index.php?rest_route=\/wp\/v2\/posts"}],"about":[{"href":"https:\/\/revistazetta.com\/index.php?rest_route=\/wp\/v2\/types\/post"}],"author":[{"embeddable":true,"href":"https:\/\/revistazetta.com\/index.php?rest_route=\/wp\/v2\/users\/3"}],"replies":[{"embeddable":true,"href":"https:\/\/revistazetta.com\/index.php?rest_route=%2Fwp%2Fv2%2Fcomments&post=29360"}],"version-history":[{"count":0,"href":"https:\/\/revistazetta.com\/index.php?rest_route=\/wp\/v2\/posts\/29360\/revisions"}],"wp:featuredmedia":[{"embeddable":true,"href":"https:\/\/revistazetta.com\/index.php?rest_route=\/wp\/v2\/media\/29358"}],"wp:attachment":[{"href":"https:\/\/revistazetta.com\/index.php?rest_route=%2Fwp%2Fv2%2Fmedia&parent=29360"}],"wp:term":[{"taxonomy":"category","embeddable":true,"href":"https:\/\/revistazetta.com\/index.php?rest_route=%2Fwp%2Fv2%2Fcategories&post=29360"},{"taxonomy":"post_tag","embeddable":true,"href":"https:\/\/revistazetta.com\/index.php?rest_route=%2Fwp%2Fv2%2Ftags&post=29360"}],"curies":[{"name":"wp","href":"https:\/\/api.w.org\/{rel}","templated":true}]}}