{"id":29363,"date":"2019-03-21T05:42:19","date_gmt":"2019-03-21T10:42:19","guid":{"rendered":"http:\/\/www.revistazetta.com\/?p=29363"},"modified":"2019-03-21T05:42:19","modified_gmt":"2019-03-21T10:42:19","slug":"llegan-refuerzos-cuadrantes-la-policia-cartagena","status":"publish","type":"post","link":"https:\/\/revistazetta.com\/?p=29363","title":{"rendered":"Llegan refuerzos para Cuadrantes de la Polic\u00eda en Cartagena"},"content":{"rendered":"<p>Garantizar la seguridad de los cartageneros es una de las prioridades del gobierno del alcalde Pedrito Pereira Caballero. Cumpliendo con este prop\u00f3sito, el mandatario se reuni\u00f3 con las autoridades de Polic\u00eda tanto de la Regional 8, as\u00ed como de la Metropolitana de Cartagena y de Bol\u00edvar, con quienes se establecieron varias acciones a desarrollar aprovechando la llegada a la ciudad de 140 polic\u00edas m\u00e1s.<br \/>\n\u201cDurante la charla se habl\u00f3 sobre las estrategias que se pondr\u00e1n en marcha para garantizar la seguridad en la Heroica, sus corregimientos y en la zona insular\u201d, expres\u00f3 Jos\u00e9 Carlos Puello Rubio, secretario del Interior y Convivencia Ciudadana.<br \/>\nEl funcionario sostuvo que una de las primeras acciones a desarrollar es reforzar los actuales cuadrantes de Polic\u00eda de la ciudad, ya que prontamente se tendr\u00e1n 140 unidades de polic\u00eda que llegan de refuerzo.<br \/>\n\u201cYa llegaron 85 polic\u00edas y se esperan 55 m\u00e1s que solo se utilizar\u00e1n para reforzar los cuadrantes para suplir la necesidad que tiene la ciudad debido al d\u00e9ficit de 100 unidades. Superado el faltante quedan unos 40 polic\u00edas m\u00e1s que ser\u00e1n utilizados para adelantar controles en Cartagena\u201d, explic\u00f3 Puello Rubio.<br \/>\n\u201cAdem\u00e1s, vamos a trabajar en varias campa\u00f1as, en especial en temas relacionados con la tolerancia, que es m\u00e1s poderosa que 100 c\u00e1maras de seguridad y que 100 polic\u00edas en la calle. En Cartagena, de 100 delitos, entre los que se cuentan los homicidios, 90 son por intolerancia\u201d.<br \/>\nTambi\u00e9n se adelantar\u00e1 un plan para llegar a los j\u00f3venes en riesgo, buscar la forma que la ciudadan\u00eda entienda que se debe respetar tener en cuenta los valores, que se han perdido. \u201cHay previstas campa\u00f1as contra el consumo de drogas, el alcohol, factores que generan problemas de seguridad y convivencia\u201d, indic\u00f3.<br \/>\nDijo que despu\u00e9s de conversar con el alcalde Pereira Caballero se tom\u00f3 la decisi\u00f3n de mantener los controles en la ciudad, as\u00ed como los Consejos Comunitarios de Seguridad, los cuales han gustado mucho entre las comunidades. Se establecieron los Controles de Convivencia y Seguridad en las v\u00edas y vienen otra serie de acciones que buscan el buen comportamiento de la ciudadan\u00eda y se mantienen las Caravanas de Seguridad.<br \/>\n\u201cSe sostendr\u00e1n en el tiempo los controles en Transcaribe, ya que no se puede permitir que este buen sistema se va afectado con las ventas ambulantes y otros hechos que afectan la tranquilidad de los usuarios\u201d.<br \/>\nTambi\u00e9n, se continuar\u00e1n con los controles en las playas, los cuales han comenzado a dar buenos frutos. Estac\u00f3 el hecho sucedido recientemente en donde un administrador de un negocio devolvi\u00f3 de manera voluntaria una gruesa suma de dinero que se le hab\u00eda cobrado de m\u00e1s a un turista mexicano.<br \/>\nEl funcionario anunci\u00f3 un reconocimiento a esta persona con la entrega de un pergamino. \u201cEstos ejemplos hay quEe destacarlos y es muestra que los cartageneros est\u00e1n despertando y entendiendo que no deben acabar con la \u00b4gallinita de los huevos de oro\u00b4, como lo es el turismo en la ciudad\u201d.<\/p>\n","protected":false},"excerpt":{"rendered":"<p>Garantizar la seguridad de los cartageneros es una de las prioridades del gobierno del alcalde Pedrito Pereira Caballero. Cumpliendo con este prop\u00f3sito, el mandatario se reuni\u00f3 con las autoridades de Polic\u00eda tanto de la Regional 8, as\u00ed como de la Metropolitana de Cartagena y de Bol\u00edvar, con quienes se establecieron varias acciones a desarrollar aprovechando la llegada a la ciudad de 140 polic\u00edas m\u00e1s. \u201cDurante la charla se habl\u00f3 sobre las estrategias que se pondr\u00e1n en marcha para garantizar la seguridad en la Heroica, sus corregimientos y en la zona&#8230; <\/p>\n","protected":false},"author":3,"featured_media":29364,"comment_status":"open","ping_status":"closed","sticky":false,"template":"","format":"standard","meta":{"footnotes":"","_links_to":"","_links_to_target":""},"categories":[75,32,88],"tags":[],"class_list":["post-29363","post","type-post","status-publish","format-standard","has-post-thumbnail","hentry","category-destacada","category-actualidad-distrito","category-seguridad"],"_links":{"self":[{"href":"https:\/\/revistazetta.com\/index.php?rest_route=\/wp\/v2\/posts\/29363","targetHints":{"allow":["GET"]}}],"collection":[{"href":"https:\/\/revistazetta.com\/index.php?rest_route=\/wp\/v2\/posts"}],"about":[{"href":"https:\/\/revistazetta.com\/index.php?rest_route=\/wp\/v2\/types\/post"}],"author":[{"embeddable":true,"href":"https:\/\/revistazetta.com\/index.php?rest_route=\/wp\/v2\/users\/3"}],"replies":[{"embeddable":true,"href":"https:\/\/revistazetta.com\/index.php?rest_route=%2Fwp%2Fv2%2Fcomments&post=29363"}],"version-history":[{"count":0,"href":"https:\/\/revistazetta.com\/index.php?rest_route=\/wp\/v2\/posts\/29363\/revisions"}],"wp:featuredmedia":[{"embeddable":true,"href":"https:\/\/revistazetta.com\/index.php?rest_route=\/wp\/v2\/media\/29364"}],"wp:attachment":[{"href":"https:\/\/revistazetta.com\/index.php?rest_route=%2Fwp%2Fv2%2Fmedia&parent=29363"}],"wp:term":[{"taxonomy":"category","embeddable":true,"href":"https:\/\/revistazetta.com\/index.php?rest_route=%2Fwp%2Fv2%2Fcategories&post=29363"},{"taxonomy":"post_tag","embeddable":true,"href":"https:\/\/revistazetta.com\/index.php?rest_route=%2Fwp%2Fv2%2Ftags&post=29363"}],"curies":[{"name":"wp","href":"https:\/\/api.w.org\/{rel}","templated":true}]}}