{"id":29368,"date":"2019-03-23T12:13:07","date_gmt":"2019-03-23T17:13:07","guid":{"rendered":"http:\/\/www.revistazetta.com\/?p=29368"},"modified":"2019-03-23T17:25:59","modified_gmt":"2019-03-23T22:25:59","slug":"carteles-oficiales-san-isidro-2019","status":"publish","type":"post","link":"https:\/\/revistazetta.com\/?p=29368","title":{"rendered":"Carteles oficiales de San Isidro 2019"},"content":{"rendered":"<p><em><strong>(Tomado de www.mundotoro.com).-<\/strong><\/em> Plaza1 ha presentado este viernes los carteles de la pr\u00f3xima Feria de San Isidro, un abono que se desarrollar\u00e1 entre el martes 14 de mayo y el domingo 16 de junio y que est\u00e1 compuesta por 27 corridas de toros, tres novilladas picadas y cuatro festejos de rejones. Las combinaciones definitivas en las que ha entrado a \u00faltima hora <strong>El Juli<\/strong> ocupando el puesto inicialmente previsto para <strong>Enrique Ponce<\/strong>, han quedado as\u00ed:<\/p>\n<p><em>M 14\/05<\/em> <strong>Rub\u00e9n Pinar<\/strong>, <strong>Javier Cort\u00e9s y Thomas Dufau<\/strong> (La Quinta)<\/p>\n<p><em>X 15\/05<\/em> <strong>Finito de C\u00f3rdoba<\/strong>, <strong>Diego Urdiales<\/strong>, <strong>Perera<\/strong> (Fuente Ymbro)<\/p>\n<p><em>J 16\/05<\/em> <strong>David Galv\u00e1n<\/strong>,<strong> Juan Ortega <\/strong>y<strong> Joaquin Gald\u00f3s<\/strong> (Valdefresno)<\/p>\n<p><em>V 17\/05<\/em><strong> Joselito Adame<\/strong>, <strong>Rom\u00e1n<\/strong> y <strong>\u00c1lvaro Lorenzo<\/strong> (El Tajo y La Reina)<\/p>\n<p><em>S 18\/05<\/em> <strong>Gin\u00e9s Mar\u00edn<\/strong> y <strong>Luis David<\/strong> y <strong>Pablo Aguado<\/strong> (Montalvo)<\/p>\n<p><em>D 19\/05<\/em> <strong>Andy Cartagena<\/strong>, <strong>Sergio Gal\u00e1n<\/strong> y <strong>Andr\u00e9s Romero<\/strong> (Boh\u00f3rquez)<\/p>\n<p><em>L 20\/05<\/em> Nov. <strong>Rafael Gonz\u00e1lez, Marcos<\/strong> y<strong> Fernando Plaza<\/strong> (Conde de Mayalde)<\/p>\n<p><em>M 21\/05<\/em> <strong>Juan del \u00c1lamo<\/strong>, <strong>Gonzalo Caballero<\/strong> y <strong>Jos\u00e9 Garrido<\/strong> (El Pilar)<\/p>\n<p><em>X 22\/05<\/em> <strong>El Cid<\/strong>,<strong> L\u00f3pez Sim\u00f3n<\/strong> y <strong>Roca Rey<\/strong> (Parlad\u00e9)<\/p>\n<p><em>J 23\/05<\/em><strong> Sebasti\u00e1n Castella<\/strong>, <strong>Emilio de Justo<\/strong> y <strong>\u00c1ngel T\u00e9llez<\/strong> (conf.) (Jandilla)<\/p>\n<p><em>V 24\/05<\/em> <strong>El Juli<\/strong>, <strong>Paco Ure\u00f1a<\/strong> y <strong>David de Miranda<\/strong> (conf.) (Juan Pedro)<\/p>\n<p><em>S 25\/05<\/em> <strong>Octavio Chac\u00f3n<\/strong>,<strong> Javier Cort\u00e9s<\/strong> y<strong> Juan Leal<\/strong> (Pedraza de Yeltes)<\/p>\n<p><em>D 26\/05<\/em> Mart\u00edn Burgos, <strong>Rui Fernandes<\/strong>,\u00a0<strong>Jo\u00e3o Moura jr<\/strong>,\u00a0<strong>Jo\u00e3o Telles<\/strong>,<strong>Roberto Armend\u00e1riz <\/strong>(conf.) y<strong> P\u00e9rez Langa<\/strong> (conf.) (Los Espartales)<\/p>\n<p><em>L 27\/05<\/em> Nov. <strong>\u00c1ngel Jim\u00e9nez<\/strong>, <strong>Francisco de Manuel<\/strong> y <strong>El Galo<\/strong> (La Quinta)<\/p>\n<p><em>M 28\/05<\/em> <strong>Fernando Roble\u00f1o<\/strong>, <strong>G\u00f3mez del Pilar<\/strong> y <strong>\u00c1ngel S\u00e1nchez<\/strong> (Escolar)<\/p>\n<p><em>X 29\/05<\/em> <strong>Daniel Luque<\/strong>, <strong>Octavio Chac\u00f3n<\/strong> y <strong>Emilio de Justo<\/strong> (Victorino)<\/p>\n<p><em>J 30\/05<\/em> <strong>Manuel Escribano<\/strong>, <strong>Roca Rey<\/strong> y <strong>Rom\u00e1n<\/strong> (Adolfo Mart\u00edn)<\/p>\n<p><em>V 31\/05<\/em> <strong>David Mora<\/strong>, <strong>Paco Ure\u00f1a<\/strong> y <strong>\u00c1lvaro Lorenzo<\/strong> (Alcurruc\u00e9n)<\/p>\n<p><em>S 01\/06<\/em> <strong>Curro D\u00edaz<\/strong>, <strong>Antonio Ferrera<\/strong> y <strong>Luis David<\/strong> (Zalduendo)<\/p>\n<p><em>D 02\/06<\/em> <strong>Diego Ventura<\/strong>, <strong>Leonardo Hern\u00e1ndez<\/strong> y <strong>Juan Manuel Munera<\/strong>(conf.) (Guiomar Cortes de Moura)<\/p>\n<p><em>L 03\/06<\/em> Nov. <strong>Juanito<\/strong>, <strong>Antonio Grande<\/strong> y <strong>Diego San Rom\u00e1n<\/strong> (Fuente Ymbro)<\/p>\n<p><em>M 04\/06<\/em> <strong>Morenito de Aranda<\/strong>, <strong>Juan del \u00c1lamo<\/strong> y <strong>Tom\u00e1s Campos<\/strong>(Ramblas)<\/p>\n<p><em>X 05\/06<\/em> <strong>Sebasti\u00e1n Castella<\/strong>, <strong>\u00c1lvaro Lorenzo<\/strong> y <strong>Gin\u00e9s Mar\u00edn<\/strong> (Garcigrande)<\/p>\n<p><em>J 06\/06<\/em> <strong>Antonio Ferrera<\/strong>,<strong> Miguel \u00c1ngel Perera<\/strong> y<strong> L\u00f3pez Sim\u00f3n<\/strong> (Puerto de San Lorenzo)<\/p>\n<p><em>V 07\/06<\/em><strong> Antonio Ferrera, Diego Urdiales y Gin\u00e9s Mar\u00edn <\/strong>(Alcurruc\u00e9n)<strong><br \/>\n<\/strong><\/p>\n<p><em>S 08\/06<\/em> <strong>Pablo Hermoso <\/strong>y <strong>Lea Vicens<\/strong>, mano a mano (Capea)<\/p>\n<p><em>D 09\/06<\/em> <strong>Curro D\u00edaz<\/strong>,<strong> Emilio de Justo<\/strong> y<strong> Pepe Moral<\/strong> (Baltasar Ib\u00e1n)<\/p>\n<p><em>L 10\/06<\/em> <strong>Eugenio de Mora<\/strong>,<strong> Sebasti\u00e1n Ritter<\/strong> y <strong>Francisco Jos\u00e9 Espada<\/strong>(Ventorrillo)<\/p>\n<p><em>M 11\/06<\/em> <strong>Fernando Roble\u00f1o<\/strong>, <strong>Iv\u00e1n Vicente<\/strong> y <strong>Cristian Escribano<\/strong> (Valdell\u00e1n)<\/p>\n<p><em>X 12\/06<\/em> <strong>Diego Ventura<\/strong>, <strong>El Juli<\/strong> y <strong>Diego Urdiales<\/strong> (Cuvillo) (Beneficencia)<\/p>\n<p><em>J 13\/06<\/em> <strong>Rafaelillo<\/strong>, <strong>L\u00f3pez Chaves<\/strong> y<strong> Octavio Chac\u00f3n<\/strong> (Cuadri)<\/p>\n<p><em>V 14\/06<\/em> <strong>Morenito de Aranda<\/strong>, <strong>Pepe Moral<\/strong> y <strong>Jos\u00e9 Garrido<\/strong> (Fuente Ymbro)<\/p>\n<p><em>S 15\/06<\/em>\u00a0<strong>Sebasti\u00e1n Castella<\/strong>, <strong>Roca Rey<\/strong> y <strong>Paco<\/strong> <strong>Ure\u00f1a<\/strong> (Victoriano) (Arte y Cultura)<\/p>\n<p><em>D 16\/06<\/em> <strong>El Fandi<\/strong>, <strong>L\u00f3pez Sim\u00f3n<\/strong> y <strong>Pablo Aguado<\/strong> (Santiago Domecq)<\/p>\n","protected":false},"excerpt":{"rendered":"<p>(Tomado de www.mundotoro.com).- Plaza1 ha presentado este viernes los carteles de la pr\u00f3xima Feria de San Isidro, un abono que se desarrollar\u00e1 entre el martes 14 de mayo y el domingo 16 de junio y que est\u00e1 compuesta por 27 corridas de toros, tres novilladas picadas y cuatro festejos de rejones. Las combinaciones definitivas en las que ha entrado a \u00faltima hora El Juli ocupando el puesto inicialmente previsto para Enrique Ponce, han quedado as\u00ed: M 14\/05 Rub\u00e9n Pinar, Javier Cort\u00e9s y Thomas Dufau (La Quinta) X 15\/05 Finito de&#8230; <\/p>\n","protected":false},"author":3,"featured_media":29369,"comment_status":"open","ping_status":"closed","sticky":false,"template":"","format":"standard","meta":{"footnotes":"","_links_to":"","_links_to_target":""},"categories":[42,41,75],"tags":[],"class_list":["post-29368","post","type-post","status-publish","format-standard","has-post-thumbnail","hentry","category-cultura-toros","category-cultura","category-destacada"],"_links":{"self":[{"href":"https:\/\/revistazetta.com\/index.php?rest_route=\/wp\/v2\/posts\/29368","targetHints":{"allow":["GET"]}}],"collection":[{"href":"https:\/\/revistazetta.com\/index.php?rest_route=\/wp\/v2\/posts"}],"about":[{"href":"https:\/\/revistazetta.com\/index.php?rest_route=\/wp\/v2\/types\/post"}],"author":[{"embeddable":true,"href":"https:\/\/revistazetta.com\/index.php?rest_route=\/wp\/v2\/users\/3"}],"replies":[{"embeddable":true,"href":"https:\/\/revistazetta.com\/index.php?rest_route=%2Fwp%2Fv2%2Fcomments&post=29368"}],"version-history":[{"count":0,"href":"https:\/\/revistazetta.com\/index.php?rest_route=\/wp\/v2\/posts\/29368\/revisions"}],"wp:featuredmedia":[{"embeddable":true,"href":"https:\/\/revistazetta.com\/index.php?rest_route=\/wp\/v2\/media\/29369"}],"wp:attachment":[{"href":"https:\/\/revistazetta.com\/index.php?rest_route=%2Fwp%2Fv2%2Fmedia&parent=29368"}],"wp:term":[{"taxonomy":"category","embeddable":true,"href":"https:\/\/revistazetta.com\/index.php?rest_route=%2Fwp%2Fv2%2Fcategories&post=29368"},{"taxonomy":"post_tag","embeddable":true,"href":"https:\/\/revistazetta.com\/index.php?rest_route=%2Fwp%2Fv2%2Ftags&post=29368"}],"curies":[{"name":"wp","href":"https:\/\/api.w.org\/{rel}","templated":true}]}}