{"id":29374,"date":"2019-03-23T12:16:30","date_gmt":"2019-03-23T17:16:30","guid":{"rendered":"http:\/\/www.revistazetta.com\/?p=29374"},"modified":"2019-03-23T17:24:29","modified_gmt":"2019-03-23T22:24:29","slug":"gobierno-designo-tres-representantes-junta-la-camara-comercio","status":"publish","type":"post","link":"https:\/\/revistazetta.com\/?p=29374","title":{"rendered":"Gobierno design\u00f3 tres representantes en Junta de la C\u00e1mara de Comercio"},"content":{"rendered":"<p>Durante la sesi\u00f3n del pasado viernes 22 de marzo, tomaron posesi\u00f3n ante la Junta Directiva de la C\u00e1mara de Comercio de Cartagena tres nuevos representantes del Gobierno Nacional, uno como miembro principal y dos como miembros suplentes.<\/p>\n<p>Las personas que tomaron posesi\u00f3n en representaci\u00f3n del Gobierno son: Mart\u00edn Esteban Echavarr\u00eda Lopez, que pasa a ocupar uno de los renglones principales. Es ingeniero Industrial y administrador, con postgrados en Desarrollo Econ\u00f3mico y Estad\u00edstica; biling\u00fce. Es, adem\u00e1s, socio fundador y gerente de Fr\u00edo Alimentaria; socio fundador y gerente de CI. Antillana S.A; gerente C. I. Oc\u00e9anos S.A; director Nacional de Programas de Desarrollo Rural (DRI); presidente Concejo Directivo Comfenalco; presidente Concejo Superior de la Universidad Tecnol\u00f3gica de Bol\u00edvar; presidente Junta Seccional ANDI Cartagena; miembro Junta Directiva Proexport.<\/p>\n<p>&nbsp;<\/p>\n<p>Mauricio Villegas Gerdts- Miembro Suplente, es economista de la Universidad Tecnol\u00f3gica de Bol\u00edvar, con especializaci\u00f3n en Gerencia de Mercadeo de la misma entidad. Se ha desempe\u00f1ado en cargos directivos en empresas como: Conceptos Urbanos, Sociedad Aeroportuaria de la Costa, Convention and Visitors Bureau, entre otras, as\u00ed mismo, tiene experiencia como miembro de otras juntas directivas tales, como: Sociedad de Mejoras P\u00fablicas, Federaci\u00f3n Nacional de Comerciantes Fenalco Bol\u00edvar, Comit\u00e9 Gremial de Bol\u00edvar y Universidad Tecnol\u00f3gica de Bol\u00edvar.<\/p>\n<p>&nbsp;<\/p>\n<p>Jos\u00e9 David Morales\u00a0Villa\u00a0&#8211; Miembro Suplente, es abogado de la Universidad Externado de Colombia, especialista en Contrataci\u00f3n Estatal y Seguridad Social de la misma alma mater. Es especialista en Derecho Mar\u00edtimo y Portuario de la Universidad San Buenaventura de Cartagena, entidad en donde tambi\u00e9n se desempe\u00f1a como docente. En la actualidad,\u00a0funge como asesor jur\u00eddico de diferentes entidades y, al mismo tiempo, es propietario del Hotel y Restaurante Toscana del Mar. Cuenta con participaci\u00f3n familiar en el sector agropecuario, m\u00e1s espec\u00edficamente en la ganader\u00eda y palmicultura.<\/p>\n<p>&nbsp;<\/p>\n<p>Los nuevos miembros de la Junta Directiva se comprometieron a trabajar por la consecuci\u00f3n de los objetivos estrat\u00e9gicos de la entidad que conlleven al \u00a0fortalecimiento del ecosistema empresarial de Cartagena y la regi\u00f3n.<\/p>\n","protected":false},"excerpt":{"rendered":"<p>Durante la sesi\u00f3n del pasado viernes 22 de marzo, tomaron posesi\u00f3n ante la Junta Directiva de la C\u00e1mara de Comercio de Cartagena tres nuevos representantes del Gobierno Nacional, uno como miembro principal y dos como miembros suplentes. Las personas que tomaron posesi\u00f3n en representaci\u00f3n del Gobierno son: Mart\u00edn Esteban Echavarr\u00eda Lopez, que pasa a ocupar uno de los renglones principales. Es ingeniero Industrial y administrador, con postgrados en Desarrollo Econ\u00f3mico y Estad\u00edstica; biling\u00fce. Es, adem\u00e1s, socio fundador y gerente de Fr\u00edo Alimentaria; socio fundador y gerente de CI. Antillana S.A;&#8230; <\/p>\n","protected":false},"author":3,"featured_media":29389,"comment_status":"open","ping_status":"closed","sticky":false,"template":"","format":"standard","meta":{"footnotes":"","_links_to":"","_links_to_target":""},"categories":[3,75],"tags":[],"class_list":["post-29374","post","type-post","status-publish","format-standard","has-post-thumbnail","hentry","category-ciudad","category-destacada"],"_links":{"self":[{"href":"https:\/\/revistazetta.com\/index.php?rest_route=\/wp\/v2\/posts\/29374","targetHints":{"allow":["GET"]}}],"collection":[{"href":"https:\/\/revistazetta.com\/index.php?rest_route=\/wp\/v2\/posts"}],"about":[{"href":"https:\/\/revistazetta.com\/index.php?rest_route=\/wp\/v2\/types\/post"}],"author":[{"embeddable":true,"href":"https:\/\/revistazetta.com\/index.php?rest_route=\/wp\/v2\/users\/3"}],"replies":[{"embeddable":true,"href":"https:\/\/revistazetta.com\/index.php?rest_route=%2Fwp%2Fv2%2Fcomments&post=29374"}],"version-history":[{"count":0,"href":"https:\/\/revistazetta.com\/index.php?rest_route=\/wp\/v2\/posts\/29374\/revisions"}],"wp:featuredmedia":[{"embeddable":true,"href":"https:\/\/revistazetta.com\/index.php?rest_route=\/wp\/v2\/media\/29389"}],"wp:attachment":[{"href":"https:\/\/revistazetta.com\/index.php?rest_route=%2Fwp%2Fv2%2Fmedia&parent=29374"}],"wp:term":[{"taxonomy":"category","embeddable":true,"href":"https:\/\/revistazetta.com\/index.php?rest_route=%2Fwp%2Fv2%2Fcategories&post=29374"},{"taxonomy":"post_tag","embeddable":true,"href":"https:\/\/revistazetta.com\/index.php?rest_route=%2Fwp%2Fv2%2Ftags&post=29374"}],"curies":[{"name":"wp","href":"https:\/\/api.w.org\/{rel}","templated":true}]}}