{"id":29375,"date":"2019-03-23T12:20:41","date_gmt":"2019-03-23T17:20:41","guid":{"rendered":"http:\/\/www.revistazetta.com\/?p=29375"},"modified":"2019-03-23T12:20:41","modified_gmt":"2019-03-23T17:20:41","slug":"inscrito-grupo-recolectar-firmas-domingo-puello-la-alcaldia","status":"publish","type":"post","link":"https:\/\/revistazetta.com\/?p=29375","title":{"rendered":"Inscrito grupo para recolectar firmas por Domingo Puello a la Alcald\u00eda"},"content":{"rendered":"<p>Con el nombre \u00abPor la Cartagena que todos queremos\u00bb fue inscrito el grupo significativo de ciudadanos que recaudar\u00e1 firmar para avalar la candidatura a la Alcald\u00eda del dirigente c\u00edvico y abogado Domingo Puello Ripoll.<\/p>\n<p>Los inscriptos fueron Antonio Marim\u00f3n Matorel, Erick Estrada Su\u00e1rez y Reina Herrera Pinz\u00f3n.<\/p>\n<p>La inscripci\u00f3n se cumpli\u00f3 este viernes 22 de marzo en la sede de la Registradur\u00eda, en el Pie del Cerro.<\/p>\n<p>&nbsp;<\/p>\n","protected":false},"excerpt":{"rendered":"<p>Con el nombre \u00abPor la Cartagena que todos queremos\u00bb fue inscrito el grupo significativo de ciudadanos que recaudar\u00e1 firmar para avalar la candidatura a la Alcald\u00eda del dirigente c\u00edvico y abogado Domingo Puello Ripoll. Los inscriptos fueron Antonio Marim\u00f3n Matorel, Erick Estrada Su\u00e1rez y Reina Herrera Pinz\u00f3n. La inscripci\u00f3n se cumpli\u00f3 este viernes 22 de marzo en la sede de la Registradur\u00eda, en el Pie del Cerro. &nbsp;<\/p>\n","protected":false},"author":3,"featured_media":29376,"comment_status":"open","ping_status":"closed","sticky":false,"template":"","format":"standard","meta":{"footnotes":"","_links_to":"","_links_to_target":""},"categories":[75,4],"tags":[],"class_list":["post-29375","post","type-post","status-publish","format-standard","has-post-thumbnail","hentry","category-destacada","category-politica"],"_links":{"self":[{"href":"https:\/\/revistazetta.com\/index.php?rest_route=\/wp\/v2\/posts\/29375","targetHints":{"allow":["GET"]}}],"collection":[{"href":"https:\/\/revistazetta.com\/index.php?rest_route=\/wp\/v2\/posts"}],"about":[{"href":"https:\/\/revistazetta.com\/index.php?rest_route=\/wp\/v2\/types\/post"}],"author":[{"embeddable":true,"href":"https:\/\/revistazetta.com\/index.php?rest_route=\/wp\/v2\/users\/3"}],"replies":[{"embeddable":true,"href":"https:\/\/revistazetta.com\/index.php?rest_route=%2Fwp%2Fv2%2Fcomments&post=29375"}],"version-history":[{"count":0,"href":"https:\/\/revistazetta.com\/index.php?rest_route=\/wp\/v2\/posts\/29375\/revisions"}],"wp:featuredmedia":[{"embeddable":true,"href":"https:\/\/revistazetta.com\/index.php?rest_route=\/wp\/v2\/media\/29376"}],"wp:attachment":[{"href":"https:\/\/revistazetta.com\/index.php?rest_route=%2Fwp%2Fv2%2Fmedia&parent=29375"}],"wp:term":[{"taxonomy":"category","embeddable":true,"href":"https:\/\/revistazetta.com\/index.php?rest_route=%2Fwp%2Fv2%2Fcategories&post=29375"},{"taxonomy":"post_tag","embeddable":true,"href":"https:\/\/revistazetta.com\/index.php?rest_route=%2Fwp%2Fv2%2Ftags&post=29375"}],"curies":[{"name":"wp","href":"https:\/\/api.w.org\/{rel}","templated":true}]}}