{"id":29377,"date":"2019-03-23T16:14:12","date_gmt":"2019-03-23T21:14:12","guid":{"rendered":"http:\/\/www.revistazetta.com\/?p=29377"},"modified":"2019-03-23T16:14:12","modified_gmt":"2019-03-23T21:14:12","slug":"fe-dice-fejed-ali","status":"publish","type":"post","link":"https:\/\/revistazetta.com\/?p=29377","title":{"rendered":"Esto es con Fe\u2026 dice Fejed Al\u00ed"},"content":{"rendered":"<p><img loading=\"lazy\" decoding=\"async\" class=\"alignright wp-image-29383 size-large\" src=\"https:\/\/www.revistazetta.com\/wp-content\/uploads\/2019\/03\/PHOTO-2019-03-23-14-44-05-2-1024x682.jpg\" alt=\"\" width=\"1024\" height=\"682\" srcset=\"https:\/\/revistazetta.com\/wp-content\/uploads\/2019\/03\/PHOTO-2019-03-23-14-44-05-2-1024x682.jpg 1024w, https:\/\/revistazetta.com\/wp-content\/uploads\/2019\/03\/PHOTO-2019-03-23-14-44-05-2-300x200.jpg 300w, https:\/\/revistazetta.com\/wp-content\/uploads\/2019\/03\/PHOTO-2019-03-23-14-44-05-2-219x146.jpg 219w, https:\/\/revistazetta.com\/wp-content\/uploads\/2019\/03\/PHOTO-2019-03-23-14-44-05-2-50x33.jpg 50w, https:\/\/revistazetta.com\/wp-content\/uploads\/2019\/03\/PHOTO-2019-03-23-14-44-05-2-113x75.jpg 113w, https:\/\/revistazetta.com\/wp-content\/uploads\/2019\/03\/PHOTO-2019-03-23-14-44-05-2.jpg 1280w\" sizes=\"auto, (max-width: 1024px) 100vw, 1024px\" \/><\/p>\n<p>Fejed David Al\u00ed Badr\u00e1n tiene fe en su proyecto pol\u00edtico para llegar a la Gobernaci\u00f3n de Bol\u00edvar y as\u00ed lo est\u00e1 transmitiendo a su plataforma pol\u00edtica en todo el Departamento.<\/p>\n<p>\u00abEsto es con fe\u00bb es la frase que comenz\u00f3 a hacer camino en sus encuentros con la comunidad y en las redes sociales, cuya sonoridad hace juego con el nombre de Fejed.<\/p>\n<p>Ha dicho que el primer aval que quiere obtener es el del pueblo y para ello ha desplegado su acci\u00f3n pol\u00edtica en todo el departamento, como sucede este fin de semana en Pinillos, Magangu\u00e9, Ach\u00ed y San Jacinto del Cauca, a donde llev\u00f3 su propuesta.<\/p>\n<p>El segundo aval que busca es el que realmente lo pone en la carrera por la Gobernaci\u00f3n, el del partido Liberal, donde compite con un veterano como el exgobernador Luis Daniel Vargas y \u00c1lvaro Redondo, con quien comparti\u00f3 gabinete en el actual gobierno de Dumek Turbay.<\/p>\n<p>Esto es con fe en el mecanismo que determine la Direcci\u00f3n Nacional del Partido Liberal para otorgar el aval, y todo indica que ser\u00e1 la discrecionalidad del senador Lidio Garc\u00eda Turbay, quien deshoja la margarita: \u00bfSer\u00e1 Fejed\u2026 Ser\u00e1 Luis Daniel\u2026 Ser\u00e1 Alvarito?<\/p>\n<p>En Pinillos, Fejed estuvo en un masivo acto con Alcides Gulloso, quien presentar\u00e1 su nombre a la Alcald\u00eda de ese municipio.<\/p>\n<p>En Magangu\u00e9 sostuvo varias reuniones, la m\u00e1s masiva de ellas con Carlos Cabrales, quien desea estar en el tarjet\u00f3n de Alcald\u00eda municipal.<\/p>\n<p>En las reuniones, Al\u00ed Badr\u00e1n reiter\u00f3 las bases de la propuesta que est\u00e1 construyendo con el aporte del di\u00e1logo con comunidades, donde surgen prioridades en materia de seguridad, aumento de calidad y cobertura en salud y educaci\u00f3n, saneamiento b\u00e1sico, turismo, cultura y generaci\u00f3n de ingresos.<\/p>\n<p><img loading=\"lazy\" decoding=\"async\" class=\"alignright size-medium wp-image-29388\" src=\"https:\/\/www.revistazetta.com\/wp-content\/uploads\/2019\/03\/PHOTO-2019-03-23-14-44-06-300x200.jpg\" alt=\"\" width=\"300\" height=\"200\" srcset=\"https:\/\/revistazetta.com\/wp-content\/uploads\/2019\/03\/PHOTO-2019-03-23-14-44-06-300x200.jpg 300w, https:\/\/revistazetta.com\/wp-content\/uploads\/2019\/03\/PHOTO-2019-03-23-14-44-06-1024x682.jpg 1024w, https:\/\/revistazetta.com\/wp-content\/uploads\/2019\/03\/PHOTO-2019-03-23-14-44-06-219x146.jpg 219w, https:\/\/revistazetta.com\/wp-content\/uploads\/2019\/03\/PHOTO-2019-03-23-14-44-06-50x33.jpg 50w, https:\/\/revistazetta.com\/wp-content\/uploads\/2019\/03\/PHOTO-2019-03-23-14-44-06-113x75.jpg 113w, https:\/\/revistazetta.com\/wp-content\/uploads\/2019\/03\/PHOTO-2019-03-23-14-44-06.jpg 1280w\" sizes=\"auto, (max-width: 300px) 100vw, 300px\" \/> <img loading=\"lazy\" decoding=\"async\" class=\"alignright size-medium wp-image-29387\" src=\"https:\/\/www.revistazetta.com\/wp-content\/uploads\/2019\/03\/PHOTO-2019-03-23-14-44-06-3-300x200.jpg\" alt=\"\" width=\"300\" height=\"200\" srcset=\"https:\/\/revistazetta.com\/wp-content\/uploads\/2019\/03\/PHOTO-2019-03-23-14-44-06-3-300x200.jpg 300w, https:\/\/revistazetta.com\/wp-content\/uploads\/2019\/03\/PHOTO-2019-03-23-14-44-06-3-1024x682.jpg 1024w, https:\/\/revistazetta.com\/wp-content\/uploads\/2019\/03\/PHOTO-2019-03-23-14-44-06-3-219x146.jpg 219w, https:\/\/revistazetta.com\/wp-content\/uploads\/2019\/03\/PHOTO-2019-03-23-14-44-06-3-50x33.jpg 50w, https:\/\/revistazetta.com\/wp-content\/uploads\/2019\/03\/PHOTO-2019-03-23-14-44-06-3-113x75.jpg 113w, https:\/\/revistazetta.com\/wp-content\/uploads\/2019\/03\/PHOTO-2019-03-23-14-44-06-3.jpg 1280w\" sizes=\"auto, (max-width: 300px) 100vw, 300px\" \/> <img loading=\"lazy\" decoding=\"async\" class=\"alignright size-medium wp-image-29386\" src=\"https:\/\/www.revistazetta.com\/wp-content\/uploads\/2019\/03\/PHOTO-2019-03-23-14-44-06-2-300x200.jpg\" alt=\"\" width=\"300\" height=\"200\" srcset=\"https:\/\/revistazetta.com\/wp-content\/uploads\/2019\/03\/PHOTO-2019-03-23-14-44-06-2-300x200.jpg 300w, https:\/\/revistazetta.com\/wp-content\/uploads\/2019\/03\/PHOTO-2019-03-23-14-44-06-2-1024x682.jpg 1024w, https:\/\/revistazetta.com\/wp-content\/uploads\/2019\/03\/PHOTO-2019-03-23-14-44-06-2-219x146.jpg 219w, https:\/\/revistazetta.com\/wp-content\/uploads\/2019\/03\/PHOTO-2019-03-23-14-44-06-2-50x33.jpg 50w, https:\/\/revistazetta.com\/wp-content\/uploads\/2019\/03\/PHOTO-2019-03-23-14-44-06-2-113x75.jpg 113w, https:\/\/revistazetta.com\/wp-content\/uploads\/2019\/03\/PHOTO-2019-03-23-14-44-06-2.jpg 1280w\" sizes=\"auto, (max-width: 300px) 100vw, 300px\" \/> <img loading=\"lazy\" decoding=\"async\" class=\"alignright size-medium wp-image-29385\" src=\"https:\/\/www.revistazetta.com\/wp-content\/uploads\/2019\/03\/PHOTO-2019-03-23-14-44-05-300x200.jpg\" alt=\"\" width=\"300\" height=\"200\" srcset=\"https:\/\/revistazetta.com\/wp-content\/uploads\/2019\/03\/PHOTO-2019-03-23-14-44-05-300x200.jpg 300w, https:\/\/revistazetta.com\/wp-content\/uploads\/2019\/03\/PHOTO-2019-03-23-14-44-05-1024x682.jpg 1024w, https:\/\/revistazetta.com\/wp-content\/uploads\/2019\/03\/PHOTO-2019-03-23-14-44-05-219x146.jpg 219w, https:\/\/revistazetta.com\/wp-content\/uploads\/2019\/03\/PHOTO-2019-03-23-14-44-05-50x33.jpg 50w, https:\/\/revistazetta.com\/wp-content\/uploads\/2019\/03\/PHOTO-2019-03-23-14-44-05-113x75.jpg 113w, https:\/\/revistazetta.com\/wp-content\/uploads\/2019\/03\/PHOTO-2019-03-23-14-44-05.jpg 1280w\" sizes=\"auto, (max-width: 300px) 100vw, 300px\" \/> <img loading=\"lazy\" decoding=\"async\" class=\"alignright size-medium wp-image-29384\" src=\"https:\/\/www.revistazetta.com\/wp-content\/uploads\/2019\/03\/PHOTO-2019-03-23-14-44-05-3-300x169.jpg\" alt=\"\" width=\"300\" height=\"169\" srcset=\"https:\/\/revistazetta.com\/wp-content\/uploads\/2019\/03\/PHOTO-2019-03-23-14-44-05-3-300x169.jpg 300w, https:\/\/revistazetta.com\/wp-content\/uploads\/2019\/03\/PHOTO-2019-03-23-14-44-05-3-1024x576.jpg 1024w, https:\/\/revistazetta.com\/wp-content\/uploads\/2019\/03\/PHOTO-2019-03-23-14-44-05-3-260x146.jpg 260w, https:\/\/revistazetta.com\/wp-content\/uploads\/2019\/03\/PHOTO-2019-03-23-14-44-05-3-50x28.jpg 50w, https:\/\/revistazetta.com\/wp-content\/uploads\/2019\/03\/PHOTO-2019-03-23-14-44-05-3-133x75.jpg 133w, https:\/\/revistazetta.com\/wp-content\/uploads\/2019\/03\/PHOTO-2019-03-23-14-44-05-3.jpg 1280w\" sizes=\"auto, (max-width: 300px) 100vw, 300px\" \/> <img loading=\"lazy\" decoding=\"async\" class=\"alignright size-medium wp-image-29382\" src=\"https:\/\/www.revistazetta.com\/wp-content\/uploads\/2019\/03\/PHOTO-2019-03-23-14-44-04-300x200.jpg\" alt=\"\" width=\"300\" height=\"200\" srcset=\"https:\/\/revistazetta.com\/wp-content\/uploads\/2019\/03\/PHOTO-2019-03-23-14-44-04-300x200.jpg 300w, https:\/\/revistazetta.com\/wp-content\/uploads\/2019\/03\/PHOTO-2019-03-23-14-44-04-1024x682.jpg 1024w, https:\/\/revistazetta.com\/wp-content\/uploads\/2019\/03\/PHOTO-2019-03-23-14-44-04-219x146.jpg 219w, https:\/\/revistazetta.com\/wp-content\/uploads\/2019\/03\/PHOTO-2019-03-23-14-44-04-50x33.jpg 50w, https:\/\/revistazetta.com\/wp-content\/uploads\/2019\/03\/PHOTO-2019-03-23-14-44-04-113x75.jpg 113w, https:\/\/revistazetta.com\/wp-content\/uploads\/2019\/03\/PHOTO-2019-03-23-14-44-04.jpg 1280w\" sizes=\"auto, (max-width: 300px) 100vw, 300px\" \/> <img loading=\"lazy\" decoding=\"async\" class=\"alignright size-medium wp-image-29381\" src=\"https:\/\/www.revistazetta.com\/wp-content\/uploads\/2019\/03\/PHOTO-2019-03-23-14-44-04-3-300x200.jpg\" alt=\"\" width=\"300\" height=\"200\" srcset=\"https:\/\/revistazetta.com\/wp-content\/uploads\/2019\/03\/PHOTO-2019-03-23-14-44-04-3-300x200.jpg 300w, https:\/\/revistazetta.com\/wp-content\/uploads\/2019\/03\/PHOTO-2019-03-23-14-44-04-3-1024x682.jpg 1024w, https:\/\/revistazetta.com\/wp-content\/uploads\/2019\/03\/PHOTO-2019-03-23-14-44-04-3-219x146.jpg 219w, https:\/\/revistazetta.com\/wp-content\/uploads\/2019\/03\/PHOTO-2019-03-23-14-44-04-3-50x33.jpg 50w, https:\/\/revistazetta.com\/wp-content\/uploads\/2019\/03\/PHOTO-2019-03-23-14-44-04-3-113x75.jpg 113w, https:\/\/revistazetta.com\/wp-content\/uploads\/2019\/03\/PHOTO-2019-03-23-14-44-04-3.jpg 1280w\" sizes=\"auto, (max-width: 300px) 100vw, 300px\" \/> <img loading=\"lazy\" decoding=\"async\" class=\"alignright size-medium wp-image-29380\" src=\"https:\/\/www.revistazetta.com\/wp-content\/uploads\/2019\/03\/PHOTO-2019-03-23-14-44-04-2-300x200.jpg\" alt=\"\" width=\"300\" height=\"200\" srcset=\"https:\/\/revistazetta.com\/wp-content\/uploads\/2019\/03\/PHOTO-2019-03-23-14-44-04-2-300x200.jpg 300w, https:\/\/revistazetta.com\/wp-content\/uploads\/2019\/03\/PHOTO-2019-03-23-14-44-04-2-1024x682.jpg 1024w, https:\/\/revistazetta.com\/wp-content\/uploads\/2019\/03\/PHOTO-2019-03-23-14-44-04-2-219x146.jpg 219w, https:\/\/revistazetta.com\/wp-content\/uploads\/2019\/03\/PHOTO-2019-03-23-14-44-04-2-50x33.jpg 50w, https:\/\/revistazetta.com\/wp-content\/uploads\/2019\/03\/PHOTO-2019-03-23-14-44-04-2-113x75.jpg 113w, https:\/\/revistazetta.com\/wp-content\/uploads\/2019\/03\/PHOTO-2019-03-23-14-44-04-2.jpg 1280w\" sizes=\"auto, (max-width: 300px) 100vw, 300px\" \/> <img loading=\"lazy\" decoding=\"async\" class=\"alignright size-medium wp-image-29379\" src=\"https:\/\/www.revistazetta.com\/wp-content\/uploads\/2019\/03\/PHOTO-2019-03-23-14-44-03-300x200.jpg\" alt=\"\" width=\"300\" height=\"200\" srcset=\"https:\/\/revistazetta.com\/wp-content\/uploads\/2019\/03\/PHOTO-2019-03-23-14-44-03-300x200.jpg 300w, https:\/\/revistazetta.com\/wp-content\/uploads\/2019\/03\/PHOTO-2019-03-23-14-44-03-1024x682.jpg 1024w, https:\/\/revistazetta.com\/wp-content\/uploads\/2019\/03\/PHOTO-2019-03-23-14-44-03-219x146.jpg 219w, https:\/\/revistazetta.com\/wp-content\/uploads\/2019\/03\/PHOTO-2019-03-23-14-44-03-50x33.jpg 50w, https:\/\/revistazetta.com\/wp-content\/uploads\/2019\/03\/PHOTO-2019-03-23-14-44-03-113x75.jpg 113w, https:\/\/revistazetta.com\/wp-content\/uploads\/2019\/03\/PHOTO-2019-03-23-14-44-03.jpg 1280w\" sizes=\"auto, (max-width: 300px) 100vw, 300px\" \/> <img loading=\"lazy\" decoding=\"async\" class=\"alignright size-medium wp-image-29378\" src=\"https:\/\/www.revistazetta.com\/wp-content\/uploads\/2019\/03\/PHOTO-2019-03-22-21-01-47-3-300x200.jpg\" alt=\"\" width=\"300\" height=\"200\" srcset=\"https:\/\/revistazetta.com\/wp-content\/uploads\/2019\/03\/PHOTO-2019-03-22-21-01-47-3-300x200.jpg 300w, https:\/\/revistazetta.com\/wp-content\/uploads\/2019\/03\/PHOTO-2019-03-22-21-01-47-3-1024x682.jpg 1024w, https:\/\/revistazetta.com\/wp-content\/uploads\/2019\/03\/PHOTO-2019-03-22-21-01-47-3-219x146.jpg 219w, https:\/\/revistazetta.com\/wp-content\/uploads\/2019\/03\/PHOTO-2019-03-22-21-01-47-3-50x33.jpg 50w, https:\/\/revistazetta.com\/wp-content\/uploads\/2019\/03\/PHOTO-2019-03-22-21-01-47-3-113x75.jpg 113w, https:\/\/revistazetta.com\/wp-content\/uploads\/2019\/03\/PHOTO-2019-03-22-21-01-47-3.jpg 1280w\" sizes=\"auto, (max-width: 300px) 100vw, 300px\" \/><\/p>\n<p>&nbsp;<\/p>\n","protected":false},"excerpt":{"rendered":"<p>Fejed David Al\u00ed Badr\u00e1n tiene fe en su proyecto pol\u00edtico para llegar a la Gobernaci\u00f3n de Bol\u00edvar y as\u00ed lo est\u00e1 transmitiendo a su plataforma pol\u00edtica en todo el Departamento. \u00abEsto es con fe\u00bb es la frase que comenz\u00f3 a hacer camino en sus encuentros con la comunidad y en las redes sociales, cuya sonoridad hace juego con el nombre de Fejed. Ha dicho que el primer aval que quiere obtener es el del pueblo y para ello ha desplegado su acci\u00f3n pol\u00edtica en todo el departamento, como sucede este&#8230; <\/p>\n","protected":false},"author":3,"featured_media":29372,"comment_status":"open","ping_status":"closed","sticky":false,"template":"","format":"standard","meta":{"footnotes":"","_links_to":"","_links_to_target":""},"categories":[75,4],"tags":[],"class_list":["post-29377","post","type-post","status-publish","format-standard","has-post-thumbnail","hentry","category-destacada","category-politica"],"_links":{"self":[{"href":"https:\/\/revistazetta.com\/index.php?rest_route=\/wp\/v2\/posts\/29377","targetHints":{"allow":["GET"]}}],"collection":[{"href":"https:\/\/revistazetta.com\/index.php?rest_route=\/wp\/v2\/posts"}],"about":[{"href":"https:\/\/revistazetta.com\/index.php?rest_route=\/wp\/v2\/types\/post"}],"author":[{"embeddable":true,"href":"https:\/\/revistazetta.com\/index.php?rest_route=\/wp\/v2\/users\/3"}],"replies":[{"embeddable":true,"href":"https:\/\/revistazetta.com\/index.php?rest_route=%2Fwp%2Fv2%2Fcomments&post=29377"}],"version-history":[{"count":0,"href":"https:\/\/revistazetta.com\/index.php?rest_route=\/wp\/v2\/posts\/29377\/revisions"}],"wp:featuredmedia":[{"embeddable":true,"href":"https:\/\/revistazetta.com\/index.php?rest_route=\/wp\/v2\/media\/29372"}],"wp:attachment":[{"href":"https:\/\/revistazetta.com\/index.php?rest_route=%2Fwp%2Fv2%2Fmedia&parent=29377"}],"wp:term":[{"taxonomy":"category","embeddable":true,"href":"https:\/\/revistazetta.com\/index.php?rest_route=%2Fwp%2Fv2%2Fcategories&post=29377"},{"taxonomy":"post_tag","embeddable":true,"href":"https:\/\/revistazetta.com\/index.php?rest_route=%2Fwp%2Fv2%2Ftags&post=29377"}],"curies":[{"name":"wp","href":"https:\/\/api.w.org\/{rel}","templated":true}]}}