{"id":29403,"date":"2019-03-26T01:05:20","date_gmt":"2019-03-26T06:05:20","guid":{"rendered":"http:\/\/www.revistazetta.com\/?p=29403"},"modified":"2019-03-26T01:05:20","modified_gmt":"2019-03-26T06:05:20","slug":"santos-duque-solo-uno-sobrevive-la-junta-camcomercio","status":"publish","type":"post","link":"https:\/\/revistazetta.com\/?p=29403","title":{"rendered":"De Santos a Duque, solo uno sobrevive en la Junta de Camcomercio"},"content":{"rendered":"<p><img loading=\"lazy\" decoding=\"async\" class=\"alignright wp-image-29404 size-full\" src=\"https:\/\/www.revistazetta.com\/wp-content\/uploads\/2019\/03\/Rep-gob.jpg\" alt=\"\" width=\"627\" height=\"475\" srcset=\"https:\/\/revistazetta.com\/wp-content\/uploads\/2019\/03\/Rep-gob.jpg 627w, https:\/\/revistazetta.com\/wp-content\/uploads\/2019\/03\/Rep-gob-300x227.jpg 300w, https:\/\/revistazetta.com\/wp-content\/uploads\/2019\/03\/Rep-gob-193x146.jpg 193w, https:\/\/revistazetta.com\/wp-content\/uploads\/2019\/03\/Rep-gob-50x38.jpg 50w, https:\/\/revistazetta.com\/wp-content\/uploads\/2019\/03\/Rep-gob-99x75.jpg 99w\" sizes=\"auto, (max-width: 627px) 100vw, 627px\" \/>El empresario Rafael Sim\u00f3n del Castillo ser\u00e1 el \u00fanico que sobrevivir\u00e1 de los seis representantes del Gobierno Nacional en la Junta Directiva de la C\u00e1mara de Comercio de Cartagena.<\/p>\n<p>De los tres miembros principales y tres suplentes que ven\u00edan designados por el gobierno Santos, hay tres que ya est\u00e1n reemplazados, hay uno que renunci\u00f3 y se espera la renuncia de otro, es decir, que habr\u00eda dos cupos por proveer.<\/p>\n<p>Los reemplazados fueron el principal Rolando Bechara por Mart\u00edn Echeverr\u00eda, y los suplentes Vivian Eljaiek y Manuel Cavelier por Jos\u00e9 David Morales y Mauricio Villegas.<\/p>\n<p>El que renunci\u00f3 y se le busca reemplazo es Ubaldo Morales, y se espera la renuncia de Fernando Araujo Perdomo, quien prepara campa\u00f1a para la Alcald\u00eda de Cartagena.<\/p>\n<p>El cambio m\u00e1s sonoro es el de Rolando Bechara, con m\u00e1s de 15 a\u00f1os en la Junta Directiva, y quien ten\u00eda m\u00e1s razones para estar en el gobierno de Duque y pocas en el de Santos, toda vez que tiene un v\u00ednculo familiar con Alicia Arango, quien fue la secretaria privada de \u00c1lvaro Uribe en sus ocho a\u00f1os de Presidencia, y ahora es Ministra del Trabajo.<\/p>\n<p>La ANDI pierde a su directora ejecutiva en Bol\u00edvar con Eljaiek, pero mantiene a Del Castillo, quien es tambi\u00e9n miembro de la Junta Directiva Nacional de ese gremio.<\/p>\n<p>El abogado Jos\u00e9 David Morales llega por segunda vez a la Junta. En el periodo pasado represent\u00f3 a al constructor Jaime Hern\u00e1ndez Herrera. El empresario Mart\u00edn Echeverr\u00eda es uno de los \u201cduros\u201d, socio fundador y gerente de CI. Antillana S.A; gerente C. I. Oc\u00e9anos S.A, entre otras; y Mauricio Villegas tiene amplia experiencia en el sector privado y como miembro de juntas directivas de distintas entidades.<\/p>\n<p>Teniendo en cuenta que la C\u00e1mara de Comercio eligi\u00f3 a finales del a\u00f1o pasado a los doce miembros (seis principales y seis suplentes) representantes de los comerciantes, y ahora experimenta el cambio de los representantes del gobierno, configur\u00e1ndose una nueva Junta directiva, no se descarta que tambi\u00e9n se eval\u00fae si deciden confirmar a Mar\u00eda Claudia P\u00e1ez como presidenta ejecutiva, o si abren un proceso para seleccionar otra persona que asuma ese cargo. Se sabe que hay una corriente mayoritaria que se inclina por este segundo escenario.<\/p>\n<p>* Mart\u00edn Esteban Echavarr\u00eda\u00a0Lopez, que pasa a ocupar uno de los renglones principales. Es\u00a0ingeniero Industrial y administrador, con postgrados en Desarrollo Econ\u00f3mico y Estad\u00edstica; biling\u00fce. Es, adem\u00e1s, socio fundador y gerente de Fr\u00edo Alimentaria; socio fundador y gerente de CI. Antillana S.A; gerente C. I. Oc\u00e9anos S.A; director Nacional de Programas de Desarrollo Rural (DRI); presidente Concejo Directivo Comfenalco; presidente Concejo Superior de la Universidad Tecnol\u00f3gica de Bol\u00edvar; presidente Junta Seccional ANDI Cartagena; miembro Junta Directiva Proexport.<\/p>\n<p>* Mauricio Villegas Gerdts- Miembro Suplente, es economista de la Universidad Tecnol\u00f3gica de Bol\u00edvar, con especializaci\u00f3n en Gerencia de Mercadeo de la misma entidad. Se ha desempe\u00f1ado en cargos directivos en empresas como: Conceptos Urbanos, Sociedad Aeroportuaria de la Costa, Convention and Visitors Bureau, entre otras, as\u00ed mismo, tiene experiencia como miembro de otras juntas directivas tales, como: Sociedad de Mejoras P\u00fablicas, Federaci\u00f3n Nacional de Comerciantes Fenalco Bol\u00edvar, Comit\u00e9 Gremial de Bol\u00edvar y Universidad Tecnol\u00f3gica de Bol\u00edvar.<\/p>\n<p>* Jos\u00e9 David Morales\u00a0Villa\u00a0&#8211; Miembro Suplente, es abogado de la Universidad Externado de Colombia, especialista en Contrataci\u00f3n Estatal y Seguridad Social de la misma alma mater. Es especialista en Derecho Mar\u00edtimo y Portuario de la Universidad San Buenaventura de Cartagena, entidad en donde tambi\u00e9n se desempe\u00f1a como docente. En la actualidad,\u00a0funge como asesor jur\u00eddico de diferentes entidades y, al mismo tiempo, es propietario del Hotel y Restaurante Toscana del Mar. Cuenta con participaci\u00f3n familiar en el sector agropecuario, m\u00e1s espec\u00edficamente en la ganader\u00eda y palmicultura.<\/p>\n","protected":false},"excerpt":{"rendered":"<p>El empresario Rafael Sim\u00f3n del Castillo ser\u00e1 el \u00fanico que sobrevivir\u00e1 de los seis representantes del Gobierno Nacional en la Junta Directiva de la C\u00e1mara de Comercio de Cartagena. De los tres miembros principales y tres suplentes que ven\u00edan designados por el gobierno Santos, hay tres que ya est\u00e1n reemplazados, hay uno que renunci\u00f3 y se espera la renuncia de otro, es decir, que habr\u00eda dos cupos por proveer. Los reemplazados fueron el principal Rolando Bechara por Mart\u00edn Echeverr\u00eda, y los suplentes Vivian Eljaiek y Manuel Cavelier por Jos\u00e9 David&#8230; <\/p>\n","protected":false},"author":3,"featured_media":29394,"comment_status":"open","ping_status":"closed","sticky":false,"template":"","format":"standard","meta":{"footnotes":"","_links_to":"","_links_to_target":""},"categories":[3,75,50],"tags":[],"class_list":["post-29403","post","type-post","status-publish","format-standard","has-post-thumbnail","hentry","category-ciudad","category-destacada","category-empresa"],"_links":{"self":[{"href":"https:\/\/revistazetta.com\/index.php?rest_route=\/wp\/v2\/posts\/29403","targetHints":{"allow":["GET"]}}],"collection":[{"href":"https:\/\/revistazetta.com\/index.php?rest_route=\/wp\/v2\/posts"}],"about":[{"href":"https:\/\/revistazetta.com\/index.php?rest_route=\/wp\/v2\/types\/post"}],"author":[{"embeddable":true,"href":"https:\/\/revistazetta.com\/index.php?rest_route=\/wp\/v2\/users\/3"}],"replies":[{"embeddable":true,"href":"https:\/\/revistazetta.com\/index.php?rest_route=%2Fwp%2Fv2%2Fcomments&post=29403"}],"version-history":[{"count":0,"href":"https:\/\/revistazetta.com\/index.php?rest_route=\/wp\/v2\/posts\/29403\/revisions"}],"wp:featuredmedia":[{"embeddable":true,"href":"https:\/\/revistazetta.com\/index.php?rest_route=\/wp\/v2\/media\/29394"}],"wp:attachment":[{"href":"https:\/\/revistazetta.com\/index.php?rest_route=%2Fwp%2Fv2%2Fmedia&parent=29403"}],"wp:term":[{"taxonomy":"category","embeddable":true,"href":"https:\/\/revistazetta.com\/index.php?rest_route=%2Fwp%2Fv2%2Fcategories&post=29403"},{"taxonomy":"post_tag","embeddable":true,"href":"https:\/\/revistazetta.com\/index.php?rest_route=%2Fwp%2Fv2%2Ftags&post=29403"}],"curies":[{"name":"wp","href":"https:\/\/api.w.org\/{rel}","templated":true}]}}