{"id":29412,"date":"2019-03-26T02:01:53","date_gmt":"2019-03-26T07:01:53","guid":{"rendered":"http:\/\/www.revistazetta.com\/?p=29412"},"modified":"2019-03-26T02:10:06","modified_gmt":"2019-03-26T07:10:06","slug":"ahora-procuraduria-modo-dionisio","status":"publish","type":"post","link":"https:\/\/revistazetta.com\/?p=29412","title":{"rendered":"Ahora s\u00ed, Procuradur\u00eda en \u201cmodo Dionisio\u201d"},"content":{"rendered":"<p><strong><img loading=\"lazy\" decoding=\"async\" class=\"alignright wp-image-29413 size-full\" src=\"https:\/\/www.revistazetta.com\/wp-content\/uploads\/2019\/03\/Dionisio-8.jpg\" alt=\"\" width=\"576\" height=\"360\" srcset=\"https:\/\/revistazetta.com\/wp-content\/uploads\/2019\/03\/Dionisio-8.jpg 576w, https:\/\/revistazetta.com\/wp-content\/uploads\/2019\/03\/Dionisio-8-300x188.jpg 300w, https:\/\/revistazetta.com\/wp-content\/uploads\/2019\/03\/Dionisio-8-234x146.jpg 234w, https:\/\/revistazetta.com\/wp-content\/uploads\/2019\/03\/Dionisio-8-50x31.jpg 50w, https:\/\/revistazetta.com\/wp-content\/uploads\/2019\/03\/Dionisio-8-120x75.jpg 120w\" sizes=\"auto, (max-width: 576px) 100vw, 576px\" \/><span style=\"color: #000080;\">An\u00e1lisis de John Zamora (Director Revista Zetta).-<\/span><\/strong>\u00a0En abril de 2016 se desplom\u00f3 el edificio Portal de Blas de Lezo II y al<br \/>\npoco tiempo el Procurador ya ten\u00eda suspendido a Manolo Duque. El a\u00f1o pasado, apenas resultar elegido Quinto Guerra en las at\u00edpicas, el Procurador ya lo ten\u00eda \u201cenculebrado\u201d en el Tribunal Administrativo y logr\u00f3 sacarlo del cargo.<\/p>\n<p>\u00bfAj\u00e1, y Dionisio? Era la pregunta m\u00e1s frecuente en vista que el Procurador no daba muestra alguno de tenerlo \u201centre ceja y ceja\u201d.<\/p>\n<p>Los motivos son las suspicacias que gener\u00f3 su gobierno, tambi\u00e9n en periodo at\u00edpico tras la muerte de Campo El\u00edas Ter\u00e1n, especialmente por el famoso cr\u00e9dito de $250 mil millones para calles, colegios y hospitales.<\/p>\n<p>\u00bfAj\u00e1, y Dionisio? Ya que el Procurador no mov\u00eda un dedo para investigarlo, se esperaba que fuera el Contralor General o el Fiscal General los que se pronunciaran ante las dudas dejadas por su Administraci\u00f3n.<\/p>\n<div id=\"attachment_29415\" style=\"width: 223px\" class=\"wp-caption alignright\"><img loading=\"lazy\" decoding=\"async\" aria-describedby=\"caption-attachment-29415\" class=\"wp-image-29415 size-full\" src=\"https:\/\/www.revistazetta.com\/wp-content\/uploads\/2019\/03\/Dioni-insta.jpg\" alt=\"\" width=\"213\" height=\"378\" srcset=\"https:\/\/revistazetta.com\/wp-content\/uploads\/2019\/03\/Dioni-insta.jpg 213w, https:\/\/revistazetta.com\/wp-content\/uploads\/2019\/03\/Dioni-insta-169x300.jpg 169w, https:\/\/revistazetta.com\/wp-content\/uploads\/2019\/03\/Dioni-insta-82x146.jpg 82w, https:\/\/revistazetta.com\/wp-content\/uploads\/2019\/03\/Dioni-insta-28x50.jpg 28w, https:\/\/revistazetta.com\/wp-content\/uploads\/2019\/03\/Dioni-insta-42x75.jpg 42w\" sizes=\"auto, (max-width: 213px) 100vw, 213px\" \/><p id=\"caption-attachment-29415\" class=\"wp-caption-text\">En su cuenta de Instagram predominan escenas familiares.<\/p><\/div>\n<p>\u00bfAj\u00e1, y Dionisio? El exalcalde ha mantenido una f\u00e9rrea estrategia de silencio. Cada vez que se enrarece el ambiente y se mencionan algunas de las inconsistencias se\u00f1aladas, hace mutis por el foro. A ning\u00fan periodista da declaraciones ni emite juicio alguno en sus redes sociales.<\/p>\n<p>Dionisio V\u00e9lez se fue convirtiendo as\u00ed en una especie de \u00edcono intocable, pues ninguna \u201c\u00eda\u201d se atrev\u00eda a cuestionarlo, tal como lo viene pidiendo un c\u00famulo de veedores, periodistas e \u201cinfluencers\u201d.<\/p>\n<p>Hace un par de semanas y de manera s\u00fabita, la Procuradur\u00eda acall\u00f3 la desesperanza y formul\u00f3 pliego de cargos por el sonado alargue del contrato de concesi\u00f3n de Aguas de Cartagena para el manejo del acueducto y alcantarillado, el famoso \u201cotros\u00ed\u201d en el que tambi\u00e9n est\u00e1 involucrado su escudero y exsecretario privado Carlos Coronado Yances. A todo el mundo le pareci\u00f3 muy rara esa \u00abmovida\u00bb, y ahora la Procuradur\u00eda se suma a la extra\u00f1eza, que los exfuncionarios firmaran una pr\u00f3rroga por 13 a\u00f1os m\u00e1s, y no finalizar en 2021 sino en 2034 el v\u00ednculo contractual.<\/p>\n<p>Pero el \u201crancho sigui\u00f3 ardiendo\u201d. La semana pasada, en una visita a Cartagena, el mismo procurador Fernando Carrillo anunci\u00f3 que la Procuradur\u00eda Delegada para la Moralidad P\u00fablica abri\u00f3 investigaci\u00f3n disciplinaria contra el exalcalde de Cartagena Dionisio V\u00e9lez Trujillo, y a su exdirectora del Dadis, Martha Rodr\u00edguez, por haber incumplido normas que conllevaron a la ejecuci\u00f3n de contratos sin el cumplimiento de requisitos legales que habr\u00edan causado un presunto detrimento patrimonial por $56.000 millones. Son presuntas irregularidades en la ejecuci\u00f3n de contratos de infraestructura de 39 centros y puestos de salud adscritos a la ESE Hospital Local Cartagena de Indias, firmados por 100 mil millones de pesos en 2014.<\/p>\n<p>Dice Ministerio P\u00fablico que <span style=\"color: #0000ff;\"><em>\u201chall\u00f3 durante una visita preventiva y de control de gesti\u00f3n que las obras se encuentran inconclusas, algunas en estado de abandono, y que los equipos de dotaci\u00f3n m\u00e9dica, plantas el\u00e9ctricas y materiales de construcci\u00f3n, entre otros, se estar\u00edan deteriorando y perdiendo su funcionabilidad\u201d.<\/em><\/span><\/p>\n<p>En un comunicado expresa que <span style=\"color: #0000ff;\"><em>\u201cPara la ejecuci\u00f3n de esas obras la administraci\u00f3n distrital adjudic\u00f3 dos contratos con plazos de entrega de 6 a 12 meses, que a la fecha se encuentran paralizados por presuntas irregularidades derivadas de las fases de planeaci\u00f3n, contrataci\u00f3n y ejecuci\u00f3n, toda vez que se suscribieron, aparentemente, sin llenar los requisitos legales.\u00a0Entre las presuntas irregularidades detectadas, los proyectos no contar\u00edan con los conceptos previos t\u00e9cnicos de viabilidad del Ministerio de Salud y Protecci\u00f3n Social, las licencias de construcci\u00f3n y los t\u00edtulos de propiedad de los predios intervenidos\u201d.<\/em><\/span><\/p>\n<p>\u00bfSer\u00e1n las \u00fanicas \u201cculebras\u201d de Dionisio con la Procuradur\u00eda o vendr\u00e1n otras? \u00bfSe calmar\u00e1n las aguas o tambi\u00e9n aparecer\u00e1n la Fiscal\u00eda o la Contralor\u00eda con decisiones?<\/p>\n<p>No se pierda el pr\u00f3ximo cap\u00edtulo, porque \u2013como dec\u00eda su lema de gobierno- <strong>\u201cAhora s\u00ed\u201d\u2026<\/strong><\/p>\n","protected":false},"excerpt":{"rendered":"<p>An\u00e1lisis de John Zamora (Director Revista Zetta).-\u00a0En abril de 2016 se desplom\u00f3 el edificio Portal de Blas de Lezo II y al poco tiempo el Procurador ya ten\u00eda suspendido a Manolo Duque. El a\u00f1o pasado, apenas resultar elegido Quinto Guerra en las at\u00edpicas, el Procurador ya lo ten\u00eda \u201cenculebrado\u201d en el Tribunal Administrativo y logr\u00f3 sacarlo del cargo. \u00bfAj\u00e1, y Dionisio? Era la pregunta m\u00e1s frecuente en vista que el Procurador no daba muestra alguno de tenerlo \u201centre ceja y ceja\u201d. Los motivos son las suspicacias que gener\u00f3 su gobierno,&#8230; <\/p>\n","protected":false},"author":3,"featured_media":29391,"comment_status":"open","ping_status":"closed","sticky":false,"template":"","format":"standard","meta":{"footnotes":"","_links_to":"","_links_to_target":""},"categories":[75,66,44],"tags":[],"class_list":["post-29412","post","type-post","status-publish","format-standard","has-post-thumbnail","hentry","category-destacada","category-analisis","category-materiagris"],"_links":{"self":[{"href":"https:\/\/revistazetta.com\/index.php?rest_route=\/wp\/v2\/posts\/29412","targetHints":{"allow":["GET"]}}],"collection":[{"href":"https:\/\/revistazetta.com\/index.php?rest_route=\/wp\/v2\/posts"}],"about":[{"href":"https:\/\/revistazetta.com\/index.php?rest_route=\/wp\/v2\/types\/post"}],"author":[{"embeddable":true,"href":"https:\/\/revistazetta.com\/index.php?rest_route=\/wp\/v2\/users\/3"}],"replies":[{"embeddable":true,"href":"https:\/\/revistazetta.com\/index.php?rest_route=%2Fwp%2Fv2%2Fcomments&post=29412"}],"version-history":[{"count":0,"href":"https:\/\/revistazetta.com\/index.php?rest_route=\/wp\/v2\/posts\/29412\/revisions"}],"wp:featuredmedia":[{"embeddable":true,"href":"https:\/\/revistazetta.com\/index.php?rest_route=\/wp\/v2\/media\/29391"}],"wp:attachment":[{"href":"https:\/\/revistazetta.com\/index.php?rest_route=%2Fwp%2Fv2%2Fmedia&parent=29412"}],"wp:term":[{"taxonomy":"category","embeddable":true,"href":"https:\/\/revistazetta.com\/index.php?rest_route=%2Fwp%2Fv2%2Fcategories&post=29412"},{"taxonomy":"post_tag","embeddable":true,"href":"https:\/\/revistazetta.com\/index.php?rest_route=%2Fwp%2Fv2%2Ftags&post=29412"}],"curies":[{"name":"wp","href":"https:\/\/api.w.org\/{rel}","templated":true}]}}