{"id":29418,"date":"2019-03-26T07:16:52","date_gmt":"2019-03-26T12:16:52","guid":{"rendered":"http:\/\/www.revistazetta.com\/?p=29418"},"modified":"2019-03-26T07:16:52","modified_gmt":"2019-03-26T12:16:52","slug":"presidente-del-concejo-aclara-caso-ronald-fortich-descalifica-sector-la-prensa","status":"publish","type":"post","link":"https:\/\/revistazetta.com\/?p=29418","title":{"rendered":"Presidente del Concejo aclara caso de Ronald Fortich y descalifica a un sector de la Prensa"},"content":{"rendered":"<p>El Presidente del Moncejo, \u00d3scar Mar\u00edn Villalba, precis\u00f3 que en el caso del concejal Ronaldo Fortich no se est\u00e1 decretando falta absoluta, sino se estudia si su imposibilidad para asistir a sesiones es una falta temporal con reemplazo o no.<\/p>\n<p>Mar\u00edn hizo esta precisi\u00f3n en un comunicado donde descalifica a un sector de la prensa que emiti\u00f3 informaciones que considera \u00abalejadas de la realidad jur\u00eddica\u00bb y se\u00f1al\u00f3 que no se dejar\u00e1 chantajear.<\/p>\n<p>Este es el comunicado:<\/p>\n<div dir=\"auto\" align=\"center\">\n<div dir=\"auto\"><em><span style=\"color: #0000ff;\"><b>COMUNICADO A LA OPINI\u00d3N P\u00daBLICA<\/b><\/span><\/em><\/div>\n<\/div>\n<div dir=\"auto\"><em><span style=\"color: #0000ff;\">Como presidente del Concejo Distrital de Cartagena de Indias y a ra\u00edz del sesgo\u00a0\u00a0noticioso alejado de la realidad jur\u00eddica emitido por cierto sector de la prensa a trav\u00e9s\u00a0\u00a0de un audio en cadena de whatsApp,\u00a0\u00a0y del cual no estoy dispuesto a acceder\u00a0\u00a0a ning\u00fan tipo de\u00a0\u00a0chantaje,\u00a0\u00a0frente a la situaci\u00f3n de Ronald Fortich Rodelo, me permito hacer las siguientes precisiones:\u00a0<\/span><\/em><\/p>\n<\/div>\n<div dir=\"auto\"><em><span style=\"color: #0000ff;\">1.\u00a0\u00a0\u00a0Lo primero es aclarar, que el Consejo de Estado, mediante sentencia de segunda instancia de fecha 16\u00a0de marzo\u00a0de 2017,\u00a0declar\u00f3 la nulidad de la elecci\u00f3n del Concejal\u00a0<b>Ronald Fortich Rodelo\u00a0<\/b>y es en virtud de esta providencia que en el a\u00f1o 2017, se le da ingreso al Concejo a Judith D\u00edaz Ag\u00e1mez.<\/span><\/em><\/p>\n<\/div>\n<div dir=\"auto\"><em><span style=\"color: #0000ff;\">2.\u00a0\u00a0\u00a0El Concejal Fortich Rodelo, presenta acci\u00f3n de tutela en contra del Consejo de Estado y a trav\u00e9s de la sentencia de fecha 7 de febrero de 2019 dictada dentro de la mencionada\u00a0Acci\u00f3n de Tutela, se resuelve dejar sin efecto la sentencia que declara la nulidad de su elecci\u00f3n y se le ordena a la secci\u00f3n quinta del Consejo de Estado, volver a emitir una sentencia, dentro del proceso de nulidad electoral.<\/span><\/em><\/p>\n<\/div>\n<div dir=\"auto\"><em><span style=\"color: #0000ff;\">3.\u00a0\u00a0\u00a0Al haberse dejado sin efecto la sentencia\u00a0proferida el 16 de marzo de 2017, por la secci\u00f3n quinta del Consejo de Estado, se genera una vacancia absoluta de la curul que ven\u00eda ocupando Judith D\u00edaz Ag\u00e1mez y se hace necesario que\u00a0el Concejal Ronald Fortich Rodelo, acuda al llamado a ocupar nuevamente su curul, como concejal del movimiento Cartagena Con Firmas.<\/span><\/em><\/p>\n<\/div>\n<div dir=\"auto\"><em><span style=\"color: #0000ff;\">Llamado\u00a0\u00a0conforme al art\u00edculo 63 de la Ley 136 de 1992, que\u00a0\u00a0establece:<\/span><\/em><\/p>\n<\/div>\n<div dir=\"auto\"><em><span style=\"color: #0000ff;\"><b>\u201cART\u00cdCULO 63. FORMA DE LLENAR VACANCIAS ABSOLUTAS.<\/b>\u00a0Las vacancias absolutas\u00a0de los concejales ser\u00e1n ocupadas por los candidatos no elegidos en la misma lista, en orden de inscripci\u00f3n, sucesiva y descendente. El Presidente del Concejo, dentro de los tres (3) d\u00edas h\u00e1biles siguientes a la declaratoria, llamar\u00e1 a los candidatos que se\u00a0encuentren en dicha situaci\u00f3n para que tomen posesi\u00f3n del cargo vacante que corresponde.\u201d<\/span><\/em><\/p>\n<\/div>\n<div dir=\"auto\"><em><span style=\"color: #0000ff;\">4.\u00a0\u00a0\u00a0Art\u00edculo que nos recuerda adem\u00e1s, que es deber del Presidente de la Corporaci\u00f3n, realizar los tr\u00e1mites pertinentes para llenar las vacancias absolutas que se presenten\u00a0en el Concejo Distrital de Cartagena de Indias, dentro de los 3 d\u00edas siguientes.\u00a0<\/span><\/em><\/div>\n<div dir=\"auto\"><\/div>\n<div dir=\"auto\"><em><span style=\"color: #0000ff;\">5.\u00a0\u00a0\u00a0Al hacerle el llamado a Ronald Fortich Rodelo a ocupar la curul, se le recuerda que tiene 3 d\u00edas para acudir al llamado, conforme lo establece el numeral tercero del articulo 48 de la ley 617 del 2000, que reza:<\/span><\/em><\/p>\n<\/div>\n<div dir=\"auto\"><em><span style=\"color: #0000ff;\"><b>\u201cARTICULO 48. PERDIDA DE INVESTIDURA DE DIPUTADOS, CONCEJALES MUNICIPALES Y DISTRITALES Y DE MIEMBROS DE JUNTAS ADMINISTRADORAS LOCALES.<\/b>\u00a0Los\u00a0diputados y concejales municipales y distritales y miembros de juntas administradoras locales perder\u00e1n su investidura:<\/span><\/em><br \/>\n<em><span style=\"color: #0000ff;\">\u2026<\/span><\/em><\/p>\n<\/div>\n<div dir=\"auto\"><em><span style=\"color: #0000ff;\">3. Por no tomar posesi\u00f3n\u00a0<u>del cargo\u00a0<\/u>dentro de los tres (3) d\u00edas siguientes a la fecha de instalaci\u00f3n de las asambleas o concejos, seg\u00fan el caso, o a la fecha en que fueren llamados a\u00a0posesionarse.\u201d<\/span><\/em><\/p>\n<\/div>\n<div dir=\"auto\"><em><span style=\"color: #0000ff;\">6.\u00a0\u00a0\u00a0Ahora bien, frente a la Resoluci\u00f3n emitida por el suscrito como Presidente, Fortich Rodelo present\u00f3 un recurso e inform\u00f3 que existe una situaci\u00f3n de fuerza mayor, que no\u00a0le permite asistir al Concejo.<\/span><\/em><\/p>\n<\/div>\n<div dir=\"auto\"><em><span style=\"color: #0000ff;\">7.\u00a0\u00a0\u00a0Quiero aclarar, que no es el Concejo el ente facultado o competente para declarar perdidas de investiduras, al citar la norma solo se le esta recordando al cabildante el tiempo\u00a0con el que cuenta para acudir al llamado, en aras de evitar una perdida de investidura, la cual solo puede ser declarada por la justicia contenciosa administrativa.<\/span><\/em><\/p>\n<\/div>\n<div dir=\"auto\"><em><span style=\"color: #0000ff;\">8.\u00a0\u00a0\u00a0Adem\u00e1s, no es cierto que frente a Ronald Fortich Rodelo se est\u00e9 declarando una falta absoluta. La falta que hoy se presenta por la imposibilidad f\u00edsica de Fortich Rodelo para\u00a0acudir al Concejo, es temporal y nos encontramos estudiando si la misma es de aquellas faltas temporales objeto de remplazo o no.<\/span><\/em><\/p>\n<\/div>\n<div dir=\"auto\"><em><span style=\"color: #0000ff;\">Quiero dejar claro que como fuente noticiosa estamos convencidos y dispuestos a contestar, recibir y escuchar todos los interrogantes que nos puedan hacer los medios de comunicaci\u00f3n y periodistas\u00a0que a diario cubren en el Concejo, hemos querido para el 2019 hacer una din\u00e1mica diferente, contribuir de la mejor manera a trav\u00e9s del control pol\u00edtico con el \u00fanico y firme prop\u00f3sito de generar transformaciones en las comunidades m\u00e1s vulneradas del Distrito.<\/span><\/em><\/p>\n<\/div>\n<div dir=\"auto\"><em><span style=\"color: #0000ff;\">El hecho de\u00a0\u00a0seguir generando noticias alejadas de la realidad Jur\u00eddica, emitiendo audios, videos, links, entre otros,\u00a0\u00a0es alimentar con\u00a0\u00a0fuego\u00a0\u00a0una sociedad fragmentada y polarizada pol\u00edtica y administrativamente por los hechos que ya todos conocemos. No estamos dispuestos a generar zozobra en la comunidad, actuamos conforme a la Ley, y reprochamos todo\u00a0\u00a0acto de absoluta irresponsabilidad period\u00edstica.<\/span><\/em><\/p>\n<p><em><span style=\"color: #0000ff;\">Fin del comunicado.<\/span><\/em><\/p>\n<\/div>\n<div dir=\"auto\"><strong><em><span style=\"color: #0000ff;\">\u00d3scar Alfonso Mar\u00edn Villalba\u00a0<\/span><\/em><\/strong><\/div>\n<div dir=\"auto\"><em><span style=\"color: #0000ff;\">Presidente Concejo 2019<\/span><\/em><\/div>\n","protected":false},"excerpt":{"rendered":"<p>El Presidente del Moncejo, \u00d3scar Mar\u00edn Villalba, precis\u00f3 que en el caso del concejal Ronaldo Fortich no se est\u00e1 decretando falta absoluta, sino se estudia si su imposibilidad para asistir a sesiones es una falta temporal con reemplazo o no. Mar\u00edn hizo esta precisi\u00f3n en un comunicado donde descalifica a un sector de la prensa que emiti\u00f3 informaciones que considera \u00abalejadas de la realidad jur\u00eddica\u00bb y se\u00f1al\u00f3 que no se dejar\u00e1 chantajear. Este es el comunicado: COMUNICADO A LA OPINI\u00d3N P\u00daBLICA Como presidente del Concejo Distrital de Cartagena de Indias&#8230; <\/p>\n","protected":false},"author":3,"featured_media":29419,"comment_status":"open","ping_status":"closed","sticky":false,"template":"","format":"standard","meta":{"footnotes":"","_links_to":"","_links_to_target":""},"categories":[75,27,4],"tags":[],"class_list":["post-29418","post","type-post","status-publish","format-standard","has-post-thumbnail","hentry","category-destacada","category-politicaconcejo","category-politica"],"_links":{"self":[{"href":"https:\/\/revistazetta.com\/index.php?rest_route=\/wp\/v2\/posts\/29418","targetHints":{"allow":["GET"]}}],"collection":[{"href":"https:\/\/revistazetta.com\/index.php?rest_route=\/wp\/v2\/posts"}],"about":[{"href":"https:\/\/revistazetta.com\/index.php?rest_route=\/wp\/v2\/types\/post"}],"author":[{"embeddable":true,"href":"https:\/\/revistazetta.com\/index.php?rest_route=\/wp\/v2\/users\/3"}],"replies":[{"embeddable":true,"href":"https:\/\/revistazetta.com\/index.php?rest_route=%2Fwp%2Fv2%2Fcomments&post=29418"}],"version-history":[{"count":0,"href":"https:\/\/revistazetta.com\/index.php?rest_route=\/wp\/v2\/posts\/29418\/revisions"}],"wp:featuredmedia":[{"embeddable":true,"href":"https:\/\/revistazetta.com\/index.php?rest_route=\/wp\/v2\/media\/29419"}],"wp:attachment":[{"href":"https:\/\/revistazetta.com\/index.php?rest_route=%2Fwp%2Fv2%2Fmedia&parent=29418"}],"wp:term":[{"taxonomy":"category","embeddable":true,"href":"https:\/\/revistazetta.com\/index.php?rest_route=%2Fwp%2Fv2%2Fcategories&post=29418"},{"taxonomy":"post_tag","embeddable":true,"href":"https:\/\/revistazetta.com\/index.php?rest_route=%2Fwp%2Fv2%2Ftags&post=29418"}],"curies":[{"name":"wp","href":"https:\/\/api.w.org\/{rel}","templated":true}]}}