{"id":29428,"date":"2019-03-27T08:11:10","date_gmt":"2019-03-27T13:11:10","guid":{"rendered":"http:\/\/www.revistazetta.com\/?p=29428"},"modified":"2019-03-27T08:13:42","modified_gmt":"2019-03-27T13:13:42","slug":"orbita-politica-dee-john-zamora-miercoles-27-marzo-2019","status":"publish","type":"post","link":"https:\/\/revistazetta.com\/?p=29428","title":{"rendered":"\u00d3rbita Pol\u00edtica de John Zamora &#8211; Mi\u00e9rcoles 27 de marzo de 2019"},"content":{"rendered":"<p><strong>Partido alternativo<\/strong><\/p>\n<p>Probado est\u00e1 que ya muy pocos dirigentes tienen ideolog\u00eda, y que los partidos pol\u00edticos son acomodaderos de la conveniencia circunstancial. \u00bfSer\u00e1 que en esa l\u00ednea anda William Garc\u00eda Tirado? Recordemos que de su juventud liberal pas\u00f3 a Cambio Radical, donde fue concejal y congresista, y ahora busca un \u201cpartido alternativo\u201d para avalar su candidatura a la Alcald\u00eda, lo cual no tendr\u00e1 ninguna dificultad pues tambi\u00e9n sabemos que hay organizaciones que van por el pa\u00eds ofreciendo avales a quien lo solicite. El exgerente de Corvivienda tiene claro, eso s\u00ed, que no recoger\u00e1 firmas.<\/p>\n<p>Veamos las opciones: No tendr\u00eda aval en los partidos Liberal, Conservador, La U, Centro Democr\u00e1tico, Verde, Polo, Cambio Radical\u2026 as\u00ed que lo \u201calternativo\u201d ser\u00edan partidos min\u00fasculos como ASI o MAIS o MIRA o ADA o AICO o Colombia Justa Libres o PRE o Renaciente o Uni\u00f3n Patri\u00f3tica (Pregunta: \u00bfsab\u00eda usted que existen esos partidos)<\/p>\n<p>&nbsp;<\/p>\n<p><strong>Salir del anonimato<\/strong><\/p>\n<p>La opci\u00f3n \u201cNinguno\u201d fue la que gan\u00f3 el sondeo de revista Zetta con un 83% a la pregunta \u00bfconoce a alguno de los precandidatos de Centro Democr\u00e1tico a la Alcald\u00eda? La menos desconocida es Minerva Romero, luego Francisco Hern\u00e1ndez y de \u00faltimo Arsenio Fern\u00e1ndez.<\/p>\n<p>En el uribismo lo saben y van a hacer cuatro foros para inyectarles algo de visibilidad, el primero de ellos este jueves en el Colombo de los Cuatro Vientos.<\/p>\n<p>En una estrategia para salir del anonimato pol\u00edtico, el precandidato Ambrosio Fern\u00e1ndez est\u00e1 invitando a un caf\u00e9 a los periodistas, este mi\u00e9rcoles en la ma\u00f1ana. Ya les iremos contando qui\u00e9n es esta alternativa del Centro Democr\u00e1tico.<\/p>\n<p>&nbsp;<\/p>\n<p><strong>Seguridad jur\u00eddica<\/strong><\/p>\n<p>La pretensi\u00f3n de un abogado con poco reconocimiento es que se despoje al representante Jorge Benedetti de su curul por una supuesta inhabilidad, lo que no le quita el sue\u00f1o para nada al joven congresista bolivarense por dos razones: primero, porque tiene la seguridad jur\u00eddica que no incurri\u00f3 en ninguna anomal\u00eda, y segundo, porque las pruebas aportadas por el accionante son raqu\u00edticas. Benedetti deja el asunto en manos de su abogado de confianza, mientras sigue atento entre semana a las sesiones del Congreso, y los fines de semana a visitar la provincia, como sucedi\u00f3 en Mahates y el Carmen, donde se reuni\u00f3 con j\u00f3venes que quieren renovar la pol\u00edtica.<\/p>\n","protected":false},"excerpt":{"rendered":"<p>Partido alternativo Probado est\u00e1 que ya muy pocos dirigentes tienen ideolog\u00eda, y que los partidos pol\u00edticos son acomodaderos de la conveniencia circunstancial. \u00bfSer\u00e1 que en esa l\u00ednea anda William Garc\u00eda Tirado? Recordemos que de su juventud liberal pas\u00f3 a Cambio Radical, donde fue concejal y congresista, y ahora busca un \u201cpartido alternativo\u201d para avalar su candidatura a la Alcald\u00eda, lo cual no tendr\u00e1 ninguna dificultad pues tambi\u00e9n sabemos que hay organizaciones que van por el pa\u00eds ofreciendo avales a quien lo solicite. El exgerente de Corvivienda tiene claro, eso s\u00ed,&#8230; <\/p>\n","protected":false},"author":3,"featured_media":29431,"comment_status":"open","ping_status":"closed","sticky":false,"template":"","format":"standard","meta":{"footnotes":"","_links_to":"","_links_to_target":""},"categories":[44,75,45],"tags":[],"class_list":["post-29428","post","type-post","status-publish","format-standard","has-post-thumbnail","hentry","category-materiagris","category-destacada","category-orbita"],"_links":{"self":[{"href":"https:\/\/revistazetta.com\/index.php?rest_route=\/wp\/v2\/posts\/29428","targetHints":{"allow":["GET"]}}],"collection":[{"href":"https:\/\/revistazetta.com\/index.php?rest_route=\/wp\/v2\/posts"}],"about":[{"href":"https:\/\/revistazetta.com\/index.php?rest_route=\/wp\/v2\/types\/post"}],"author":[{"embeddable":true,"href":"https:\/\/revistazetta.com\/index.php?rest_route=\/wp\/v2\/users\/3"}],"replies":[{"embeddable":true,"href":"https:\/\/revistazetta.com\/index.php?rest_route=%2Fwp%2Fv2%2Fcomments&post=29428"}],"version-history":[{"count":0,"href":"https:\/\/revistazetta.com\/index.php?rest_route=\/wp\/v2\/posts\/29428\/revisions"}],"wp:featuredmedia":[{"embeddable":true,"href":"https:\/\/revistazetta.com\/index.php?rest_route=\/wp\/v2\/media\/29431"}],"wp:attachment":[{"href":"https:\/\/revistazetta.com\/index.php?rest_route=%2Fwp%2Fv2%2Fmedia&parent=29428"}],"wp:term":[{"taxonomy":"category","embeddable":true,"href":"https:\/\/revistazetta.com\/index.php?rest_route=%2Fwp%2Fv2%2Fcategories&post=29428"},{"taxonomy":"post_tag","embeddable":true,"href":"https:\/\/revistazetta.com\/index.php?rest_route=%2Fwp%2Fv2%2Ftags&post=29428"}],"curies":[{"name":"wp","href":"https:\/\/api.w.org\/{rel}","templated":true}]}}