{"id":29432,"date":"2019-03-27T08:16:25","date_gmt":"2019-03-27T13:16:25","guid":{"rendered":"http:\/\/www.revistazetta.com\/?p=29432"},"modified":"2019-03-27T08:16:25","modified_gmt":"2019-03-27T13:16:25","slug":"aval-liberal-solo-conviccion-disciplina","status":"publish","type":"post","link":"https:\/\/revistazetta.com\/?p=29432","title":{"rendered":"Aval liberal solo por convicci\u00f3n y disciplina"},"content":{"rendered":"<p>Convicci\u00f3n liberal y disciplina ser\u00e1n tenidas muy en cuenta por el senador Lidio Garc\u00eda Turbay para otorgar avales a quienes aspiren al Concejo de Cartagena y Asamblea de Bol\u00edvar. \u201cVerdaderos liberales estar\u00e1n en las listas\u201d afirm\u00f3 en di\u00e1logo con Revista Zetta.<\/p>\n<p>El jefe m\u00e1ximo del partido Liberal en Bol\u00edvar y Sucre especific\u00f3 que la disciplina de partido es necesaria y que aquellas personas que voten por candidatos de otras colectividades no ser\u00e1n tenidas en cuenta, as\u00ed ostenten curul. \u201cEso del derecho propio no ser\u00e1 aplicable, aqu\u00ed hay que tener disciplina e identidad con los predicados liberales\u201d, puntualiz\u00f3.<\/p>\n<p>En el caso de la lista para el Concejo de Cartagena, anot\u00f3 que adem\u00e1s debe contribuir para que la ciudad salga del marasmo institucional en que se encuentra por los hechos de este cuatrienio. \u201cLa ciudad no aguanta m\u00e1s\u201d, sentenci\u00f3.<\/p>\n<p>Preguntado por la situaci\u00f3n de Dionisio V\u00e9lez, exalcalde de Cartagena y a quien la Procuradur\u00eda le est\u00e1 formulando requerimientos, se\u00f1al\u00f3 que recuerda con claridad que recibi\u00f3 el aval para ser candidato y, una vez elegido y posesionado, desconoci\u00f3 de inmediato y por completo al partido.<\/p>\n","protected":false},"excerpt":{"rendered":"<p>Convicci\u00f3n liberal y disciplina ser\u00e1n tenidas muy en cuenta por el senador Lidio Garc\u00eda Turbay para otorgar avales a quienes aspiren al Concejo de Cartagena y Asamblea de Bol\u00edvar. \u201cVerdaderos liberales estar\u00e1n en las listas\u201d afirm\u00f3 en di\u00e1logo con Revista Zetta. El jefe m\u00e1ximo del partido Liberal en Bol\u00edvar y Sucre especific\u00f3 que la disciplina de partido es necesaria y que aquellas personas que voten por candidatos de otras colectividades no ser\u00e1n tenidas en cuenta, as\u00ed ostenten curul. \u201cEso del derecho propio no ser\u00e1 aplicable, aqu\u00ed hay que tener disciplina&#8230; <\/p>\n","protected":false},"author":3,"featured_media":29430,"comment_status":"open","ping_status":"closed","sticky":false,"template":"","format":"standard","meta":{"footnotes":"","_links_to":"","_links_to_target":""},"categories":[75,4],"tags":[],"class_list":["post-29432","post","type-post","status-publish","format-standard","has-post-thumbnail","hentry","category-destacada","category-politica"],"_links":{"self":[{"href":"https:\/\/revistazetta.com\/index.php?rest_route=\/wp\/v2\/posts\/29432","targetHints":{"allow":["GET"]}}],"collection":[{"href":"https:\/\/revistazetta.com\/index.php?rest_route=\/wp\/v2\/posts"}],"about":[{"href":"https:\/\/revistazetta.com\/index.php?rest_route=\/wp\/v2\/types\/post"}],"author":[{"embeddable":true,"href":"https:\/\/revistazetta.com\/index.php?rest_route=\/wp\/v2\/users\/3"}],"replies":[{"embeddable":true,"href":"https:\/\/revistazetta.com\/index.php?rest_route=%2Fwp%2Fv2%2Fcomments&post=29432"}],"version-history":[{"count":0,"href":"https:\/\/revistazetta.com\/index.php?rest_route=\/wp\/v2\/posts\/29432\/revisions"}],"wp:featuredmedia":[{"embeddable":true,"href":"https:\/\/revistazetta.com\/index.php?rest_route=\/wp\/v2\/media\/29430"}],"wp:attachment":[{"href":"https:\/\/revistazetta.com\/index.php?rest_route=%2Fwp%2Fv2%2Fmedia&parent=29432"}],"wp:term":[{"taxonomy":"category","embeddable":true,"href":"https:\/\/revistazetta.com\/index.php?rest_route=%2Fwp%2Fv2%2Fcategories&post=29432"},{"taxonomy":"post_tag","embeddable":true,"href":"https:\/\/revistazetta.com\/index.php?rest_route=%2Fwp%2Fv2%2Ftags&post=29432"}],"curies":[{"name":"wp","href":"https:\/\/api.w.org\/{rel}","templated":true}]}}