{"id":29433,"date":"2019-03-27T08:53:04","date_gmt":"2019-03-27T13:53:04","guid":{"rendered":"http:\/\/www.revistazetta.com\/?p=29433"},"modified":"2019-03-27T08:53:04","modified_gmt":"2019-03-27T13:53:04","slug":"palenqueras-fueron-escuchadas-habra-concertacion","status":"publish","type":"post","link":"https:\/\/revistazetta.com\/?p=29433","title":{"rendered":"Palenqueras fueron escuchadas y habr\u00e1 concertaci\u00f3n"},"content":{"rendered":"<blockquote><p><strong>\u201cLas mujeres palenqueras son un patrimonio vivo de la ciudad y siempre ser\u00e1n respetadas\u201d: Alcalde Pedrito Pereira Caballero. \/\u00a0Operativos contra el microtr\u00e1fico y mal uso del espacio p\u00fablico seguir\u00e1n realiz\u00e1ndose en la ciudad. \/\u00a0Desde el Distrito se trabajar\u00e1 en consensos que permitan el normal desarrollo del trabajo, respetando las leyes y valorando la cultura art\u00edsticas y las tradiciones.<\/strong><\/p><\/blockquote>\n<p>Ejerciendo un gobierno de puertas abiertas, el alcalde, Pedrito Pereira Caballero, sostuvo en la tarde y noche del martes un di\u00e1logo amigable y respetuoso con representantes de artesanos, artistas urbanos, mujeres palenqueras y dem\u00e1s vendedores estacionarios que trabajan en el Centro Hist\u00f3rico, con el objetivo de concertar soluciones conjunta a la situaci\u00f3n generada por los operativos realizados en el Centro Hist\u00f3rico y la aplicaci\u00f3n del C\u00f3digo de Polic\u00eda.<br \/>\n\u201cTengan la certeza que todos los operativos que se realizan en esta Administraci\u00f3n son apegados a la ley y respetando los derechos humanos. Los operativos son actos de gobierno que seguir\u00e1n realiz\u00e1ndose para contrarrestar el microtr\u00e1fico, generar y garantizar la protecci\u00f3n de ustedes mismas\u201d, aclar\u00f3 Pedrito Pereira Caballero.<\/p>\n<p>En respuesta a la \u201cMarcha de las Puncheras\u201d que realizaron estas agremiaciones por las calles del Centro Hist\u00f3rico en la tarde de hoy, el Alcalde de la ciudad fue enf\u00e1tico al afirmar que desde su despacho no se ha emitido ning\u00fan tipo de operativo contra alg\u00fan grupo selectivo. \u201cDebo dejar claro que bajo ninguna circunstancia he impartido instrucci\u00f3n selectiva contra ning\u00fan grupo especial, ni el trabajo que ellos desarrollan\u201d, indic\u00f3.<\/p>\n<p>As\u00ed mismo, el mandatario enfatiz\u00f3 que el espacio p\u00fablico es para el disfrute de todos los cartageneros. Es un derecho que no tiene patente de exclusividad y ese es el verdadero debate que debe darse. He dado instrucciones a la Gerencia de Espacio P\u00fablico y al Instituto de Patrimonio y Cultura (IPCC), para que realicen acciones de coordinaci\u00f3n para la organizaci\u00f3n de este grupo de personas sobre la premisa del respeto por lo p\u00fablico y la proporcionalidad de los derechos y deberes que enmarcan la explotaci\u00f3n comercial del espacio de todos\u201d, recalc\u00f3.<br \/>\nDurante la mesa de trabajo, las mujeres palenqueras que trabajan en el Centro manifestaron sentirse vulneradas en sus derechos hist\u00f3ricos y jur\u00eddicos como patrimonio vivo y cultural de la ciudad. \u201cLas palenqueras somos m\u00e1s que un vestido, tenemos m\u00e1s de 50 a\u00f1os trabajando vendiendo frutas y dulces, y nos protege el amparo jur\u00eddico de la leg\u00edtima confianza. Estamos organizadas y tenemos una Asociaci\u00f3n de Palenqueras con marca registrada ante la ley\u201d, indic\u00f3 Shirley Cassiani, palenquera.<\/p>\n<p>En base a lo expuesto por el Alcalde, representantes de este grupo \u00e9tnico manifestaron sentirse satisfechas por la atenci\u00f3n prestada. \u201cEstamos conformes porque se nos habilit\u00f3 un espacio de di\u00e1logo y se va a continuar, lo importante es que nuestra voz fue escuchada\u201d, precis\u00f3 Dorina Hern\u00e1ndez, representante de las palenqueras.<\/p>\n<p>Por su parte, el secretario de Interior, Jos\u00e9 Carlos Puello, explic\u00f3 que lo sucedido en d\u00edas pasados fue un hecho desafortunado pero no de mala fe. \u201cDebemos entender que lo que la Polic\u00eda hace, es ejercer control y por entre todos debemos arropar a la autoridad\u201d, precis\u00f3.<\/p>\n<p>Finalizado el encuentro, el Alcalde expres\u00f3 que desde la Alcald\u00eda Mayor de Cartagena De Indias, el trabajo que se viene desarrollando es el de articular todas las secretarias del distrito con el \u00fanico prop\u00f3sito de conservar y proteger el reconocimiento de nuestro valor universal excepcional que nos hizo merecedores del t\u00edtulo de Patrimonio Mundial.<\/p>\n<p>Acuerdos<\/p>\n<p>Luego de una amplia reuni\u00f3n con los distintos comerciantes se concluy\u00f3:<br \/>\n\u2705 El pr\u00f3ximo lunes iniciar\u00e1n las mesas de trabajo para la construcci\u00f3n de Pol\u00edticas P\u00fablicas para el pueblo raizal.<br \/>\n\u2705 Aclaramos que no existe ninguna orden que impida el ingreso de las palenqueras al centro hist\u00f3rico.<br \/>\n\u2705 Estaremos en una permanente mesa de trabajo que genere bienestar y un consenso equilibrado entre todos los que hacen uso del espacio p\u00fablico.<br \/>\n\u2705 Debemos ejercer control porque hay personas inescrupulosas que usan la imagen de nuestras palenqueras para delinquir.<br \/>\n\u2705 Se trabajar\u00e1 en consensos que permitan el normal desarrollo del trabajo, respetando las leyes y valorando la cultura art\u00edsticas y las tradiciones.<\/p>\n","protected":false},"excerpt":{"rendered":"<p>\u201cLas mujeres palenqueras son un patrimonio vivo de la ciudad y siempre ser\u00e1n respetadas\u201d: Alcalde Pedrito Pereira Caballero. \/\u00a0Operativos contra el microtr\u00e1fico y mal uso del espacio p\u00fablico seguir\u00e1n realiz\u00e1ndose en la ciudad. \/\u00a0Desde el Distrito se trabajar\u00e1 en consensos que permitan el normal desarrollo del trabajo, respetando las leyes y valorando la cultura art\u00edsticas y las tradiciones. Ejerciendo un gobierno de puertas abiertas, el alcalde, Pedrito Pereira Caballero, sostuvo en la tarde y noche del martes un di\u00e1logo amigable y respetuoso con representantes de artesanos, artistas urbanos, mujeres palenqueras&#8230; <\/p>\n","protected":false},"author":3,"featured_media":29434,"comment_status":"open","ping_status":"closed","sticky":false,"template":"","format":"standard","meta":{"footnotes":"","_links_to":"","_links_to_target":""},"categories":[75,32],"tags":[],"class_list":["post-29433","post","type-post","status-publish","format-standard","has-post-thumbnail","hentry","category-destacada","category-actualidad-distrito"],"_links":{"self":[{"href":"https:\/\/revistazetta.com\/index.php?rest_route=\/wp\/v2\/posts\/29433","targetHints":{"allow":["GET"]}}],"collection":[{"href":"https:\/\/revistazetta.com\/index.php?rest_route=\/wp\/v2\/posts"}],"about":[{"href":"https:\/\/revistazetta.com\/index.php?rest_route=\/wp\/v2\/types\/post"}],"author":[{"embeddable":true,"href":"https:\/\/revistazetta.com\/index.php?rest_route=\/wp\/v2\/users\/3"}],"replies":[{"embeddable":true,"href":"https:\/\/revistazetta.com\/index.php?rest_route=%2Fwp%2Fv2%2Fcomments&post=29433"}],"version-history":[{"count":0,"href":"https:\/\/revistazetta.com\/index.php?rest_route=\/wp\/v2\/posts\/29433\/revisions"}],"wp:featuredmedia":[{"embeddable":true,"href":"https:\/\/revistazetta.com\/index.php?rest_route=\/wp\/v2\/media\/29434"}],"wp:attachment":[{"href":"https:\/\/revistazetta.com\/index.php?rest_route=%2Fwp%2Fv2%2Fmedia&parent=29433"}],"wp:term":[{"taxonomy":"category","embeddable":true,"href":"https:\/\/revistazetta.com\/index.php?rest_route=%2Fwp%2Fv2%2Fcategories&post=29433"},{"taxonomy":"post_tag","embeddable":true,"href":"https:\/\/revistazetta.com\/index.php?rest_route=%2Fwp%2Fv2%2Ftags&post=29433"}],"curies":[{"name":"wp","href":"https:\/\/api.w.org\/{rel}","templated":true}]}}