{"id":29437,"date":"2019-03-27T22:26:39","date_gmt":"2019-03-28T03:26:39","guid":{"rendered":"http:\/\/www.revistazetta.com\/?p=29437"},"modified":"2019-03-27T22:26:39","modified_gmt":"2019-03-28T03:26:39","slug":"nueva-junta-directiva-funcicar","status":"publish","type":"post","link":"https:\/\/revistazetta.com\/?p=29437","title":{"rendered":"Nueva Junta Directiva de Funcicar"},"content":{"rendered":"<p>Este martes, la asamblea general de socios de la Fundaci\u00f3n C\u00edvico Social Pro Cartagena, Funcicar, eligi\u00f3 nueva junta directiva para el periodo 2019-2021.<\/p>\n<p>Miembros principales: Mar\u00eda Claudia Trucco (Surtigas), Jaime Restrepo (Polyban), Roberto Garc\u00eda (Transelca), H\u00e9ctor Molina (Lamitech) y Alberto Roa (Universidad Tecnol\u00f3gica de Bol\u00edvar).<\/p>\n<p>Suplentes: Jaime De La Cruz (C\u00edrculo de Obreros San Pedro Claver), V\u00edctor Hurtado (Compas S.A.), Consuelo Acevedo (SACSA), Ra\u00fal Bustamante (Hotel Intercontinental) y Diana Rodr\u00edguez (Centro de Convenciones Cartagena de Indias).<\/p>\n<p>Funcicar est\u00e1 conformada por ciudadanos, organizaciones y empresas que trabajan desde hace 25 a\u00f1os por la cultura democr\u00e1tica, la \u00e9tica p\u00fablica, la participaci\u00f3n ciudadana y el fortalecimiento institucional, con la convicci\u00f3n de que una\u00a0ciudadan\u00eda activa\u00a0y vigilante contribuyen a alcanzar la efectividad necesaria para el\u00a0desarrollo del territorio.<\/p>\n","protected":false},"excerpt":{"rendered":"<p>Este martes, la asamblea general de socios de la Fundaci\u00f3n C\u00edvico Social Pro Cartagena, Funcicar, eligi\u00f3 nueva junta directiva para el periodo 2019-2021. Miembros principales: Mar\u00eda Claudia Trucco (Surtigas), Jaime Restrepo (Polyban), Roberto Garc\u00eda (Transelca), H\u00e9ctor Molina (Lamitech) y Alberto Roa (Universidad Tecnol\u00f3gica de Bol\u00edvar). Suplentes: Jaime De La Cruz (C\u00edrculo de Obreros San Pedro Claver), V\u00edctor Hurtado (Compas S.A.), Consuelo Acevedo (SACSA), Ra\u00fal Bustamante (Hotel Intercontinental) y Diana Rodr\u00edguez (Centro de Convenciones Cartagena de Indias). Funcicar est\u00e1 conformada por ciudadanos, organizaciones y empresas que trabajan desde hace 25 a\u00f1os&#8230; <\/p>\n","protected":false},"author":3,"featured_media":0,"comment_status":"open","ping_status":"closed","sticky":false,"template":"","format":"standard","meta":{"footnotes":"","_links_to":"","_links_to_target":""},"categories":[3],"tags":[],"class_list":["post-29437","post","type-post","status-publish","format-standard","hentry","category-ciudad"],"_links":{"self":[{"href":"https:\/\/revistazetta.com\/index.php?rest_route=\/wp\/v2\/posts\/29437","targetHints":{"allow":["GET"]}}],"collection":[{"href":"https:\/\/revistazetta.com\/index.php?rest_route=\/wp\/v2\/posts"}],"about":[{"href":"https:\/\/revistazetta.com\/index.php?rest_route=\/wp\/v2\/types\/post"}],"author":[{"embeddable":true,"href":"https:\/\/revistazetta.com\/index.php?rest_route=\/wp\/v2\/users\/3"}],"replies":[{"embeddable":true,"href":"https:\/\/revistazetta.com\/index.php?rest_route=%2Fwp%2Fv2%2Fcomments&post=29437"}],"version-history":[{"count":0,"href":"https:\/\/revistazetta.com\/index.php?rest_route=\/wp\/v2\/posts\/29437\/revisions"}],"wp:attachment":[{"href":"https:\/\/revistazetta.com\/index.php?rest_route=%2Fwp%2Fv2%2Fmedia&parent=29437"}],"wp:term":[{"taxonomy":"category","embeddable":true,"href":"https:\/\/revistazetta.com\/index.php?rest_route=%2Fwp%2Fv2%2Fcategories&post=29437"},{"taxonomy":"post_tag","embeddable":true,"href":"https:\/\/revistazetta.com\/index.php?rest_route=%2Fwp%2Fv2%2Ftags&post=29437"}],"curies":[{"name":"wp","href":"https:\/\/api.w.org\/{rel}","templated":true}]}}