{"id":29438,"date":"2019-03-28T07:13:40","date_gmt":"2019-03-28T12:13:40","guid":{"rendered":"http:\/\/www.revistazetta.com\/?p=29438"},"modified":"2019-03-28T07:13:40","modified_gmt":"2019-03-28T12:13:40","slug":"corridas-toros-tienen-arraigo-cultural-corte-constitucional","status":"publish","type":"post","link":"https:\/\/revistazetta.com\/?p=29438","title":{"rendered":"Corridas de toros tienen arraigo cultural: Corte Constitucional"},"content":{"rendered":"<p>La<strong> Corte Constitucional<\/strong> ha corroborado la sentencia <strong>C-666<\/strong> de <strong>2010<\/strong>, que determina que las corridas de toros y las peleas de gallos, entre otros espect\u00e1culos con animales, forman parte del arraigo cultural en <strong>Colombia<\/strong>, por lo que no pueden calificarse como un acto de maltrato animal.<\/p>\n<p>Esta decisi\u00f3n se tom\u00f3 como resoluci\u00f3n de una demanda contra la ley <strong>774<\/strong>de <strong>2016<\/strong> sobre protecci\u00f3n animal, que excluy\u00f3 de la protecci\u00f3n del <strong>Estado<\/strong> a los toros, gallos, becerros y dem\u00e1s animales que participan en espect\u00e1culos art\u00edsticos, <strong>\u2018desconociendo su calidad de seres sintientes\u2019.<\/strong><\/p>\n<p>La <strong>Corte<\/strong> reiter\u00f3 que el maltrato animal est\u00e1 prohibido en el pa\u00eds, pero tuvo en cuenta ciertas pr\u00e1cticas que no pueden calificarse como maltrato animal, sino como actos culturales que deben respetarse en los municipios donde esa pr\u00e1ctica tiene arraigo. En este sentido, el tribunal tambi\u00e9n estableci\u00f3 que el marco cultural de un municipio o regi\u00f3n no se puede prohibir.<\/p>\n","protected":false},"excerpt":{"rendered":"<p>La Corte Constitucional ha corroborado la sentencia C-666 de 2010, que determina que las corridas de toros y las peleas de gallos, entre otros espect\u00e1culos con animales, forman parte del arraigo cultural en Colombia, por lo que no pueden calificarse como un acto de maltrato animal. Esta decisi\u00f3n se tom\u00f3 como resoluci\u00f3n de una demanda contra la ley 774de 2016 sobre protecci\u00f3n animal, que excluy\u00f3 de la protecci\u00f3n del Estado a los toros, gallos, becerros y dem\u00e1s animales que participan en espect\u00e1culos art\u00edsticos, \u2018desconociendo su calidad de seres sintientes\u2019. La&#8230; <\/p>\n","protected":false},"author":3,"featured_media":29439,"comment_status":"open","ping_status":"closed","sticky":false,"template":"","format":"standard","meta":{"footnotes":"","_links_to":"","_links_to_target":""},"categories":[41,42],"tags":[],"class_list":["post-29438","post","type-post","status-publish","format-standard","has-post-thumbnail","hentry","category-cultura","category-cultura-toros"],"_links":{"self":[{"href":"https:\/\/revistazetta.com\/index.php?rest_route=\/wp\/v2\/posts\/29438","targetHints":{"allow":["GET"]}}],"collection":[{"href":"https:\/\/revistazetta.com\/index.php?rest_route=\/wp\/v2\/posts"}],"about":[{"href":"https:\/\/revistazetta.com\/index.php?rest_route=\/wp\/v2\/types\/post"}],"author":[{"embeddable":true,"href":"https:\/\/revistazetta.com\/index.php?rest_route=\/wp\/v2\/users\/3"}],"replies":[{"embeddable":true,"href":"https:\/\/revistazetta.com\/index.php?rest_route=%2Fwp%2Fv2%2Fcomments&post=29438"}],"version-history":[{"count":0,"href":"https:\/\/revistazetta.com\/index.php?rest_route=\/wp\/v2\/posts\/29438\/revisions"}],"wp:featuredmedia":[{"embeddable":true,"href":"https:\/\/revistazetta.com\/index.php?rest_route=\/wp\/v2\/media\/29439"}],"wp:attachment":[{"href":"https:\/\/revistazetta.com\/index.php?rest_route=%2Fwp%2Fv2%2Fmedia&parent=29438"}],"wp:term":[{"taxonomy":"category","embeddable":true,"href":"https:\/\/revistazetta.com\/index.php?rest_route=%2Fwp%2Fv2%2Fcategories&post=29438"},{"taxonomy":"post_tag","embeddable":true,"href":"https:\/\/revistazetta.com\/index.php?rest_route=%2Fwp%2Fv2%2Ftags&post=29438"}],"curies":[{"name":"wp","href":"https:\/\/api.w.org\/{rel}","templated":true}]}}