{"id":29440,"date":"2019-03-28T07:24:40","date_gmt":"2019-03-28T12:24:40","guid":{"rendered":"http:\/\/www.revistazetta.com\/?p=29440"},"modified":"2019-03-28T07:24:40","modified_gmt":"2019-03-28T12:24:40","slug":"primer-encuentro-departamental-mujeres","status":"publish","type":"post","link":"https:\/\/revistazetta.com\/?p=29440","title":{"rendered":"Primer Encuentro Departamental de Mujeres"},"content":{"rendered":"<p>En celebraci\u00f3n del D\u00eda Internacional de la Mujer, la Gobernaci\u00f3n de Bol\u00edvar a trav\u00e9s de la Oficina de Gesti\u00f3n Social liderada por Liliana Majana dio inicio al primer Encuentro departamental de mujeres l\u00edderes\u00a0en el Hotel Corales de Indias del 26 al 28 de marzo. Las 180 mujeres provenientes de Mar\u00edalabaja, Ach\u00ed, Arjona, Arroyohondo, Clemencia, El Carmen de Bol\u00edvar, Margarita, Montecristo, Noros\u00ed, R\u00edo Viejo, San Estanislao, San Jacinto, San Juan Nepomuceno, Santa Catalina, Santa Rosa de Lima, Simit\u00ed, Talaigua Nuevo, Tiquisio, Turbaco, Villanueva, C\u00f3rdoba, Cartagena DTyC, entre otros, disfrutaron de este primer d\u00eda con una nutrida agenda enfocada en temas de cultura, emprendimiento, educaci\u00f3n, empoderamiento femenino, participaci\u00f3n pol\u00edtica y violencia de g\u00e9nero.<\/p>\n<p>\u201cEn los 15 a\u00f1os que llevo trabajando en temas relacionados con mujeres, es la primera vez que veo un evento como este, en el que nos ense\u00f1an no solo a empoderarnos desde lo econ\u00f3mico y laboral sino tambi\u00e9n desde lo personal. Mis compa\u00f1eras y yo estamos muy contentas por la invitaci\u00f3n\u201d, manifest\u00f3 Nidia Macea, l\u00edder montemariana y coordinadora un colectivo de mujeres. Con este encuentro se busca fortalecer las herramientas de aquellas que han asumido el rol de l\u00edderes en sus territorios y aportar en ese impacto positivo que generan en las comunidades. Las invitadas son l\u00edderes reconocidas en los diferentes municipios que trabajan incansablemente por los derechos de todas las mujeres. La gestora social Liliana Majana les dio la bienvenida a las bolivarenses que asisten a este evento pensado s\u00f3lo para ellas. \u00abUnidas seguiremos logrando muchos avances. Esperamos que este espacio sea de crecimiento y salgan m\u00e1s convencidas que nunca del importante rol que desempe\u00f1an en sus comunidades\u00bb, expres\u00f3 Majana.<\/p>\n<p>Entre las conferencistas invitadas encontramos a la joven Katherine Pascuales, reconocida influencer bolivarense y famosa por su personaje de \u201cMildre Cartagena\u201d, quien con sus divertidas an\u00e9cdotas contagi\u00f3 a las asistentes, dando a conocer su historia de vida y c\u00f3mo a trav\u00e9s de su don para &#8216;mamar gallo con fundamento&#8217; ha logrado llevar un mensaje de transformaci\u00f3n a los j\u00f3venes. Tambi\u00e9n, se desarroll\u00f3 un taller de empoderamiento femenino a cargo de la trabajadora social con alto conocimiento en procesos sociales, educativos y organizacionales en equidad de g\u00e9nero, Betty \u00c1lvarez. La jornada finaliz\u00f3 con talleres simult\u00e1neos de empoderamiento a trav\u00e9s de la danza, el emprendimiento, el arte y la innovaci\u00f3n.<\/p>\n<p>En el segundo d\u00eda del Encuentro se tiene proyectado hacer un reconocimiento a esas mujeres que se han destacado por su labor incansable en los territorios, defendiendo y promoviendo los derechos de las mujeres, adem\u00e1s, de conferencias sobre prevenci\u00f3n y atenci\u00f3n de violencia de g\u00e9nero, participaci\u00f3n y control pol\u00edtico y productividad femenina.<\/p>\n","protected":false},"excerpt":{"rendered":"<p>En celebraci\u00f3n del D\u00eda Internacional de la Mujer, la Gobernaci\u00f3n de Bol\u00edvar a trav\u00e9s de la Oficina de Gesti\u00f3n Social liderada por Liliana Majana dio inicio al primer Encuentro departamental de mujeres l\u00edderes\u00a0en el Hotel Corales de Indias del 26 al 28 de marzo. Las 180 mujeres provenientes de Mar\u00edalabaja, Ach\u00ed, Arjona, Arroyohondo, Clemencia, El Carmen de Bol\u00edvar, Margarita, Montecristo, Noros\u00ed, R\u00edo Viejo, San Estanislao, San Jacinto, San Juan Nepomuceno, Santa Catalina, Santa Rosa de Lima, Simit\u00ed, Talaigua Nuevo, Tiquisio, Turbaco, Villanueva, C\u00f3rdoba, Cartagena DTyC, entre otros, disfrutaron de este&#8230; <\/p>\n","protected":false},"author":3,"featured_media":29441,"comment_status":"open","ping_status":"closed","sticky":false,"template":"","format":"standard","meta":{"footnotes":"","_links_to":"","_links_to_target":""},"categories":[2,75],"tags":[],"class_list":["post-29440","post","type-post","status-publish","format-standard","has-post-thumbnail","hentry","category-actualidad","category-destacada"],"_links":{"self":[{"href":"https:\/\/revistazetta.com\/index.php?rest_route=\/wp\/v2\/posts\/29440","targetHints":{"allow":["GET"]}}],"collection":[{"href":"https:\/\/revistazetta.com\/index.php?rest_route=\/wp\/v2\/posts"}],"about":[{"href":"https:\/\/revistazetta.com\/index.php?rest_route=\/wp\/v2\/types\/post"}],"author":[{"embeddable":true,"href":"https:\/\/revistazetta.com\/index.php?rest_route=\/wp\/v2\/users\/3"}],"replies":[{"embeddable":true,"href":"https:\/\/revistazetta.com\/index.php?rest_route=%2Fwp%2Fv2%2Fcomments&post=29440"}],"version-history":[{"count":0,"href":"https:\/\/revistazetta.com\/index.php?rest_route=\/wp\/v2\/posts\/29440\/revisions"}],"wp:featuredmedia":[{"embeddable":true,"href":"https:\/\/revistazetta.com\/index.php?rest_route=\/wp\/v2\/media\/29441"}],"wp:attachment":[{"href":"https:\/\/revistazetta.com\/index.php?rest_route=%2Fwp%2Fv2%2Fmedia&parent=29440"}],"wp:term":[{"taxonomy":"category","embeddable":true,"href":"https:\/\/revistazetta.com\/index.php?rest_route=%2Fwp%2Fv2%2Fcategories&post=29440"},{"taxonomy":"post_tag","embeddable":true,"href":"https:\/\/revistazetta.com\/index.php?rest_route=%2Fwp%2Fv2%2Ftags&post=29440"}],"curies":[{"name":"wp","href":"https:\/\/api.w.org\/{rel}","templated":true}]}}