{"id":29444,"date":"2019-03-28T07:38:57","date_gmt":"2019-03-28T12:38:57","guid":{"rendered":"http:\/\/www.revistazetta.com\/?p=29444"},"modified":"2021-12-08T17:32:55","modified_gmt":"2021-12-08T22:32:55","slug":"alianza-desarrollo-zona-comercial-serena-del-mar","status":"publish","type":"post","link":"https:\/\/revistazetta.com\/?p=29444","title":{"rendered":"Alianza para desarrollo de zona comercial en Serena del Mar"},"content":{"rendered":"<p>Las firmas Ospinas y Novus Civitas unieron su experiencia y trayectoria en materia urban\u00edstica e inmobiliaria, a trav\u00e9s de una alianza para desarrollar los destinos de comercio en Serena del Mar.<\/p>\n<p>De manera inmediata enfocan esfuerzos en los primeros 7 mil metros cuadrados de \u00e1rea en la calle comercial, un proyecto de usos mixtos en el coraz\u00f3n de La Ciudad So\u00f1ada, justo enfrente del Centro Hospitalario Serena del Mar y que se extender\u00e1 hasta el Gran Canal en donde se ubicar\u00e1 una marina recreativa.<\/p>\n<p>La totalidad de la calle comercial tiene una proyecci\u00f3n de 23.500 metros cuadrados, de los cuales m\u00e1s de 7 mil metros cuadrados ser\u00e1n para comercio y m\u00e1s de 15 mil metros cuadrados para usos mixtos.<\/p>\n<p>Estas \u00e1reas se ir\u00e1n desarrollando por etapas e incluir\u00e1n un comercio enfocado en varios prop\u00f3sitos: en el primer piso de los edificios se atender\u00e1n desde las necesidades b\u00e1sicas de los residentes y visitantes a la zona con formatos de conveniencia (supermercados, farmacias, entre otros) hasta alternativas de comercio de entretenimiento y estilo de vida como restaurantes, caf\u00e9s y otras propuestas que est\u00e9n alineadas con ese concepto que convertir\u00e1n al sector en un lugar ic\u00f3nico para la ciudad.<\/p>\n<p>De otra parte, a partir de los segundos pisos de las edificaciones la oferta estar\u00e1 centrada en servicios complementarios de salud, consultorios m\u00e9dicos, hoteler\u00eda para larga estad\u00eda tipo boutique, apartamentos, entre otros.<\/p>\n<p>Sobre el anuncio, el presidente de Ospinas, Juan Pulido, asegur\u00f3: \u201cEl proceso que iniciamos a partir de ahora de la mano de Novus Civitas, incluir\u00e1 la estructuraci\u00f3n de una porci\u00f3n importante de la zona comercial de este proyecto, que ya es todo un referente en materia urban\u00edstica en el pa\u00eds, esperamos que esa etapa est\u00e9 finalizada en este primer semestre, para posteriormente iniciar la comercializaci\u00f3n de los espacios de acuerdo a los usos que tenemos establecidos. Nos sentimos muy complacidos de participar en esta iniciativa que traer\u00e1 nuevos formatos y alternativas a los cartageneros y a los visitantes a Serena del Mar.\u201d<\/p>\n<p>Por su parte, el presidente de Novus Civitas, Rafael Sim\u00f3n del Castillo, expres\u00f3: \u201cEste es un nuevo paso en firme en la consolidaci\u00f3n de Serena del Mar, dando vida ahora a la promesa del desarrollo comercial al interior de La Ciudad So\u00f1ada. Una vez m\u00e1s ratificamos, con buenas noticias para Cartagena y la regi\u00f3n que este sue\u00f1o, que hasta hace unos a\u00f1os estaba s\u00f3lo vivo en el plan maestro, es ahora una realidad con oferta de vivienda, salud, educaci\u00f3n, turismo, entretenimiento y ahora oferta comercial, tal y como lo hab\u00edamos prometido.\u201d<\/p>\n<p><strong>Acerca de Serena del Mar:\u00a0<\/strong><\/p>\n<p>Serena del Mar es un proyecto urban\u00edstico que se empez\u00f3 a construir en 2015, y establece un nuevo concepto de ciudad en la zona norte de Cartagena de Indias fundamentado en los pilares de planeada para el futuro, integrado a la naturaleza y con oportunidades para todos, tiene como prop\u00f3sito superior garantizar calidad de vida a las personas que van vivir o visitar el proyecto.<\/p>\n<p>&nbsp;<\/p>\n<p>El proyecto incluir\u00e1 el Centro Hospitalario Serena del Mar, centros educativos como la Universidad de los Andes, ya en funcionamiento, vivienda para todos los niveles y estilos de vida, oferta hotelera, comercio y recreaci\u00f3n, una terminal de transporte y espacios con infraestructura que garantizar\u00e1n a sus habitantes, visitantes e inversionistas: seguridad, salud, educaci\u00f3n y calidad de vida.<\/p>\n<p>&nbsp;<\/p>\n<p><strong>Acerca de Novus Civitas<\/strong><strong>:<\/strong><\/p>\n<p>Firma gestora de proyectos urbanos vanguardistas, visionarios, y de talla mundial que mejoran la calidad de vida de sus habitantes y su entorno. Estos responden a las necesidades de las ciudades y de sus habitantes con una visi\u00f3n de largo plazo y se imponen como modelos de cambio en el ritmo y la forma de realizar desarrollos urban\u00edsticos realmente sostenibles. En la realizaci\u00f3n de sus proyectos logra integrar a los m\u00e1s destacados arquitectos, ingenieros y dise\u00f1adores del mundo para planear, gestionar y desarrollar proyectos urbanos revolucionarios.<\/p>\n<p>Es la firma que se encuentra al frente de Serena del Mar, La Ciudad So\u00f1ada.<\/p>\n<p>&nbsp;<\/p>\n<p>&nbsp;<\/p>\n<p><strong>Acerca de Ospinas:<\/strong><\/p>\n<p>Ospinas &amp; Compa\u00f1\u00eda, estructurador, desarrollador y comercializador inmobiliario, con una trayectoria de m\u00e1s de 85 a\u00f1os en el sector inmobiliario. En Colombia ha desarrollado cerca de 1\u00b4600.000 m2 en proyectos inmobiliarios de comercio, vivienda, uso mixto y hoteler\u00eda<\/p>\n<p>&nbsp;<\/p>\n<p>Cuenta con m\u00e1s de 30 a\u00f1os desarrollando Centros comerciales en diferentes ciudades del pa\u00eds, entre los m\u00e1s emblem\u00e1ticos se encuentran:\u00a0 Plaza de Las Am\u00e9ricas, Salitre Plaza, Plaza Imperial, Centro Mayor, Tit\u00e1n Plaza, Plaza Central y Ventura en Bogot\u00e1; Ventura Plaza en C\u00facuta. En el 2020 se abrir\u00e1n Ventura Cartagena y Alegra en Barranquilla. Tiene la cuota de mercado m\u00e1s grande de Colombia, con el 14% de GLA, y nuestros centros comerciales cuentan con m\u00e1s de 200 millones de visitas al a\u00f1o.<\/p>\n<p>&nbsp;<\/p>\n<p>Ospinas\u00a0desde hace m\u00e1s de 10 a\u00f1os le ha apostado al\u00a0desarrollo de proyectos en\u00a0Cartagena.<\/p>\n","protected":false},"excerpt":{"rendered":"<p>Las firmas Ospinas y Novus Civitas unieron su experiencia y trayectoria en materia urban\u00edstica e inmobiliaria, a trav\u00e9s de una alianza para desarrollar los destinos de comercio en Serena del Mar. De manera inmediata enfocan esfuerzos en los primeros 7 mil metros cuadrados de \u00e1rea en la calle comercial, un proyecto de usos mixtos en el coraz\u00f3n de La Ciudad So\u00f1ada, justo enfrente del Centro Hospitalario Serena del Mar y que se extender\u00e1 hasta el Gran Canal en donde se ubicar\u00e1 una marina recreativa. La totalidad de la calle comercial&#8230; <\/p>\n","protected":false},"author":3,"featured_media":29445,"comment_status":"open","ping_status":"closed","sticky":false,"template":"","format":"standard","meta":{"footnotes":"","_links_to":"","_links_to_target":""},"categories":[3,75,50],"tags":[191,354,302],"class_list":["post-29444","post","type-post","status-publish","format-standard","has-post-thumbnail","hentry","category-ciudad","category-destacada","category-empresa","tag-cartagena-de-indias","tag-serena-del-mar","tag-turismo"],"_links":{"self":[{"href":"https:\/\/revistazetta.com\/index.php?rest_route=\/wp\/v2\/posts\/29444","targetHints":{"allow":["GET"]}}],"collection":[{"href":"https:\/\/revistazetta.com\/index.php?rest_route=\/wp\/v2\/posts"}],"about":[{"href":"https:\/\/revistazetta.com\/index.php?rest_route=\/wp\/v2\/types\/post"}],"author":[{"embeddable":true,"href":"https:\/\/revistazetta.com\/index.php?rest_route=\/wp\/v2\/users\/3"}],"replies":[{"embeddable":true,"href":"https:\/\/revistazetta.com\/index.php?rest_route=%2Fwp%2Fv2%2Fcomments&post=29444"}],"version-history":[{"count":0,"href":"https:\/\/revistazetta.com\/index.php?rest_route=\/wp\/v2\/posts\/29444\/revisions"}],"wp:featuredmedia":[{"embeddable":true,"href":"https:\/\/revistazetta.com\/index.php?rest_route=\/wp\/v2\/media\/29445"}],"wp:attachment":[{"href":"https:\/\/revistazetta.com\/index.php?rest_route=%2Fwp%2Fv2%2Fmedia&parent=29444"}],"wp:term":[{"taxonomy":"category","embeddable":true,"href":"https:\/\/revistazetta.com\/index.php?rest_route=%2Fwp%2Fv2%2Fcategories&post=29444"},{"taxonomy":"post_tag","embeddable":true,"href":"https:\/\/revistazetta.com\/index.php?rest_route=%2Fwp%2Fv2%2Ftags&post=29444"}],"curies":[{"name":"wp","href":"https:\/\/api.w.org\/{rel}","templated":true}]}}