{"id":29471,"date":"2019-03-29T09:23:29","date_gmt":"2019-03-29T14:23:29","guid":{"rendered":"http:\/\/www.revistazetta.com\/?p=29471"},"modified":"2019-03-29T09:23:29","modified_gmt":"2019-03-29T14:23:29","slug":"prencandidatos-del-uribismo-comenzaron-mostrarse-foro-programatico","status":"publish","type":"post","link":"https:\/\/revistazetta.com\/?p=29471","title":{"rendered":"Prencandidatos del uribismo comenzaron a mostrarse en foro program\u00e1tico"},"content":{"rendered":"<p>Centro Democr\u00e1tico inici\u00f3 en Cartagena los \u201cForos Program\u00e1ticos\u201d con el fin de fortalecer el di\u00e1logo con la comunidad y la democracia\u00a0partidista, con los precandidatos a la Alcald\u00eda: Minerva Romero Julio, Ambrosio Fern\u00e1ndez Mart\u00ednez, Gabriel Rodr\u00edguez Osorio y Francisco Hern\u00e1ndez Salgado.<\/p>\n<p>Este primer foro, de cinco programados, trat\u00f3 los temas de seguridad, microtr\u00e1fico y salud. Est\u00e1 previsto realizar otros foros en diferentes universidades abordando otras tem\u00e1ticas, dando espacio al debate y la defensa de sus candidaturas, a partir de sus propuestas.<\/p>\n<p>Cada uno de los precandidatos cont\u00f3 con 10 minutos para hablar sobre sus propuestas, cinco para abordar el tema de la seguridad y microtr\u00e1fico y cinco para el tema de salud. As\u00ed mismo, tuvieron la oportunidad de responder preguntas, para esto se les dio dos minutos con la oportunidad de una contrapregunta que deb\u00edan responder en un minuto.<\/p>\n<p><strong>Propuestas<\/strong><\/p>\n<p>Francisco Hern\u00e1ndez expuso entre sus principales propuestas en materia de seguridad y microtr\u00e1fico, impedir la entrada de droga a la ciudad, atacar las peque\u00f1as estructuras delictivas como los Rondas, Tangal\u00e1, Guaraperos. En salud propone garantizar el 100% el Derecho a la Salud, fortalecer Red Hospitalaria., avanzar en la implementaci\u00f3n de Red Integrales de Salud, centros de Atenci\u00f3n de Primer y Segundo Nivel y atenci\u00f3n completa de Hospital Universitario (HUC).<\/p>\n<p>Minerva Romero Julio asegur\u00f3 que tendr\u00e1 cero tolerancia con el homicidio y microtr\u00e1fico, crear\u00e1 los comit\u00e9s comunitarios de vigilancia y grupos de reacci\u00f3n inmediata, tambi\u00e9n impulsar\u00e1 la creaci\u00f3n del Fondo de recompensas distritales. Sobre salud plante\u00f3 dos propuestas: Reactivaci\u00f3n de los CAP y reingeneria del DADIS.<\/p>\n<p>Ambrosio Fern\u00e1ndez en cuanto a seguridad y microtr\u00e1fico dijo que reforzar\u00e1 programas de sensibilizaci\u00f3n ciudadana, trabajar\u00e1 en conjunto con la Polic\u00eda en contra de organizaciones delincuenciales, desmantelar\u00e1 pac\u00edficamente las pandillas, propiciar\u00e1 la reintegraci\u00f3n de los j\u00f3venes en riesgo a la vida civil productiva. En cuanto a salud dijo que buscar\u00e1 mayor destinaci\u00f3n de recursos para este sector, adem\u00e1s de fomentar una prestaci\u00f3n del servicio basada en el respeto hacia el paciente.<\/p>\n<p>Gabriel Rodr\u00edguez propone atacar el microtr\u00e1fico desde el punto de vista social, generar oportunidades de empleo para los j\u00f3venes, crear una alianza entre todos los sectores para consolidar una red ciudadana. En materia de salud expres\u00f3 que hay que ponerse al d\u00eda con las entidades que prestan los servicios de salud y fortalecer la prevenci\u00f3n.<\/p>\n<p>El pr\u00f3ximo foro program\u00e1tico se realizar\u00e1 el jueves 4 de abril en Unicolombo a las 4:00 de la tarde; la tem\u00e1tica ser\u00e1 &#8216;Pobreza, v\u00edas y movilidad&#8217;.<\/p>\n<p>&nbsp;<\/p>\n","protected":false},"excerpt":{"rendered":"<p>Centro Democr\u00e1tico inici\u00f3 en Cartagena los \u201cForos Program\u00e1ticos\u201d con el fin de fortalecer el di\u00e1logo con la comunidad y la democracia\u00a0partidista, con los precandidatos a la Alcald\u00eda: Minerva Romero Julio, Ambrosio Fern\u00e1ndez Mart\u00ednez, Gabriel Rodr\u00edguez Osorio y Francisco Hern\u00e1ndez Salgado. Este primer foro, de cinco programados, trat\u00f3 los temas de seguridad, microtr\u00e1fico y salud. Est\u00e1 previsto realizar otros foros en diferentes universidades abordando otras tem\u00e1ticas, dando espacio al debate y la defensa de sus candidaturas, a partir de sus propuestas. Cada uno de los precandidatos cont\u00f3 con 10 minutos para&#8230; <\/p>\n","protected":false},"author":3,"featured_media":29472,"comment_status":"open","ping_status":"closed","sticky":false,"template":"","format":"standard","meta":{"footnotes":"","_links_to":"","_links_to_target":""},"categories":[75,4],"tags":[],"class_list":["post-29471","post","type-post","status-publish","format-standard","has-post-thumbnail","hentry","category-destacada","category-politica"],"_links":{"self":[{"href":"https:\/\/revistazetta.com\/index.php?rest_route=\/wp\/v2\/posts\/29471","targetHints":{"allow":["GET"]}}],"collection":[{"href":"https:\/\/revistazetta.com\/index.php?rest_route=\/wp\/v2\/posts"}],"about":[{"href":"https:\/\/revistazetta.com\/index.php?rest_route=\/wp\/v2\/types\/post"}],"author":[{"embeddable":true,"href":"https:\/\/revistazetta.com\/index.php?rest_route=\/wp\/v2\/users\/3"}],"replies":[{"embeddable":true,"href":"https:\/\/revistazetta.com\/index.php?rest_route=%2Fwp%2Fv2%2Fcomments&post=29471"}],"version-history":[{"count":0,"href":"https:\/\/revistazetta.com\/index.php?rest_route=\/wp\/v2\/posts\/29471\/revisions"}],"wp:featuredmedia":[{"embeddable":true,"href":"https:\/\/revistazetta.com\/index.php?rest_route=\/wp\/v2\/media\/29472"}],"wp:attachment":[{"href":"https:\/\/revistazetta.com\/index.php?rest_route=%2Fwp%2Fv2%2Fmedia&parent=29471"}],"wp:term":[{"taxonomy":"category","embeddable":true,"href":"https:\/\/revistazetta.com\/index.php?rest_route=%2Fwp%2Fv2%2Fcategories&post=29471"},{"taxonomy":"post_tag","embeddable":true,"href":"https:\/\/revistazetta.com\/index.php?rest_route=%2Fwp%2Fv2%2Ftags&post=29471"}],"curies":[{"name":"wp","href":"https:\/\/api.w.org\/{rel}","templated":true}]}}