{"id":29473,"date":"2019-03-29T09:42:18","date_gmt":"2019-03-29T14:42:18","guid":{"rendered":"http:\/\/www.revistazetta.com\/?p=29473"},"modified":"2019-03-29T09:42:18","modified_gmt":"2019-03-29T14:42:18","slug":"cai-del-pie-la-popa-ya-lote","status":"publish","type":"post","link":"https:\/\/revistazetta.com\/?p=29473","title":{"rendered":"CAI del Pie de La Popa ya tiene lote"},"content":{"rendered":"<blockquote><p><strong>Alcalde Pedrito Pereira Caballero agradeci\u00f3 a la Asamblea de Accionistas de Edurbe por el respaldo a este proyecto\u00a0al ceder terreno para su construcci\u00f3n.<\/strong><\/p><\/blockquote>\n<p>El Distrito ya tiene el lote para la construcci\u00f3n del CAI del Pie de La Popa. La Asamblea de Accionistas de Edurbe aprob\u00f3 la cesi\u00f3n gratuita a la Polic\u00eda de 150 metros de un predio de propiedad de esta entidad en la Avenida del Lago y que ser\u00e1n usados para edificar el Centro de Atenci\u00f3n Inmediata de ese sector.<br \/>\nEn reuni\u00f3n del consejo comunitario de seguridad realizado el 22 del mes de febrero, liderado por el alcalde, Pedrito Pereira, los habitantes del barrio pidieron la instalaci\u00f3n de un CAI en la Avenida del Lago. En esa oportunidad, el mandatario distrital se comprometi\u00f3 en gestionar ante la Direcci\u00f3n Nacional de la Polic\u00eda el permiso para su construcci\u00f3n, proyecto que ya fue avalado por la autoridad que, incluso, ya aport\u00f3 los dise\u00f1os.<br \/>\nEl gerente de Edurbe Bernardo Pardo explic\u00f3 que uno de los requisitos de los estatutos de la entidad es que el terreno a ceder tenga como destino un proyecto de utilidad p\u00fablica, y que el CAI del Pie de La Popa cumple ese requerimiento, porque representa seguridad para los habitantes del barrio y para los cartageneros.<br \/>\n\u201cLa solicitud formal del predio se hizo el 26 de febrero por comunicaci\u00f3n de Distriseguridad y de los vecinos del Pie de la Popa. Ahora procede un tr\u00e1mite administrativo que consiste en la divisi\u00f3n de escritura p\u00fablica del terreno, y se estima en unos 20 d\u00edas se formalice la cesi\u00f3n\u201d, explic\u00f3 el funcionario.<br \/>\nEl director de Distriseguridad Gabriel Vergara Lago precis\u00f3 que este proyecto es la suma de voluntades de: Edurbe, que dona el terreno; Polic\u00eda Nacional, los dise\u00f1os; y el Distrito, a trav\u00e9s de la entidad que preside, los recursos para la construcci\u00f3n del CAI.<br \/>\n\u201cTenemos el visto bueno del brigadier general, Henry Sanabria Cely y la comunidad que ha estado haciendo seguimiento. Los dise\u00f1os son los tipos de la Polic\u00eda Nacional, similar al de la Villa Ol\u00edmpica y ser\u00e1 blindado\u201d, afirm\u00f3.<br \/>\nEste proyecto impactar\u00e1 en la reducci\u00f3n de delitos como el hurto y homicidios en el Pie de La Popa y sectores vecinos.<\/p>\n","protected":false},"excerpt":{"rendered":"<p>Alcalde Pedrito Pereira Caballero agradeci\u00f3 a la Asamblea de Accionistas de Edurbe por el respaldo a este proyecto\u00a0al ceder terreno para su construcci\u00f3n. El Distrito ya tiene el lote para la construcci\u00f3n del CAI del Pie de La Popa. La Asamblea de Accionistas de Edurbe aprob\u00f3 la cesi\u00f3n gratuita a la Polic\u00eda de 150 metros de un predio de propiedad de esta entidad en la Avenida del Lago y que ser\u00e1n usados para edificar el Centro de Atenci\u00f3n Inmediata de ese sector. En reuni\u00f3n del consejo comunitario de seguridad realizado&#8230; <\/p>\n","protected":false},"author":3,"featured_media":29475,"comment_status":"open","ping_status":"closed","sticky":false,"template":"","format":"standard","meta":{"footnotes":"","_links_to":"","_links_to_target":""},"categories":[75,32,88],"tags":[],"class_list":["post-29473","post","type-post","status-publish","format-standard","has-post-thumbnail","hentry","category-destacada","category-actualidad-distrito","category-seguridad"],"_links":{"self":[{"href":"https:\/\/revistazetta.com\/index.php?rest_route=\/wp\/v2\/posts\/29473","targetHints":{"allow":["GET"]}}],"collection":[{"href":"https:\/\/revistazetta.com\/index.php?rest_route=\/wp\/v2\/posts"}],"about":[{"href":"https:\/\/revistazetta.com\/index.php?rest_route=\/wp\/v2\/types\/post"}],"author":[{"embeddable":true,"href":"https:\/\/revistazetta.com\/index.php?rest_route=\/wp\/v2\/users\/3"}],"replies":[{"embeddable":true,"href":"https:\/\/revistazetta.com\/index.php?rest_route=%2Fwp%2Fv2%2Fcomments&post=29473"}],"version-history":[{"count":0,"href":"https:\/\/revistazetta.com\/index.php?rest_route=\/wp\/v2\/posts\/29473\/revisions"}],"wp:featuredmedia":[{"embeddable":true,"href":"https:\/\/revistazetta.com\/index.php?rest_route=\/wp\/v2\/media\/29475"}],"wp:attachment":[{"href":"https:\/\/revistazetta.com\/index.php?rest_route=%2Fwp%2Fv2%2Fmedia&parent=29473"}],"wp:term":[{"taxonomy":"category","embeddable":true,"href":"https:\/\/revistazetta.com\/index.php?rest_route=%2Fwp%2Fv2%2Fcategories&post=29473"},{"taxonomy":"post_tag","embeddable":true,"href":"https:\/\/revistazetta.com\/index.php?rest_route=%2Fwp%2Fv2%2Ftags&post=29473"}],"curies":[{"name":"wp","href":"https:\/\/api.w.org\/{rel}","templated":true}]}}