{"id":29486,"date":"2019-03-30T06:18:53","date_gmt":"2019-03-30T11:18:53","guid":{"rendered":"http:\/\/www.revistazetta.com\/?p=29486"},"modified":"2019-03-30T06:18:53","modified_gmt":"2019-03-30T11:18:53","slug":"unidad-rocky-valdez-rumbo-la-victoria","status":"publish","type":"post","link":"https:\/\/revistazetta.com\/?p=29486","title":{"rendered":"\u00a1Unidad \u00abRocky Valdez\u00bb rumbo a la victoria!"},"content":{"rendered":"<p><img loading=\"lazy\" decoding=\"async\" class=\"alignright wp-image-29488 size-large\" src=\"https:\/\/www.revistazetta.com\/wp-content\/uploads\/2019\/03\/Rocky-2-1024x682.jpg\" alt=\"\" width=\"1024\" height=\"682\" srcset=\"https:\/\/revistazetta.com\/wp-content\/uploads\/2019\/03\/Rocky-2-1024x682.jpg 1024w, https:\/\/revistazetta.com\/wp-content\/uploads\/2019\/03\/Rocky-2-300x200.jpg 300w, https:\/\/revistazetta.com\/wp-content\/uploads\/2019\/03\/Rocky-2-219x146.jpg 219w, https:\/\/revistazetta.com\/wp-content\/uploads\/2019\/03\/Rocky-2-50x33.jpg 50w, https:\/\/revistazetta.com\/wp-content\/uploads\/2019\/03\/Rocky-2-113x75.jpg 113w, https:\/\/revistazetta.com\/wp-content\/uploads\/2019\/03\/Rocky-2.jpg 1280w\" sizes=\"auto, (max-width: 1024px) 100vw, 1024px\" \/><\/p>\n<p>El gobernador de Bol\u00edvar, Dumek Turbay Paz; el alcalde de Cartagena, Pedrito Pereira; la directora de los Juegos Nacionales, Cecilia Baena; y el director de Infraestructura de estas justas, Manuel Alejandro Giraldo,\u00a0asistieron este viernes al inicio oficial de las obras de la nueva Unidad Deportiva Departamental Rocky Valdez, uno de los escenarios m\u00e1s representativos de los Juegos Nacionales Bol\u00edvar 2019: \u00a1Los Juegos de la Victoria!<\/p>\n<p>Como invitados especiales de este evento estuvieron presentes Ana Tijerino, viuda de esta leyenda del boxeo cartagenero y bolivarense, y su hija Ana Milena Valdez, quienes recibieron en sus manos el decreto que bautiza desde hoy este espacio deportivo con el nombre del dos veces campe\u00f3n mundial de pesos medianos.<\/p>\n<p>Esta megaobra de infraestructura deportiva, ubicada en el barrio El Poz\u00f3n, sobre la Troncal del Caribe, acoger\u00e1 un coliseo mayor, un escenario de tiro con arco y una pista de patinaje de carreras.<\/p>\n<p>Las labores de construcci\u00f3n de esta obra e intervenci\u00f3n de sus espacios de urbanismo, tras una inversi\u00f3n de $40.374 millones, ser\u00e1n ejecutadas por el Consorcio Escenarios Cartagena, con la interventor\u00eda del Consorcio Intercoliseo Bolivar.<\/p>\n<p>Este escenario deportivo comprende un \u00e1rea de construcci\u00f3n de 5.800 metros cuadrados, que incluyen un cancha de 25 x 50 metros, con capacidad para 1.778 puestos, con zona p\u00fablica y para discapacitados.<\/p>\n<p><img loading=\"lazy\" decoding=\"async\" class=\"alignright size-medium wp-image-29487\" src=\"https:\/\/www.revistazetta.com\/wp-content\/uploads\/2019\/03\/Rocky-1-300x200.jpg\" alt=\"\" width=\"300\" height=\"200\" srcset=\"https:\/\/revistazetta.com\/wp-content\/uploads\/2019\/03\/Rocky-1-300x200.jpg 300w, https:\/\/revistazetta.com\/wp-content\/uploads\/2019\/03\/Rocky-1-1024x682.jpg 1024w, https:\/\/revistazetta.com\/wp-content\/uploads\/2019\/03\/Rocky-1-219x146.jpg 219w, https:\/\/revistazetta.com\/wp-content\/uploads\/2019\/03\/Rocky-1-50x33.jpg 50w, https:\/\/revistazetta.com\/wp-content\/uploads\/2019\/03\/Rocky-1-113x75.jpg 113w, https:\/\/revistazetta.com\/wp-content\/uploads\/2019\/03\/Rocky-1.jpg 1280w\" sizes=\"auto, (max-width: 300px) 100vw, 300px\" \/>Esta obra tambi\u00e9n incluye la construcci\u00f3n de ba\u00f1os p\u00fablicos, oficinas de deportes, sala de prensa, bodega de implementos deportivos, camerinos de deportistas y jueces, zona de control antidoping, enfermer\u00eda y sala de recuperaci\u00f3n, cafeter\u00eda, dise\u00f1o e instalaci\u00f3n de cubierta met\u00e1lica, al igual que la silleter\u00eda en grader\u00edas.<\/p>\n<p>\u201cEste ser\u00e1 un escenario deportivo \u00fanico, que desde hace mucho tiempo necesitaba Cartagena, y qu\u00e9 mejor manera de hacerlo realidad que rindi\u00e9ndole un gran homenaje a nuestro Rodrigo \u2018Rocky\u2019 Valdez. Por eso hemos invitado hoy a su familia, m\u00e1s que merecedora de este tributo, y esperamos que muchos talentos puedan continuar form\u00e1ndose aqu\u00ed\u201d, dijo Turbay.<\/p>\n<p>Por su parte, el alcalde Pedrito Pereira dijo que se trata de \u201cuna gran obra, ubicada en una zona muy representativa de Cartagena, y que fomentar\u00e1 el crecimiento deportivo de muchas comunidades\u201d.<\/p>\n<p>A su vez, Ana Tijerino, viuda de Rocky Valdez, se mostr\u00f3 agradecida con el tributo concedido a quien fuera su esposo.<\/p>\n<p>\u201cEn mi familia estamos muy agradecidos con el se\u00f1or gobernador de Bol\u00edvar, Dumek Turbay, por este homenaje. Creemos que es el premio a alguien que, a trav\u00e9s del boxeo, siempre se propuso dejar en alto el nombre del departamento y el pa\u00eds\u201d, puntualiz\u00f3 Tijerino.<\/p>\n","protected":false},"excerpt":{"rendered":"<p>El gobernador de Bol\u00edvar, Dumek Turbay Paz; el alcalde de Cartagena, Pedrito Pereira; la directora de los Juegos Nacionales, Cecilia Baena; y el director de Infraestructura de estas justas, Manuel Alejandro Giraldo,\u00a0asistieron este viernes al inicio oficial de las obras de la nueva Unidad Deportiva Departamental Rocky Valdez, uno de los escenarios m\u00e1s representativos de los Juegos Nacionales Bol\u00edvar 2019: \u00a1Los Juegos de la Victoria! Como invitados especiales de este evento estuvieron presentes Ana Tijerino, viuda de esta leyenda del boxeo cartagenero y bolivarense, y su hija Ana Milena Valdez,&#8230; <\/p>\n","protected":false},"author":3,"featured_media":29489,"comment_status":"open","ping_status":"closed","sticky":false,"template":"","format":"standard","meta":{"footnotes":"","_links_to":"","_links_to_target":""},"categories":[53,75,91],"tags":[],"class_list":["post-29486","post","type-post","status-publish","format-standard","has-post-thumbnail","hentry","category-deportes","category-destacada","category-juegos-nacionales"],"_links":{"self":[{"href":"https:\/\/revistazetta.com\/index.php?rest_route=\/wp\/v2\/posts\/29486","targetHints":{"allow":["GET"]}}],"collection":[{"href":"https:\/\/revistazetta.com\/index.php?rest_route=\/wp\/v2\/posts"}],"about":[{"href":"https:\/\/revistazetta.com\/index.php?rest_route=\/wp\/v2\/types\/post"}],"author":[{"embeddable":true,"href":"https:\/\/revistazetta.com\/index.php?rest_route=\/wp\/v2\/users\/3"}],"replies":[{"embeddable":true,"href":"https:\/\/revistazetta.com\/index.php?rest_route=%2Fwp%2Fv2%2Fcomments&post=29486"}],"version-history":[{"count":0,"href":"https:\/\/revistazetta.com\/index.php?rest_route=\/wp\/v2\/posts\/29486\/revisions"}],"wp:featuredmedia":[{"embeddable":true,"href":"https:\/\/revistazetta.com\/index.php?rest_route=\/wp\/v2\/media\/29489"}],"wp:attachment":[{"href":"https:\/\/revistazetta.com\/index.php?rest_route=%2Fwp%2Fv2%2Fmedia&parent=29486"}],"wp:term":[{"taxonomy":"category","embeddable":true,"href":"https:\/\/revistazetta.com\/index.php?rest_route=%2Fwp%2Fv2%2Fcategories&post=29486"},{"taxonomy":"post_tag","embeddable":true,"href":"https:\/\/revistazetta.com\/index.php?rest_route=%2Fwp%2Fv2%2Ftags&post=29486"}],"curies":[{"name":"wp","href":"https:\/\/api.w.org\/{rel}","templated":true}]}}