{"id":29490,"date":"2019-03-30T06:27:55","date_gmt":"2019-03-30T11:27:55","guid":{"rendered":"http:\/\/www.revistazetta.com\/?p=29490"},"modified":"2019-03-30T06:27:55","modified_gmt":"2019-03-30T11:27:55","slug":"instalan-mesa-tecnica-reincorporacion-bolivar","status":"publish","type":"post","link":"https:\/\/revistazetta.com\/?p=29490","title":{"rendered":"Instalan Mesa T\u00e9cnica de Reincorporaci\u00f3n en Bol\u00edvar"},"content":{"rendered":"<p>La Gobernaci\u00f3n de Bol\u00edvar instal\u00f3 la Mesa T\u00e9cnica de Reincorporaci\u00f3n, en el auditorio de la Universidad de Cartagena de El Carmen de Bol\u00edvar.<br \/>\nSe busca continuar con el trabajo articulado que se ha venido gestando entre el Gobierno Nacional, el &#8216;Bol\u00edvar Si Avanza&#8217;, las personas en proceso de reincorporacion y las administraciones municipales. Jackeline Howard, directora departamental de Reconciliaci\u00f3n y Memoria Hist\u00f3rica de la Gobernaci\u00f3n de Bol\u00edvar, manifest\u00f3 su complacencia y agradecimiento por la conformaci\u00f3n de la mesa t\u00e9cnica destacando que a pesar de las dificultades y los complejos que dej\u00f3 el conflicto armado, lo m\u00e1s importante para el territorio es \u00aberradicar totalmente lo que no construye y garantizar la paz permanente y la igualdad, teniendo en cuenta oportunidades de reincorporaci\u00f3n que se han establecido y ademas de eso a quitarnos los estigmas\u00bb.<br \/>\n\u00abEn Bol\u00edvar hoy se respiran aires de esperanza y sostenibilidad. La superaci\u00f3n integral es para todos y por eso nos encontramos aqu\u00ed\u00bb, agreg\u00f3 la funcionaria.<br \/>\nPor su parte, Pastor Alape, delegado de las FARC para el Consejo Nacional de Reincorporaci\u00f3n, durante su saludo expuso ante los presentes que ahora las perspectivas son diferentes y en ese sentido, el perd\u00f3n, la aceptaci\u00f3n y las capacidades se deben consolidar como proceso entre las entidades y la poblaci\u00f3n referenciada.<br \/>\n\u00abHay que eliminar las prevenciones y seguir en este camino de reconciliaci\u00f3n y paz. Hoy no vemos los uniformes, sino la piel que hay debajo. El compromiso es de todos y el reto es que continuemos en este objetivo de reincorporaci\u00f3n y normalizaci\u00f3n\u00bb, acentu\u00f3 el delegado.<br \/>\nEn ese orden, Andr\u00e9s Stapper, director nacional de la Agencia para la Reincorporaci\u00f3n y la Normalizaci\u00f3n, valor\u00f3 todos los avances que en mater\u00eda de paz se han hecho en el pa\u00eds. \u00abBol\u00edvar ha sido ejemplo de superaci\u00f3n en relaci\u00f3n con estos temas. La convocatoria de estos espacios y la conformaci\u00f3n de la mesa t\u00e9cnica, nos dice que las condiciones hoy son distintas en los territorios en lo concerniente a restituci\u00f3n de alternativas de progreso. Para la agencia lo m\u00e1s esencial es pensar en las comunidades y por eso estar en pleno coraz\u00f3n de los Montes de Mar\u00eda, significa que el proceso a nuestro juicio va por buen camino\u00bb, subray\u00f3 el funcionario del orden nacional.<br \/>\nComo un hecho sensibilizador para los presentes, es significativo destacar, el abrazo final sostenido entre, Zoraya Bayuelo, l\u00edder social de Montes de Mar\u00eda y Pastor Alape, delegado FARC ante el Consejo Nacional de Reincorporaci\u00f3n.<br \/>\nA la jornada asisti\u00f3, el padre Rafael Castillo, director de la Fundaci\u00f3n de Desarrollo y Paz del Canal del Dique y la Zona Costera, secretarios de Despacho de la Gobernaci\u00f3n de Bol\u00edvar, m\u00e1s de 250 ex-combatientes de las FARC, funcionarios municipales, Fuerza P\u00fablica e invitados especiales.<\/p>\n","protected":false},"excerpt":{"rendered":"<p>La Gobernaci\u00f3n de Bol\u00edvar instal\u00f3 la Mesa T\u00e9cnica de Reincorporaci\u00f3n, en el auditorio de la Universidad de Cartagena de El Carmen de Bol\u00edvar. Se busca continuar con el trabajo articulado que se ha venido gestando entre el Gobierno Nacional, el &#8216;Bol\u00edvar Si Avanza&#8217;, las personas en proceso de reincorporacion y las administraciones municipales. Jackeline Howard, directora departamental de Reconciliaci\u00f3n y Memoria Hist\u00f3rica de la Gobernaci\u00f3n de Bol\u00edvar, manifest\u00f3 su complacencia y agradecimiento por la conformaci\u00f3n de la mesa t\u00e9cnica destacando que a pesar de las dificultades y los complejos que&#8230; <\/p>\n","protected":false},"author":3,"featured_media":29491,"comment_status":"open","ping_status":"closed","sticky":false,"template":"","format":"standard","meta":{"footnotes":"","_links_to":"","_links_to_target":""},"categories":[80,83],"tags":[],"class_list":["post-29490","post","type-post","status-publish","format-standard","has-post-thumbnail","hentry","category-region","category-municipios"],"_links":{"self":[{"href":"https:\/\/revistazetta.com\/index.php?rest_route=\/wp\/v2\/posts\/29490","targetHints":{"allow":["GET"]}}],"collection":[{"href":"https:\/\/revistazetta.com\/index.php?rest_route=\/wp\/v2\/posts"}],"about":[{"href":"https:\/\/revistazetta.com\/index.php?rest_route=\/wp\/v2\/types\/post"}],"author":[{"embeddable":true,"href":"https:\/\/revistazetta.com\/index.php?rest_route=\/wp\/v2\/users\/3"}],"replies":[{"embeddable":true,"href":"https:\/\/revistazetta.com\/index.php?rest_route=%2Fwp%2Fv2%2Fcomments&post=29490"}],"version-history":[{"count":0,"href":"https:\/\/revistazetta.com\/index.php?rest_route=\/wp\/v2\/posts\/29490\/revisions"}],"wp:featuredmedia":[{"embeddable":true,"href":"https:\/\/revistazetta.com\/index.php?rest_route=\/wp\/v2\/media\/29491"}],"wp:attachment":[{"href":"https:\/\/revistazetta.com\/index.php?rest_route=%2Fwp%2Fv2%2Fmedia&parent=29490"}],"wp:term":[{"taxonomy":"category","embeddable":true,"href":"https:\/\/revistazetta.com\/index.php?rest_route=%2Fwp%2Fv2%2Fcategories&post=29490"},{"taxonomy":"post_tag","embeddable":true,"href":"https:\/\/revistazetta.com\/index.php?rest_route=%2Fwp%2Fv2%2Ftags&post=29490"}],"curies":[{"name":"wp","href":"https:\/\/api.w.org\/{rel}","templated":true}]}}