{"id":29535,"date":"2019-04-02T07:57:23","date_gmt":"2019-04-02T12:57:23","guid":{"rendered":"http:\/\/www.revistazetta.com\/?p=29535"},"modified":"2019-04-02T07:57:23","modified_gmt":"2019-04-02T12:57:23","slug":"conciertos-musica-sinfonica-camara-unibac","status":"publish","type":"post","link":"https:\/\/revistazetta.com\/?p=29535","title":{"rendered":"Conciertos de m\u00fasica sinf\u00f3nica y de c\u00e1mara en Unibac"},"content":{"rendered":"<p>La Instituci\u00f3n Universitaria Bellas Artes y Ciencias de Bol\u00edvar (Unibac) ofrecer\u00e1 esta semana dos conciertos para acercar al p\u00fablico local a la m\u00fasica acad\u00e9mica y al talento que se forma en su Conservatorio Adolfo Mej\u00eda. La programaci\u00f3n se realizar\u00e1 en el sal\u00f3n Pierre Daguet, a las 6 de la tarde, abierta al p\u00fablico.<\/p>\n<p>El mi\u00e9rcoles 3 de abril se presentar\u00e1 la Banda Sinf\u00f3nica Giovanni de Sanctis dirigida por el maestro Aldo Vel\u00e1squez, e integrada por estudiantes de las \u00e1reas de vientos madera, vientos metal, percusi\u00f3n y cuerdas sinf\u00f3nicas, apoyados por docentes talleristas.<\/p>\n<p>El repertorio que interpretar\u00e1n ser\u00e1 \u201cSuite para banda\u201d (M.Hedien),\u00a0 \u201cRoma Marcha\u201d(Amilcare Ponchielli),\u201cTorbellino de mi tierra\u201d (Francisco Cristancho Camargo, \u201cJugueteando\u201d (Jes\u00fas Rey) y \u201cCaribeando\u201d (Victoriano Valencia).<\/p>\n<p>El jueves 4 de abril estar\u00e1 en el escenario la Orquesta de C\u00e1mara Tito Sangiorgi, liderada por el maestro Carlos Tello, e integrada por estudiantes de semestres avanzados del \u00e1rea de cuerdas frotadas: contrabajo, viol\u00edn, viola y violonchelo.<\/p>\n<p>Interpretar\u00e1n \u201cAdagio\u201d (Gustavo B. Gianelli), \u201cCantabile\u201d (N. Paganini) con Natalia P\u00e9rez como solista, \u201cPalladio\u201d (Karl Jenkins)\u00a0y \u201cBambuco\u201d (Manuel Mej\u00eda).<\/p>\n","protected":false},"excerpt":{"rendered":"<p>La Instituci\u00f3n Universitaria Bellas Artes y Ciencias de Bol\u00edvar (Unibac) ofrecer\u00e1 esta semana dos conciertos para acercar al p\u00fablico local a la m\u00fasica acad\u00e9mica y al talento que se forma en su Conservatorio Adolfo Mej\u00eda. La programaci\u00f3n se realizar\u00e1 en el sal\u00f3n Pierre Daguet, a las 6 de la tarde, abierta al p\u00fablico. El mi\u00e9rcoles 3 de abril se presentar\u00e1 la Banda Sinf\u00f3nica Giovanni de Sanctis dirigida por el maestro Aldo Vel\u00e1squez, e integrada por estudiantes de las \u00e1reas de vientos madera, vientos metal, percusi\u00f3n y cuerdas sinf\u00f3nicas, apoyados por&#8230; <\/p>\n","protected":false},"author":3,"featured_media":29536,"comment_status":"open","ping_status":"closed","sticky":false,"template":"","format":"standard","meta":{"footnotes":"","_links_to":"","_links_to_target":""},"categories":[41,43],"tags":[],"class_list":["post-29535","post","type-post","status-publish","format-standard","has-post-thumbnail","hentry","category-cultura","category-cultura-musica"],"_links":{"self":[{"href":"https:\/\/revistazetta.com\/index.php?rest_route=\/wp\/v2\/posts\/29535","targetHints":{"allow":["GET"]}}],"collection":[{"href":"https:\/\/revistazetta.com\/index.php?rest_route=\/wp\/v2\/posts"}],"about":[{"href":"https:\/\/revistazetta.com\/index.php?rest_route=\/wp\/v2\/types\/post"}],"author":[{"embeddable":true,"href":"https:\/\/revistazetta.com\/index.php?rest_route=\/wp\/v2\/users\/3"}],"replies":[{"embeddable":true,"href":"https:\/\/revistazetta.com\/index.php?rest_route=%2Fwp%2Fv2%2Fcomments&post=29535"}],"version-history":[{"count":0,"href":"https:\/\/revistazetta.com\/index.php?rest_route=\/wp\/v2\/posts\/29535\/revisions"}],"wp:featuredmedia":[{"embeddable":true,"href":"https:\/\/revistazetta.com\/index.php?rest_route=\/wp\/v2\/media\/29536"}],"wp:attachment":[{"href":"https:\/\/revistazetta.com\/index.php?rest_route=%2Fwp%2Fv2%2Fmedia&parent=29535"}],"wp:term":[{"taxonomy":"category","embeddable":true,"href":"https:\/\/revistazetta.com\/index.php?rest_route=%2Fwp%2Fv2%2Fcategories&post=29535"},{"taxonomy":"post_tag","embeddable":true,"href":"https:\/\/revistazetta.com\/index.php?rest_route=%2Fwp%2Fv2%2Ftags&post=29535"}],"curies":[{"name":"wp","href":"https:\/\/api.w.org\/{rel}","templated":true}]}}