{"id":29551,"date":"2019-04-03T07:57:57","date_gmt":"2019-04-03T12:57:57","guid":{"rendered":"http:\/\/www.revistazetta.com\/?p=29551"},"modified":"2019-04-03T07:57:57","modified_gmt":"2019-04-03T12:57:57","slug":"payares-propuestas-bolivar-llega-aval","status":"publish","type":"post","link":"https:\/\/revistazetta.com\/?p=29551","title":{"rendered":"Payares: propuestas para Bol\u00edvar mientras llega el aval"},"content":{"rendered":"<p>Jes\u00fas Payares Castillo increment\u00f3 su presencia en la provincia con el fin de mantener en alza su prop\u00f3sito de obtener un aval para aspirar a la Gobernaci\u00f3n de Bol\u00edvar, y mientras ello ocurre sigue presentando sus propuestas.<\/p>\n<p>En gira por el norte de Bol\u00edvar plante\u00f3 la necesidad de instrumentar el \u00c1rea Metropolitana de Cartagena con los municipios de Turbaco, Turbana, Arjona, Santa Rosa y Villanueva, como un mecanismo din\u00e1mico para priorizar inversiones y depurar recursos, acorde con la vocaci\u00f3n de cada municipalidad, lo que har\u00eda que se complementen.<\/p>\n<p>Asegur\u00f3 que como Gobernador contribuir\u00e1 con la salud de la capital de Bol\u00edvar al adecuar los tres pisos que faltan del Hospital Universitario, y garantizar tanto el funcionamiento de este centro asistencial como de todo el sistema hospitalario del Departamento.<\/p>\n<p>Frente a comunidades de barrios populares de Cartagena explic\u00f3 que como gobernador ser\u00e1 un articulador entre el Distrito y el Gobierno nacional, para contribuir en soluciones para el traslado de Bazurto y la creaci\u00f3n de la Central de Abastos, dos temas empantanados y que no han sido solucionados por la Alcald\u00eda de Cartagena.<\/p>\n<p>Esa misma articulaci\u00f3n es la que brindar\u00e1 frente a la inseguridad ciudadana, pues con colaboraci\u00f3n, coordinaci\u00f3n y tecnolog\u00eda se puede hacer frente a la delincuencia.<\/p>\n","protected":false},"excerpt":{"rendered":"<p>Jes\u00fas Payares Castillo increment\u00f3 su presencia en la provincia con el fin de mantener en alza su prop\u00f3sito de obtener un aval para aspirar a la Gobernaci\u00f3n de Bol\u00edvar, y mientras ello ocurre sigue presentando sus propuestas. En gira por el norte de Bol\u00edvar plante\u00f3 la necesidad de instrumentar el \u00c1rea Metropolitana de Cartagena con los municipios de Turbaco, Turbana, Arjona, Santa Rosa y Villanueva, como un mecanismo din\u00e1mico para priorizar inversiones y depurar recursos, acorde con la vocaci\u00f3n de cada municipalidad, lo que har\u00eda que se complementen. Asegur\u00f3 que&#8230; <\/p>\n","protected":false},"author":3,"featured_media":29552,"comment_status":"open","ping_status":"closed","sticky":false,"template":"","format":"standard","meta":{"footnotes":"","_links_to":"","_links_to_target":""},"categories":[75,4],"tags":[],"class_list":["post-29551","post","type-post","status-publish","format-standard","has-post-thumbnail","hentry","category-destacada","category-politica"],"_links":{"self":[{"href":"https:\/\/revistazetta.com\/index.php?rest_route=\/wp\/v2\/posts\/29551","targetHints":{"allow":["GET"]}}],"collection":[{"href":"https:\/\/revistazetta.com\/index.php?rest_route=\/wp\/v2\/posts"}],"about":[{"href":"https:\/\/revistazetta.com\/index.php?rest_route=\/wp\/v2\/types\/post"}],"author":[{"embeddable":true,"href":"https:\/\/revistazetta.com\/index.php?rest_route=\/wp\/v2\/users\/3"}],"replies":[{"embeddable":true,"href":"https:\/\/revistazetta.com\/index.php?rest_route=%2Fwp%2Fv2%2Fcomments&post=29551"}],"version-history":[{"count":0,"href":"https:\/\/revistazetta.com\/index.php?rest_route=\/wp\/v2\/posts\/29551\/revisions"}],"wp:featuredmedia":[{"embeddable":true,"href":"https:\/\/revistazetta.com\/index.php?rest_route=\/wp\/v2\/media\/29552"}],"wp:attachment":[{"href":"https:\/\/revistazetta.com\/index.php?rest_route=%2Fwp%2Fv2%2Fmedia&parent=29551"}],"wp:term":[{"taxonomy":"category","embeddable":true,"href":"https:\/\/revistazetta.com\/index.php?rest_route=%2Fwp%2Fv2%2Fcategories&post=29551"},{"taxonomy":"post_tag","embeddable":true,"href":"https:\/\/revistazetta.com\/index.php?rest_route=%2Fwp%2Fv2%2Ftags&post=29551"}],"curies":[{"name":"wp","href":"https:\/\/api.w.org\/{rel}","templated":true}]}}