{"id":29561,"date":"2019-04-05T06:56:35","date_gmt":"2019-04-05T11:56:35","guid":{"rendered":"http:\/\/www.revistazetta.com\/?p=29561"},"modified":"2019-04-05T09:50:31","modified_gmt":"2019-04-05T14:50:31","slug":"marcha-adecuacion-del-bernardo-caraballo-juegos-nacionales","status":"publish","type":"post","link":"https:\/\/revistazetta.com\/?p=29561","title":{"rendered":"En marcha adecuaci\u00f3n del Bernardo Caraballo para Juegos Nacionales"},"content":{"rendered":"<p>Bol\u00edvar se sigue preparando para los juegos Deportivos Nacionales y Paranacionales 2019, esta vez, el Gobernador Dumek Turbay, acompa\u00f1ado del Director de Coldeportes Ernesto Lucena y del Presidente del Comit\u00e9 Ol\u00edmpico Colombiano Baltazar Medina, dio inicio de obra a la adecuaci\u00f3n y reparaci\u00f3n del Coliseo Bernardo Caraballo.<\/p>\n<p>El invitado especial sin duda, fue el campe\u00f3n de boxeo Bernardo Caraballo, a quien se le hace honor con este escenario. \u00c9l, a sus 77 a\u00f1os manifiesta lo feliz que se siente de que este escenario sea remodelado y de que se haga una estatua que inmortalice todo lo que representa \u00e9l para el deporte colombiano. \u201cEstoy muy contento de que arreglen este coliseo y sobre todo de que adem\u00e1s de continuar llevando mi nombre, tambien me hagan una estatua\u201d.<\/p>\n<p>La inversi\u00f3n para la adecuaci\u00f3n de este escenario deportivo es de $2.859.811.935 que incluyen mantenimiento general a la estructura met\u00e1lica, silleteria, pintura, adecuaci\u00f3n de los ba\u00f1os. Tambi\u00e9n se cambiar\u00e1 toda la cubierta y el maderame, se acondicionar\u00e1 el sistema el\u00e9ctrico, y la luminaria pasar\u00e1 a ser led. Por otro lado, la parte oriental ser\u00e1 insonorizada y el sonido autopotenciado hacia las gradas. Habr\u00e1 tambi\u00e9n 2 ring de boxeo y uno de lucha y se adecuar\u00e1 una zona de calentamiento para los deportistas de los Juegos del Bicentenario.<\/p>\n<p>\u201cPara m\u00ed es orgullo ser l\u00edder de este proceso en el que los bol\u00edvarenses se han puesto la camiseta para sacar estos juegos adelante. Y lo mejor es que en vida podemos darle la satisfacci\u00f3n a Bernardo Caraballo de que este escenario ser\u00e1 una realidad. Lo m\u00e1s importante es seguir reafirmado ese empe\u00f1o,ese esfuerzo para darles unos juegos dignos a este departamento\u201d , resalt\u00f3 el Director de Coldeportes Ernesto Lucena.<\/p>\n<p>Por su parte, el gobernador Dumek Turbay se mostr\u00f3 muy optimista con esta y las dem\u00e1s obras que se ejecutan\u201d estamos muy contentos, vamos a buen ritmo y as\u00ed el 30 de septiembre entregaremos este coliseo que ser\u00e1 utilizado para baloncesto femenino y masculino y para baloncesto en silla de ruedas\u201d.<\/p>\n<p>El pr\u00f3ximo 29 de abril ser\u00e1 el lanzamiento oficial de los XXI Juegos Deportivos Nacionales y Paranacionales Bol\u00edvar 2019, d\u00f3nde estar\u00e1n todos los deportistas bolivarenses, federaciones, gobernadores invitados y por supuesto, el Presidente Iv\u00e1n Duque, qui\u00e9n dar\u00e1 la fecha hacia el conteo regresivo de los Juegos del Bicentenario.<\/p>\n<p>*Comit\u00e9 Organizador de los Juegos Nacionales*<\/p>\n<p>Despu\u00e9s del inicio de obra del coliseo Bernardo Caraballo, se realiz\u00f3 en las instalaciones de IDERBOl una reuni\u00f3n del Comit\u00e9 Organizador de los Juegos Nacionales y Paranacionales, d\u00f3nde se dieron a conocer los avances t\u00e9cnicos y operativos en los que se vienen trabajando para los Juegos del Bicentenario, as\u00ed como los de infraestructura que incluye obras nuevas, adecuaciones y convenios, para que estos sean los mejores Juegos Nacionales y Paranacionales de la historia.<\/p>\n<p>\u201cYa pasamos de los planes y la estrategia, ahora estamos en la ejecuci\u00f3n que parte de que todos los planes se lleven a cabo. Primero, tendiendo un cronograma de trabajo establecido y segundo teniendo clara la hoja de ruta que se la va a presentar al presidente Iv\u00e1n Duque para seguir avanzando en la preparaci\u00f3n de los juegos\u201d, indic\u00f3 Ernesto Lucena qui\u00e9n adem\u00e1s ratific\u00f3 que por ning\u00fan motivo se pens\u00f3 en que se aplazara la fecha de los juegos porque el Gobernador Dumek Turbay debe ser quien inaugure los juegos Nacionales.<\/p>\n","protected":false},"excerpt":{"rendered":"<p>Bol\u00edvar se sigue preparando para los juegos Deportivos Nacionales y Paranacionales 2019, esta vez, el Gobernador Dumek Turbay, acompa\u00f1ado del Director de Coldeportes Ernesto Lucena y del Presidente del Comit\u00e9 Ol\u00edmpico Colombiano Baltazar Medina, dio inicio de obra a la adecuaci\u00f3n y reparaci\u00f3n del Coliseo Bernardo Caraballo. El invitado especial sin duda, fue el campe\u00f3n de boxeo Bernardo Caraballo, a quien se le hace honor con este escenario. \u00c9l, a sus 77 a\u00f1os manifiesta lo feliz que se siente de que este escenario sea remodelado y de que se haga&#8230; <\/p>\n","protected":false},"author":3,"featured_media":29572,"comment_status":"open","ping_status":"closed","sticky":false,"template":"","format":"standard","meta":{"footnotes":"","_links_to":"","_links_to_target":""},"categories":[53,75,91],"tags":[],"class_list":["post-29561","post","type-post","status-publish","format-standard","has-post-thumbnail","hentry","category-deportes","category-destacada","category-juegos-nacionales"],"_links":{"self":[{"href":"https:\/\/revistazetta.com\/index.php?rest_route=\/wp\/v2\/posts\/29561","targetHints":{"allow":["GET"]}}],"collection":[{"href":"https:\/\/revistazetta.com\/index.php?rest_route=\/wp\/v2\/posts"}],"about":[{"href":"https:\/\/revistazetta.com\/index.php?rest_route=\/wp\/v2\/types\/post"}],"author":[{"embeddable":true,"href":"https:\/\/revistazetta.com\/index.php?rest_route=\/wp\/v2\/users\/3"}],"replies":[{"embeddable":true,"href":"https:\/\/revistazetta.com\/index.php?rest_route=%2Fwp%2Fv2%2Fcomments&post=29561"}],"version-history":[{"count":0,"href":"https:\/\/revistazetta.com\/index.php?rest_route=\/wp\/v2\/posts\/29561\/revisions"}],"wp:featuredmedia":[{"embeddable":true,"href":"https:\/\/revistazetta.com\/index.php?rest_route=\/wp\/v2\/media\/29572"}],"wp:attachment":[{"href":"https:\/\/revistazetta.com\/index.php?rest_route=%2Fwp%2Fv2%2Fmedia&parent=29561"}],"wp:term":[{"taxonomy":"category","embeddable":true,"href":"https:\/\/revistazetta.com\/index.php?rest_route=%2Fwp%2Fv2%2Fcategories&post=29561"},{"taxonomy":"post_tag","embeddable":true,"href":"https:\/\/revistazetta.com\/index.php?rest_route=%2Fwp%2Fv2%2Ftags&post=29561"}],"curies":[{"name":"wp","href":"https:\/\/api.w.org\/{rel}","templated":true}]}}