{"id":29563,"date":"2019-04-05T07:05:39","date_gmt":"2019-04-05T12:05:39","guid":{"rendered":"http:\/\/www.revistazetta.com\/?p=29563"},"modified":"2019-04-05T09:47:00","modified_gmt":"2019-04-05T14:47:00","slug":"alcalde-dio-la-bienvenida-140-policias-llegan-reforzar-la-seguridad","status":"publish","type":"post","link":"https:\/\/revistazetta.com\/?p=29563","title":{"rendered":"Alcalde dio la bienvenida a 140 polic\u00edas que llegan a reforzar la seguridad"},"content":{"rendered":"<p>En una solemne ceremonia en la Plaza de Los Coches, el alcalde de Cartagena, Pedrito Pereira Caballero, de la mano de la Polic\u00eda Nacional, principal aliado para la seguridad en la ciudad, le dio la bienvenida este jueves a 140 nuevos polic\u00edas que llegaron para reforzar el pie de fuerza.<\/p>\n<p>\u201cEstimados polic\u00edas, en nombre del pueblo cartagenero les doy la m\u00e1s cordial bienvenida, no saben cu\u00e1nto los necesit\u00e1bamos. Igualmente, enviamos agradecimiento al Ministerio de Defensa y a la Vicepresidencia de la Rep\u00fablica que atendieron nuestro llamado\u201d, indic\u00f3 Pedrito Pereira Caballero.<\/p>\n<p>As\u00ed mismo, el Alcalde recalc\u00f3 que despu\u00e9s de 2 a\u00f1os, hoy nuevamente la ciudad recibe refuerzo de uniformados. \u201cRompemos el d\u00eda de hoy la triste tradici\u00f3n de m\u00e1s de 2 a\u00f1os de no recibir refuerzos para la ciudad. S\u00f3lo nos hab\u00edamos limitado a acrecentar los polic\u00edas de turismo, pero la demanda de autoridad es imprescindible en toda el \u00e1rea distrital\u201d, precis\u00f3.<\/p>\n<p>Adem\u00e1s, se llegaron 86 nuevos auxiliares de Polic\u00eda, quienes apoyar\u00e1n las acciones de control y prevenci\u00f3n. \u201cEstamos logrando avanzar en las estrategias de seguridad, para que Cartagena sea un h\u00e1bitat de paz en todos sus rincones\u201d, expres\u00f3 el Alcalde.<\/p>\n<p>De igual forma, durante la ceremonia el Distrito entreg\u00f3 150 equipos tecnol\u00f3gicos para facilitar la comunicaci\u00f3n entre la ciudadan\u00eda y los Cuadrantes, accediendo a bases de datos de diferentes autoridades estatales, verificar antecedentes, tanto a personas y veh\u00edculos.<\/p>\n<p>\u201cDe nada servir\u00eda tener el recurso humano disponible, sin brindarle herramientas de trabajo propicias que permitan conseguir resultados contundentes. Es as\u00ed que entre la Alcald\u00eda Mayor y Distriseguridad hemos adquirido dispositivos m\u00f3viles llamados PDA (Ayudante Personal Digital)\u201d, inform\u00f3 el mandatario local.<\/p>\n<p>La ceremonia de presentaci\u00f3n se realiz\u00f3 en la emblem\u00e1tica Plaza de Los Coches como s\u00edmbolo de la recuperaci\u00f3n de los espacios para el disfrute ciudadano. As\u00ed como esta plaza, recuperaremos cada calle, cada parque, cada pedazo de espacio p\u00fablico de las fauces de la delincuencia, nuestra ciudad se respeta y habr\u00e1 la autoridad suficiente con la colaboraci\u00f3n de los ciudadanos\u201d, expres\u00f3 Pereira Caballero.<\/p>\n<p>De igual forma, el brigadier General, Henry Sanabria Celis, comandante de la Polic\u00eda de Cartagena, indic\u00f3 que seguir\u00e1 trabajando de la mano con la Alcald\u00eda para recuperar la tranquilidad de los cartageneros.<\/p>\n<p>Esta ceremonia cont\u00f3 con la participaci\u00f3n especial de representantes de las diferentes comunidades de Cartagena, as\u00ed como un grupo de j\u00f3venes en riesgo, vigilancia privada, l\u00edderes sociales y la Armada Nacional, entre otras autoridades, \u201ctodos unidos seremos el ej\u00e9rcito que protegeremos a Cartagena\u201d, concluy\u00f3 el mandatario.<\/p>\n","protected":false},"excerpt":{"rendered":"<p>En una solemne ceremonia en la Plaza de Los Coches, el alcalde de Cartagena, Pedrito Pereira Caballero, de la mano de la Polic\u00eda Nacional, principal aliado para la seguridad en la ciudad, le dio la bienvenida este jueves a 140 nuevos polic\u00edas que llegaron para reforzar el pie de fuerza. \u201cEstimados polic\u00edas, en nombre del pueblo cartagenero les doy la m\u00e1s cordial bienvenida, no saben cu\u00e1nto los necesit\u00e1bamos. Igualmente, enviamos agradecimiento al Ministerio de Defensa y a la Vicepresidencia de la Rep\u00fablica que atendieron nuestro llamado\u201d, indic\u00f3 Pedrito Pereira Caballero&#8230;. <\/p>\n","protected":false},"author":3,"featured_media":29574,"comment_status":"open","ping_status":"closed","sticky":false,"template":"","format":"standard","meta":{"footnotes":"","_links_to":"","_links_to_target":""},"categories":[75,32,88],"tags":[],"class_list":["post-29563","post","type-post","status-publish","format-standard","has-post-thumbnail","hentry","category-destacada","category-actualidad-distrito","category-seguridad"],"_links":{"self":[{"href":"https:\/\/revistazetta.com\/index.php?rest_route=\/wp\/v2\/posts\/29563","targetHints":{"allow":["GET"]}}],"collection":[{"href":"https:\/\/revistazetta.com\/index.php?rest_route=\/wp\/v2\/posts"}],"about":[{"href":"https:\/\/revistazetta.com\/index.php?rest_route=\/wp\/v2\/types\/post"}],"author":[{"embeddable":true,"href":"https:\/\/revistazetta.com\/index.php?rest_route=\/wp\/v2\/users\/3"}],"replies":[{"embeddable":true,"href":"https:\/\/revistazetta.com\/index.php?rest_route=%2Fwp%2Fv2%2Fcomments&post=29563"}],"version-history":[{"count":0,"href":"https:\/\/revistazetta.com\/index.php?rest_route=\/wp\/v2\/posts\/29563\/revisions"}],"wp:featuredmedia":[{"embeddable":true,"href":"https:\/\/revistazetta.com\/index.php?rest_route=\/wp\/v2\/media\/29574"}],"wp:attachment":[{"href":"https:\/\/revistazetta.com\/index.php?rest_route=%2Fwp%2Fv2%2Fmedia&parent=29563"}],"wp:term":[{"taxonomy":"category","embeddable":true,"href":"https:\/\/revistazetta.com\/index.php?rest_route=%2Fwp%2Fv2%2Fcategories&post=29563"},{"taxonomy":"post_tag","embeddable":true,"href":"https:\/\/revistazetta.com\/index.php?rest_route=%2Fwp%2Fv2%2Ftags&post=29563"}],"curies":[{"name":"wp","href":"https:\/\/api.w.org\/{rel}","templated":true}]}}