{"id":29589,"date":"2019-04-07T08:11:56","date_gmt":"2019-04-07T13:11:56","guid":{"rendered":"http:\/\/www.revistazetta.com\/?p=29589"},"modified":"2019-04-07T08:11:56","modified_gmt":"2019-04-07T13:11:56","slug":"carrera-la-alcaldia-garcia-tirado-sindrome-del-ciclista-fuga","status":"publish","type":"post","link":"https:\/\/revistazetta.com\/?p=29589","title":{"rendered":"Carrera por la Alcald\u00eda: Garc\u00eda Tirado y el s\u00edndrome del \u201cciclista en fuga\u201d"},"content":{"rendered":"<p><strong>Por John Zamora (Director de Revista Zetta).- <\/strong>Vimos a Quinto Guerra desprendido del lote por dos a\u00f1os, cruzando en solitario los puertos de monta\u00f1a, pero al llegar el \u201csprint\u201d final, fue rebasado por Manolo y muy cerca le lleg\u00f3 Pecas Betancourt.<\/p>\n<p>En la carrera 2019, el ciclista en fuga es William Garc\u00eda Tirado, con estrategia similar a la de Quinto. En su pedalear ya habla como alcalde y dice \u201c\u00a1no m\u00e1s peajes! \u201c\u00a1no habr\u00e1 Quinta avenida de Manga!\u201d, \u00a1\u201cLa avenida del Lago tendr\u00e1 tres carriles de ida y tres de venida! -(\u00bfPavimentando el ca\u00f1o?)-\u2026 le ha faltado decir \u201c\u00a1agua gratis!, pero no demora\u2026 Ya habla en un tono pre-gubernativo, que no es gratuito.<\/p>\n<p>En el ciclismo, para que una fuga se consolide se necesita que el fugado tenga buenas piernas, y tambi\u00e9n que en el lote no se pongan de acuerdo para la persecuci\u00f3n\u2026 y eso es lo que est\u00e1 pasando. A seis meses de octubre, no hay otro precandidato que est\u00e9 marcando el paso. La raz\u00f3n es sencilla: todav\u00eda no es tiempo, pero ya casi.<\/p>\n<p>WGT deber\u00eda saber esto, pero no se nota. Anda ya con toda la parafernalia de un candidato opcionado, con s\u00faper sede, s\u00faper comit\u00e9 de avanzada, s\u00faper asistentes que le toman sus llamadas, y s\u00faper secretos (dice que hay cuatro partidos pol\u00edticos que se pelean por darle aval); solo le falta el bast\u00f3n de mando y la banda cruzada\u2026 ah.. y salir elegido (peque\u00f1o detalle).<\/p>\n<p>La ciudad pol\u00edtica ver\u00e1 una nueva carrera despu\u00e9s de Semana Santa, cuando se sepa realmente qui\u00e9nes son los que son. Se sabr\u00e1 qui\u00e9n tiene la cadencia en los pedales para marcar el ritmo y llegar triunfante a las elecciones, o si no hubo quien liderara el lote, dejando todo servido para WGT.<\/p>\n<p>Un ciclista que ven\u00eda pedaleando sin equipo, y que lleg\u00f3 de tercero hace cuatro a\u00f1os y de segundo en las at\u00edpicas de 2018, es Andr\u00e9s Betancourt, a quien en esta ocasi\u00f3n parece que se lo llev\u00f3 el \u201ccarro escoba\u201d. El haber aceptado un contrato con la Presidencia que le obliga a estar en Bogot\u00e1 es interpretado como un retiro de la competencia. \u201cEl que tiene tienda que la atienda\u201d, y Pecas cerr\u00f3 el \u201cchuzo\u201d y se fue a la Casa de Nari\u00f1o.<\/p>\n<div id=\"attachment_29591\" style=\"width: 310px\" class=\"wp-caption aligncenter\"><img loading=\"lazy\" decoding=\"async\" aria-describedby=\"caption-attachment-29591\" class=\"wp-image-29591 size-medium\" src=\"https:\/\/www.revistazetta.com\/wp-content\/uploads\/2019\/04\/a-Andres-Betancourt-bogota-300x240.jpg\" alt=\"\" width=\"300\" height=\"240\" srcset=\"https:\/\/revistazetta.com\/wp-content\/uploads\/2019\/04\/a-Andres-Betancourt-bogota-300x240.jpg 300w, https:\/\/revistazetta.com\/wp-content\/uploads\/2019\/04\/a-Andres-Betancourt-bogota-183x146.jpg 183w, https:\/\/revistazetta.com\/wp-content\/uploads\/2019\/04\/a-Andres-Betancourt-bogota-50x40.jpg 50w, https:\/\/revistazetta.com\/wp-content\/uploads\/2019\/04\/a-Andres-Betancourt-bogota-94x75.jpg 94w, https:\/\/revistazetta.com\/wp-content\/uploads\/2019\/04\/a-Andres-Betancourt-bogota.jpg 700w\" sizes=\"auto, (max-width: 300px) 100vw, 300px\" \/><p id=\"caption-attachment-29591\" class=\"wp-caption-text\">Andr\u00e9s Betancourt en Bogot\u00e1, su nuevo lugar de trabajo.<\/p><\/div>\n<p><strong>\u201cFer\u201d tiene con qu\u00e9 pedalear<\/strong><\/p>\n<p>Con un \u201cmaillot\u201d de similares colores a los de Pecas surge Fernando Ara\u00fajo Perdomo, de quien se espera sea un fuerte candidato a disputar la supremac\u00eda circunstancial de WGT. \u201cFer\u201d ya comenz\u00f3 a visitar barrios, ya hizo encuestas, ya tiene montada estrategia, ya tiene sede administrativa y tiene todos los signos de un candidato fuerte. Tiene vicepresidenta Marta Luc\u00eda Ram\u00edrez, quien ha venido pedaleando delante de \u00e9l, como buena coequipera. Tambi\u00e9n tiene a su hijo Fernando Nicol\u00e1s Ara\u00fajo como senador estrella del Centro Democr\u00e1tico, cercano a \u00c1lvaro Uribe y al presidente Iv\u00e1n Duque. Adem\u00e1s, tiene familia con numerosas inversiones en Cartagena y el exterior, as\u00ed que no tendr\u00eda problemas financieros para encarar la campa\u00f1a. Y tiene recorrido pol\u00edtico en el partido Conservador. As\u00ed que tiene con qu\u00e9 pedalear. Solo le falta pueblo.<\/p>\n<div id=\"attachment_29597\" style=\"width: 310px\" class=\"wp-caption aligncenter\"><img loading=\"lazy\" decoding=\"async\" aria-describedby=\"caption-attachment-29597\" class=\"wp-image-29597 size-medium\" src=\"https:\/\/www.revistazetta.com\/wp-content\/uploads\/2019\/04\/a-FAP-clima-300x240.jpg\" alt=\"\" width=\"300\" height=\"240\" srcset=\"https:\/\/revistazetta.com\/wp-content\/uploads\/2019\/04\/a-FAP-clima-300x240.jpg 300w, https:\/\/revistazetta.com\/wp-content\/uploads\/2019\/04\/a-FAP-clima-183x146.jpg 183w, https:\/\/revistazetta.com\/wp-content\/uploads\/2019\/04\/a-FAP-clima-50x40.jpg 50w, https:\/\/revistazetta.com\/wp-content\/uploads\/2019\/04\/a-FAP-clima-94x75.jpg 94w, https:\/\/revistazetta.com\/wp-content\/uploads\/2019\/04\/a-FAP-clima.jpg 700w\" sizes=\"auto, (max-width: 300px) 100vw, 300px\" \/><p id=\"caption-attachment-29597\" class=\"wp-caption-text\">Fernando Ara\u00fajo ya est\u00e1 visitando barrios.<\/p><\/div>\n<p><strong>La contrarelojera<\/strong><\/p>\n<p>A Yolanda Wong la ven pedaleando. Dicen que pondr\u00eda un paso infernal, de contrarelojera dura, y llegar\u00eda embalada a la meta. Pero temen un \u201cpinchazo\u201d en la normatividad de inhabilidades y en que detr\u00e1s de sus pedalazos ande la Procuradur\u00eda. As\u00ed que muchos la buscan para que pedalee como jefe de debate, cual Winner Anacona con Nairo Quintana.<\/p>\n<div id=\"attachment_29594\" style=\"width: 310px\" class=\"wp-caption aligncenter\"><img loading=\"lazy\" decoding=\"async\" aria-describedby=\"caption-attachment-29594\" class=\"wp-image-29594 size-medium\" src=\"https:\/\/www.revistazetta.com\/wp-content\/uploads\/2019\/04\/a-China-palenquera-300x240.jpg\" alt=\"\" width=\"300\" height=\"240\" srcset=\"https:\/\/revistazetta.com\/wp-content\/uploads\/2019\/04\/a-China-palenquera-300x240.jpg 300w, https:\/\/revistazetta.com\/wp-content\/uploads\/2019\/04\/a-China-palenquera-183x146.jpg 183w, https:\/\/revistazetta.com\/wp-content\/uploads\/2019\/04\/a-China-palenquera-50x40.jpg 50w, https:\/\/revistazetta.com\/wp-content\/uploads\/2019\/04\/a-China-palenquera-94x75.jpg 94w, https:\/\/revistazetta.com\/wp-content\/uploads\/2019\/04\/a-China-palenquera.jpg 700w\" sizes=\"auto, (max-width: 300px) 100vw, 300px\" \/><p id=\"caption-attachment-29594\" class=\"wp-caption-text\">Yolanda Wong es muy popular en las redes sociales.<\/p><\/div>\n<p><strong>Los de las firmas<\/strong><\/p>\n<p>Est\u00e1n en competencia los candidatos que vienen recogiendo firmas, todos con mucho entusiasmo, pero sin que alguno represente de momento la \u201cpolenta\u201d para la persecuci\u00f3n individual.<\/p>\n<p>Claudia Fadul no debe depender de que Sergio Fajardo venga a levantarle lo brazos. No. Debe tener autonom\u00eda de vuelo porque una cosa es la imagen \u2013positiva y negativa- que pueda tener el exgobernador de Antioquia y exalcalde de Medell\u00edn, y otra distinta es conquistar el coraz\u00f3n del pueblo cartagenero.<\/p>\n<p>Jaime Hern\u00e1ndez Am\u00edn tiene una propuesta refrescante, innovadora, pr\u00e1ctica y aterrizada, pero ello no implica aceptaci\u00f3n popular. Podr\u00eda resultar \u201cl\u00edder de los j\u00f3venes\u201d y seguir pedaleando en la carrera del 2023, si no resulta la del 2019.<\/p>\n<p>Juan Conrado Ovalle es seriedad. Si la ciudad quiere un alcalde serio, preparado y con experiencia, ah\u00ed est\u00e1. Pero el vulgo no \u201ccome\u201d de seriedad sino de otras pr\u00e1cticas\u2026 adem\u00e1s, deber\u00e1 encontrar la forma de comunicar y calar entre el pueblo, porque estos es con votos y no con buenos conceptos.<\/p>\n<p>Domingo Puello Ripoll tambi\u00e9n est\u00e1 recogiendo firmas, pero con el p\u00e1lpito que no llegar\u00e1 a octubre.<\/p>\n<div id=\"attachment_29598\" style=\"width: 310px\" class=\"wp-caption aligncenter\"><img loading=\"lazy\" decoding=\"async\" aria-describedby=\"caption-attachment-29598\" class=\"wp-image-29598 size-medium\" src=\"https:\/\/www.revistazetta.com\/wp-content\/uploads\/2019\/04\/a-JHA-clima-300x240.jpg\" alt=\"\" width=\"300\" height=\"240\" srcset=\"https:\/\/revistazetta.com\/wp-content\/uploads\/2019\/04\/a-JHA-clima-300x240.jpg 300w, https:\/\/revistazetta.com\/wp-content\/uploads\/2019\/04\/a-JHA-clima-183x146.jpg 183w, https:\/\/revistazetta.com\/wp-content\/uploads\/2019\/04\/a-JHA-clima-50x40.jpg 50w, https:\/\/revistazetta.com\/wp-content\/uploads\/2019\/04\/a-JHA-clima-94x75.jpg 94w, https:\/\/revistazetta.com\/wp-content\/uploads\/2019\/04\/a-JHA-clima.jpg 700w\" sizes=\"auto, (max-width: 300px) 100vw, 300px\" \/><p id=\"caption-attachment-29598\" class=\"wp-caption-text\">Jaime Hern\u00e1ndez Am\u00edn recoge firmas con \u00abCambiemos\u00bb<\/p><\/div>\n<div id=\"attachment_29595\" style=\"width: 310px\" class=\"wp-caption aligncenter\"><img loading=\"lazy\" decoding=\"async\" aria-describedby=\"caption-attachment-29595\" class=\"wp-image-29595 size-medium\" src=\"https:\/\/www.revistazetta.com\/wp-content\/uploads\/2019\/04\/a-Claudia-Fadul-Rosa-oficial-300x240.jpg\" alt=\"\" width=\"300\" height=\"240\" srcset=\"https:\/\/revistazetta.com\/wp-content\/uploads\/2019\/04\/a-Claudia-Fadul-Rosa-oficial-300x240.jpg 300w, https:\/\/revistazetta.com\/wp-content\/uploads\/2019\/04\/a-Claudia-Fadul-Rosa-oficial-183x146.jpg 183w, https:\/\/revistazetta.com\/wp-content\/uploads\/2019\/04\/a-Claudia-Fadul-Rosa-oficial-50x40.jpg 50w, https:\/\/revistazetta.com\/wp-content\/uploads\/2019\/04\/a-Claudia-Fadul-Rosa-oficial-94x75.jpg 94w, https:\/\/revistazetta.com\/wp-content\/uploads\/2019\/04\/a-Claudia-Fadul-Rosa-oficial.jpg 700w\" sizes=\"auto, (max-width: 300px) 100vw, 300px\" \/><p id=\"caption-attachment-29595\" class=\"wp-caption-text\">Claudia Fadul es Compromiso Ciudadano con Cartagena.<\/p><\/div>\n<p>&nbsp;<\/p>\n<div id=\"attachment_29600\" style=\"width: 310px\" class=\"wp-caption aligncenter\"><img loading=\"lazy\" decoding=\"async\" aria-describedby=\"caption-attachment-29600\" class=\"wp-image-29600 size-medium\" src=\"https:\/\/www.revistazetta.com\/wp-content\/uploads\/2019\/04\/a-Juancho-clima-300x169.jpg\" alt=\"\" width=\"300\" height=\"169\" srcset=\"https:\/\/revistazetta.com\/wp-content\/uploads\/2019\/04\/a-Juancho-clima-300x169.jpg 300w, https:\/\/revistazetta.com\/wp-content\/uploads\/2019\/04\/a-Juancho-clima-1024x575.jpg 1024w, https:\/\/revistazetta.com\/wp-content\/uploads\/2019\/04\/a-Juancho-clima-260x146.jpg 260w, https:\/\/revistazetta.com\/wp-content\/uploads\/2019\/04\/a-Juancho-clima-50x28.jpg 50w, https:\/\/revistazetta.com\/wp-content\/uploads\/2019\/04\/a-Juancho-clima-134x75.jpg 134w, https:\/\/revistazetta.com\/wp-content\/uploads\/2019\/04\/a-Juancho-clima.jpg 1280w\" sizes=\"auto, (max-width: 300px) 100vw, 300px\" \/><p id=\"caption-attachment-29600\" class=\"wp-caption-text\">Juan Conrado es Equipo Acci\u00f3n Heroica por Cartagena.<\/p><\/div>\n<p><strong>El \u201cgrupetto\u201d<\/strong><\/p>\n<p>En el lote hay un \u201cgrupetto\u201d de variopintas camisetas, unos con m\u00e1s egolatr\u00eda que propuestas, otros con m\u00e1s romanticismo que vanidades, donde aparecen Johny Puente, Dionisio Miranda, \u00c9dinson Lucio, Naus\u00edcrates P\u00e9rez (que s\u00ed est\u00e1 aspirando, aunque lo hab\u00eda negado por mucho tiempo), Ramiro Cuadro, Germ\u00e1n Viana, Alcides Arrieta, Julio Carrascal y Jorge C\u00e1rcamo. Tienen que ponerse de acuerdo y definir cu\u00e1l de ellos ser\u00e1 el candidato, lo que dado el tama\u00f1o de los egos, resultar\u00e1 todo un deleite. Puede que alguno de ellos tenga discurso, pero ser\u00e1 muy dif\u00edcil que tengan votos si no le bajan la dosis al ego-mesianismo, algo distintivo de muchos dirigentes de izquierda.<\/p>\n<div id=\"attachment_29599\" style=\"width: 310px\" class=\"wp-caption aligncenter\"><img loading=\"lazy\" decoding=\"async\" aria-describedby=\"caption-attachment-29599\" class=\"wp-image-29599 size-medium\" src=\"https:\/\/www.revistazetta.com\/wp-content\/uploads\/2019\/04\/a-Jorge-C\u00e1rcamo-1-300x240.jpg\" alt=\"\" width=\"300\" height=\"240\" srcset=\"https:\/\/revistazetta.com\/wp-content\/uploads\/2019\/04\/a-Jorge-C\u00e1rcamo-1-300x240.jpg 300w, https:\/\/revistazetta.com\/wp-content\/uploads\/2019\/04\/a-Jorge-C\u00e1rcamo-1-183x146.jpg 183w, https:\/\/revistazetta.com\/wp-content\/uploads\/2019\/04\/a-Jorge-C\u00e1rcamo-1-50x40.jpg 50w, https:\/\/revistazetta.com\/wp-content\/uploads\/2019\/04\/a-Jorge-C\u00e1rcamo-1-94x75.jpg 94w, https:\/\/revistazetta.com\/wp-content\/uploads\/2019\/04\/a-Jorge-C\u00e1rcamo-1.jpg 700w\" sizes=\"auto, (max-width: 300px) 100vw, 300px\" \/><p id=\"caption-attachment-29599\" class=\"wp-caption-text\">Jorge C\u00e1rcamo.<\/p><\/div>\n<p><strong>Aval de la izquierda<\/strong><\/p>\n<p>De los candidatos que tendr\u00e1n aval de partido pol\u00edtico est\u00e1n Nabil B\u00e1ladi por Polo Democr\u00e1tico y Armando C\u00f3rdoba por Alianza Verde.<\/p>\n<p>Nabil deber\u00eda registrar mucho en las encuestas, pues lleva varios a\u00f1os apareciendo en pantalla en su Canal Cartagena, con mayor \u00e9nfasis en estos meses. Si no registra, maluco el bejuco. A nadie le ha sorprendido que quiera aspirar pues siempre se ha distinguido por su visi\u00f3n cr\u00edtica de la ciudad, pero lo que si sorprendi\u00f3 es que el aval venga del Polo\u2026 todo un \u201cB\u00e1ladi \u2013 Gede\u00f3n\u201d de Bocagrande, andando con la flor de la izquierda en Cartagena\u2026 para que veamos que las ideas no tienen frontera social\u2026<\/p>\n<p>Armando C\u00f3rdoba es un joven de barrio y aunque la camiseta sea verde, su coraz\u00f3n est\u00e1 en la Colombia Humana de Petro. Primero deber\u00e1 poner de acuerdo a sus dial\u00e9cticos copartidarios que le otorguen el aval, y luego s\u00ed pedir el voto ciudadano.<\/p>\n<p>A Armando C\u00f3rdoba y Claudia Fadul se les puede aconsejar lo mismo: que no crean que porque Gustavo Petro o Sergio Fajardo vengan a levantarles el brazo, ya tienen un pie en el Palacio de la Aduana.<\/p>\n<div id=\"attachment_29601\" style=\"width: 310px\" class=\"wp-caption aligncenter\"><img loading=\"lazy\" decoding=\"async\" aria-describedby=\"caption-attachment-29601\" class=\"wp-image-29601 size-medium\" src=\"https:\/\/www.revistazetta.com\/wp-content\/uploads\/2019\/04\/a-Nabil-hocar-1-300x240.jpg\" alt=\"\" width=\"300\" height=\"240\" srcset=\"https:\/\/revistazetta.com\/wp-content\/uploads\/2019\/04\/a-Nabil-hocar-1-300x240.jpg 300w, https:\/\/revistazetta.com\/wp-content\/uploads\/2019\/04\/a-Nabil-hocar-1-183x146.jpg 183w, https:\/\/revistazetta.com\/wp-content\/uploads\/2019\/04\/a-Nabil-hocar-1-50x40.jpg 50w, https:\/\/revistazetta.com\/wp-content\/uploads\/2019\/04\/a-Nabil-hocar-1-94x75.jpg 94w, https:\/\/revistazetta.com\/wp-content\/uploads\/2019\/04\/a-Nabil-hocar-1.jpg 700w\" sizes=\"auto, (max-width: 300px) 100vw, 300px\" \/><p id=\"caption-attachment-29601\" class=\"wp-caption-text\">Nabil B\u00e1ladi en una reuni\u00f3n con sindicatos.<\/p><\/div>\n<div id=\"attachment_29592\" style=\"width: 310px\" class=\"wp-caption aligncenter\"><img loading=\"lazy\" decoding=\"async\" aria-describedby=\"caption-attachment-29592\" class=\"wp-image-29592 size-medium\" src=\"https:\/\/www.revistazetta.com\/wp-content\/uploads\/2019\/04\/a-Armando-C\u00f3rdoba-con-Mockus-300x240.jpg\" alt=\"\" width=\"300\" height=\"240\" srcset=\"https:\/\/revistazetta.com\/wp-content\/uploads\/2019\/04\/a-Armando-C\u00f3rdoba-con-Mockus-300x240.jpg 300w, https:\/\/revistazetta.com\/wp-content\/uploads\/2019\/04\/a-Armando-C\u00f3rdoba-con-Mockus-183x146.jpg 183w, https:\/\/revistazetta.com\/wp-content\/uploads\/2019\/04\/a-Armando-C\u00f3rdoba-con-Mockus-50x40.jpg 50w, https:\/\/revistazetta.com\/wp-content\/uploads\/2019\/04\/a-Armando-C\u00f3rdoba-con-Mockus-94x75.jpg 94w, https:\/\/revistazetta.com\/wp-content\/uploads\/2019\/04\/a-Armando-C\u00f3rdoba-con-Mockus.jpg 700w\" sizes=\"auto, (max-width: 300px) 100vw, 300px\" \/><p id=\"caption-attachment-29592\" class=\"wp-caption-text\">Armando C\u00f3rdoba con Antanas Mockus.<\/p><\/div>\n<p><strong>El uribismo<\/strong><\/p>\n<p>Igual le pasar\u00e1 al candidato que resulte del curioso proceso del Centro Democr\u00e1tico. Hay cuatro precandidatos -que ni los mismos uribistas conocen- acudiendo a foros para decidir qui\u00e9n tendr\u00e1 el aval. (Minerva Romero Julio, Gabriel Rodr\u00edguez Osorio, Ambrosio<br \/>\nFern\u00e1ndez y Francisco Hern\u00e1ndez). Ni \u00a0si el mismo Uribe viene a levantarle el brazo adquirir\u00e1 de s\u00fabito la popularidad necesaria para dar la pelea. En otras palabras, no pasar\u00e1 nada con el candidato que tenga aval del CD, lo que confirma que todos los caminos conducen a Fer\u2026<\/p>\n<p>En estas competencias siempre queda un remanente y es el \u201ccandidato desconocido\u201d, aquel que surge a cuatro meses y se toma el protagonismo\u2026 como pas\u00f3 con Manolo\u2026 claro que esta vez tiene que ser diferente, si es que existe.<\/p>\n<div id=\"attachment_29593\" style=\"width: 310px\" class=\"wp-caption aligncenter\"><img loading=\"lazy\" decoding=\"async\" aria-describedby=\"caption-attachment-29593\" class=\"wp-image-29593 size-medium\" src=\"https:\/\/www.revistazetta.com\/wp-content\/uploads\/2019\/04\/a-Aspirantes-300x200.jpg\" alt=\"\" width=\"300\" height=\"200\" srcset=\"https:\/\/revistazetta.com\/wp-content\/uploads\/2019\/04\/a-Aspirantes-300x200.jpg 300w, https:\/\/revistazetta.com\/wp-content\/uploads\/2019\/04\/a-Aspirantes-219x146.jpg 219w, https:\/\/revistazetta.com\/wp-content\/uploads\/2019\/04\/a-Aspirantes-50x33.jpg 50w, https:\/\/revistazetta.com\/wp-content\/uploads\/2019\/04\/a-Aspirantes-113x75.jpg 113w, https:\/\/revistazetta.com\/wp-content\/uploads\/2019\/04\/a-Aspirantes.jpg 840w\" sizes=\"auto, (max-width: 300px) 100vw, 300px\" \/><p id=\"caption-attachment-29593\" class=\"wp-caption-text\">Ambrosio Fern\u00e1ndez, Francisco Hern\u00e1ndez, Minerva Romero Julio y Gabriel Rodr\u00edguez Osorio<\/p><\/div>\n","protected":false},"excerpt":{"rendered":"<p>Por John Zamora (Director de Revista Zetta).- Vimos a Quinto Guerra desprendido del lote por dos a\u00f1os, cruzando en solitario los puertos de monta\u00f1a, pero al llegar el \u201csprint\u201d final, fue rebasado por Manolo y muy cerca le lleg\u00f3 Pecas Betancourt. En la carrera 2019, el ciclista en fuga es William Garc\u00eda Tirado, con estrategia similar a la de Quinto. En su pedalear ya habla como alcalde y dice \u201c\u00a1no m\u00e1s peajes! \u201c\u00a1no habr\u00e1 Quinta avenida de Manga!\u201d, \u00a1\u201cLa avenida del Lago tendr\u00e1 tres carriles de ida y tres de&#8230; <\/p>\n","protected":false},"author":3,"featured_media":29590,"comment_status":"open","ping_status":"closed","sticky":false,"template":"","format":"standard","meta":{"footnotes":"","_links_to":"","_links_to_target":""},"categories":[44,66,75],"tags":[],"class_list":["post-29589","post","type-post","status-publish","format-standard","has-post-thumbnail","hentry","category-materiagris","category-analisis","category-destacada"],"_links":{"self":[{"href":"https:\/\/revistazetta.com\/index.php?rest_route=\/wp\/v2\/posts\/29589","targetHints":{"allow":["GET"]}}],"collection":[{"href":"https:\/\/revistazetta.com\/index.php?rest_route=\/wp\/v2\/posts"}],"about":[{"href":"https:\/\/revistazetta.com\/index.php?rest_route=\/wp\/v2\/types\/post"}],"author":[{"embeddable":true,"href":"https:\/\/revistazetta.com\/index.php?rest_route=\/wp\/v2\/users\/3"}],"replies":[{"embeddable":true,"href":"https:\/\/revistazetta.com\/index.php?rest_route=%2Fwp%2Fv2%2Fcomments&post=29589"}],"version-history":[{"count":0,"href":"https:\/\/revistazetta.com\/index.php?rest_route=\/wp\/v2\/posts\/29589\/revisions"}],"wp:featuredmedia":[{"embeddable":true,"href":"https:\/\/revistazetta.com\/index.php?rest_route=\/wp\/v2\/media\/29590"}],"wp:attachment":[{"href":"https:\/\/revistazetta.com\/index.php?rest_route=%2Fwp%2Fv2%2Fmedia&parent=29589"}],"wp:term":[{"taxonomy":"category","embeddable":true,"href":"https:\/\/revistazetta.com\/index.php?rest_route=%2Fwp%2Fv2%2Fcategories&post=29589"},{"taxonomy":"post_tag","embeddable":true,"href":"https:\/\/revistazetta.com\/index.php?rest_route=%2Fwp%2Fv2%2Ftags&post=29589"}],"curies":[{"name":"wp","href":"https:\/\/api.w.org\/{rel}","templated":true}]}}