{"id":29933,"date":"2019-05-06T06:13:28","date_gmt":"2019-05-06T11:13:28","guid":{"rendered":"http:\/\/www.revistazetta.com\/?p=29933"},"modified":"2019-05-06T06:13:28","modified_gmt":"2019-05-06T11:13:28","slug":"real-cartagena-amanecio-nuevo-tecnico","status":"publish","type":"post","link":"https:\/\/revistazetta.com\/?p=29933","title":{"rendered":"Real Cartagena amaneci\u00f3 con nuevo t\u00e9cnico"},"content":{"rendered":"<p>Lo normal es que un entrenador de f\u00fatbol que no brinde resultados, sea cesado. En el caso del Real Cartagena, es lo contrario: a Richard Parra lo despidieron cuando estaba en el liderato del torneo. Su reemplazo ya hab\u00eda sido t\u00e9cnico del equipo: Jos\u00e9 Fernando Santa.<\/p>\n<p>Si no fueron los resultados, fueron las circunstancias \u201cclim\u00e1ticas\u201d entre el grupo y su t\u00e9cnico, ya que el rendimiento hab\u00eda deca\u00eddo as\u00ed los resultados se fueran dando. En partido en San Andr\u00e9s fue la gota que rebos\u00f3 la copa, pues el equipo ven\u00eda ganando 0-3 y termin\u00f3 empatando 3-3.<\/p>\n<p>La Promotora Real Cartagena SAS emiti\u00f3 un comunicado donde confirma el cese de Parra y la llegada de Santa, y convoc\u00f3 una rueda de prensa para este lunes.<\/p>\n","protected":false},"excerpt":{"rendered":"<p>Lo normal es que un entrenador de f\u00fatbol que no brinde resultados, sea cesado. En el caso del Real Cartagena, es lo contrario: a Richard Parra lo despidieron cuando estaba en el liderato del torneo. Su reemplazo ya hab\u00eda sido t\u00e9cnico del equipo: Jos\u00e9 Fernando Santa. Si no fueron los resultados, fueron las circunstancias \u201cclim\u00e1ticas\u201d entre el grupo y su t\u00e9cnico, ya que el rendimiento hab\u00eda deca\u00eddo as\u00ed los resultados se fueran dando. En partido en San Andr\u00e9s fue la gota que rebos\u00f3 la copa, pues el equipo ven\u00eda ganando&#8230; <\/p>\n","protected":false},"author":3,"featured_media":29934,"comment_status":"open","ping_status":"closed","sticky":false,"template":"","format":"standard","meta":{"footnotes":"","_links_to":"","_links_to_target":""},"categories":[53,75,54],"tags":[],"class_list":["post-29933","post","type-post","status-publish","format-standard","has-post-thumbnail","hentry","category-deportes","category-destacada","category-futbol"],"_links":{"self":[{"href":"https:\/\/revistazetta.com\/index.php?rest_route=\/wp\/v2\/posts\/29933","targetHints":{"allow":["GET"]}}],"collection":[{"href":"https:\/\/revistazetta.com\/index.php?rest_route=\/wp\/v2\/posts"}],"about":[{"href":"https:\/\/revistazetta.com\/index.php?rest_route=\/wp\/v2\/types\/post"}],"author":[{"embeddable":true,"href":"https:\/\/revistazetta.com\/index.php?rest_route=\/wp\/v2\/users\/3"}],"replies":[{"embeddable":true,"href":"https:\/\/revistazetta.com\/index.php?rest_route=%2Fwp%2Fv2%2Fcomments&post=29933"}],"version-history":[{"count":0,"href":"https:\/\/revistazetta.com\/index.php?rest_route=\/wp\/v2\/posts\/29933\/revisions"}],"wp:featuredmedia":[{"embeddable":true,"href":"https:\/\/revistazetta.com\/index.php?rest_route=\/wp\/v2\/media\/29934"}],"wp:attachment":[{"href":"https:\/\/revistazetta.com\/index.php?rest_route=%2Fwp%2Fv2%2Fmedia&parent=29933"}],"wp:term":[{"taxonomy":"category","embeddable":true,"href":"https:\/\/revistazetta.com\/index.php?rest_route=%2Fwp%2Fv2%2Fcategories&post=29933"},{"taxonomy":"post_tag","embeddable":true,"href":"https:\/\/revistazetta.com\/index.php?rest_route=%2Fwp%2Fv2%2Ftags&post=29933"}],"curies":[{"name":"wp","href":"https:\/\/api.w.org\/{rel}","templated":true}]}}