{"id":29937,"date":"2019-05-07T06:48:49","date_gmt":"2019-05-07T11:48:49","guid":{"rendered":"http:\/\/www.revistazetta.com\/?p=29937"},"modified":"2019-05-07T06:48:49","modified_gmt":"2019-05-07T11:48:49","slug":"aqui-cabemos-todos-fernando-araujo-perdomo","status":"publish","type":"post","link":"https:\/\/revistazetta.com\/?p=29937","title":{"rendered":"\u00abAqu\u00ed cabemos todos\u00bb: Fernando Ara\u00fajo Perdomo"},"content":{"rendered":"<p><img loading=\"lazy\" decoding=\"async\" class=\"alignright size-medium wp-image-29939\" src=\"https:\/\/www.revistazetta.com\/wp-content\/uploads\/2019\/05\/PHOTO-2019-05-06-21-44-36-300x200.jpg\" alt=\"\" width=\"300\" height=\"200\" srcset=\"https:\/\/revistazetta.com\/wp-content\/uploads\/2019\/05\/PHOTO-2019-05-06-21-44-36-300x200.jpg 300w, https:\/\/revistazetta.com\/wp-content\/uploads\/2019\/05\/PHOTO-2019-05-06-21-44-36-1024x682.jpg 1024w, https:\/\/revistazetta.com\/wp-content\/uploads\/2019\/05\/PHOTO-2019-05-06-21-44-36-219x146.jpg 219w, https:\/\/revistazetta.com\/wp-content\/uploads\/2019\/05\/PHOTO-2019-05-06-21-44-36-50x33.jpg 50w, https:\/\/revistazetta.com\/wp-content\/uploads\/2019\/05\/PHOTO-2019-05-06-21-44-36-113x75.jpg 113w, https:\/\/revistazetta.com\/wp-content\/uploads\/2019\/05\/PHOTO-2019-05-06-21-44-36.jpg 1280w\" sizes=\"auto, (max-width: 300px) 100vw, 300px\" \/>Tres mil firmas diarias durante 50 d\u00edas. Ese es el ritmo de recolecci\u00f3n que piensa imponer Fernando Ara\u00fajo Perdomo con el equipo de \u201cJuntos haremos el cambio\u201d para avalar su candidatura a la alcald\u00eda de Cartagena.<\/p>\n<p>La idea es presentar las 150 mil firmas con la antelaci\u00f3n suficiente para que la Registradur\u00eda revise y pueda avanzar en el proceso, hasta inscribir su candidatura y participar en la jornada electoral del 27 de octubre venidero.<\/p>\n<p>\u201cAqu\u00ed todos cabemos\u201d dijo al ilustrar que el prop\u00f3sito de su movimiento es incluir a todos los cartageneros, pues la ciudad requiere unidad para enfrentar los retos de su presente, y prospectar un mejor futuro.<\/p>\n<p><img loading=\"lazy\" decoding=\"async\" class=\"alignright size-medium wp-image-29940\" src=\"https:\/\/www.revistazetta.com\/wp-content\/uploads\/2019\/05\/PHOTO-2019-05-06-21-44-37-300x199.jpg\" alt=\"\" width=\"300\" height=\"199\" srcset=\"https:\/\/revistazetta.com\/wp-content\/uploads\/2019\/05\/PHOTO-2019-05-06-21-44-37-300x199.jpg 300w, https:\/\/revistazetta.com\/wp-content\/uploads\/2019\/05\/PHOTO-2019-05-06-21-44-37-1024x681.jpg 1024w, https:\/\/revistazetta.com\/wp-content\/uploads\/2019\/05\/PHOTO-2019-05-06-21-44-37-220x146.jpg 220w, https:\/\/revistazetta.com\/wp-content\/uploads\/2019\/05\/PHOTO-2019-05-06-21-44-37-50x33.jpg 50w, https:\/\/revistazetta.com\/wp-content\/uploads\/2019\/05\/PHOTO-2019-05-06-21-44-37-113x75.jpg 113w, https:\/\/revistazetta.com\/wp-content\/uploads\/2019\/05\/PHOTO-2019-05-06-21-44-37.jpg 1280w\" sizes=\"auto, (max-width: 300px) 100vw, 300px\" \/>Dijo que por esa raz\u00f3n no se present\u00f3 a nombre de un partido pol\u00edtico, sino con un movimiento donde las puertas est\u00e1n abiertas a todas las tendencias ideol\u00f3gicas. Ara\u00fajo siempre perteneci\u00f3 al partido Conservador, y renunci\u00f3 a la militancia para quedar en libertad de conformar un movimiento ciudadano.<\/p>\n<p>A la pregunta de cu\u00e1l es el candidato a quien espera derrotar, respondi\u00f3 que se debe derrotar la compra de votos, el fraude, la pobreza, la falta de oportunidades.<\/p>\n<p>Justo despu\u00e9s de acudir a la Registradur\u00eda para inscribir este grupo, el aspirante concedi\u00f3 una entrevista al director de revista Zetta, John Zamora, que se puede apreciar en este enlace:<\/p>\n<p>&nbsp;<\/p>\n<p><iframe loading=\"lazy\" title=\"Fernando Ara\u00fajo Perdomo inscribe grupo &quot;Juntos haremos el cambio&quot;\" width=\"500\" height=\"281\" src=\"https:\/\/www.youtube.com\/embed\/bUNvJYU04oI?feature=oembed\" frameborder=\"0\" allow=\"accelerometer; autoplay; clipboard-write; encrypted-media; gyroscope; picture-in-picture; web-share\" referrerpolicy=\"strict-origin-when-cross-origin\" allowfullscreen><\/iframe><\/p>\n","protected":false},"excerpt":{"rendered":"<p>Tres mil firmas diarias durante 50 d\u00edas. Ese es el ritmo de recolecci\u00f3n que piensa imponer Fernando Ara\u00fajo Perdomo con el equipo de \u201cJuntos haremos el cambio\u201d para avalar su candidatura a la alcald\u00eda de Cartagena. La idea es presentar las 150 mil firmas con la antelaci\u00f3n suficiente para que la Registradur\u00eda revise y pueda avanzar en el proceso, hasta inscribir su candidatura y participar en la jornada electoral del 27 de octubre venidero. \u201cAqu\u00ed todos cabemos\u201d dijo al ilustrar que el prop\u00f3sito de su movimiento es incluir a todos&#8230; <\/p>\n","protected":false},"author":3,"featured_media":29938,"comment_status":"open","ping_status":"closed","sticky":false,"template":"","format":"standard","meta":{"footnotes":"","_links_to":"","_links_to_target":""},"categories":[75,4],"tags":[],"class_list":["post-29937","post","type-post","status-publish","format-standard","has-post-thumbnail","hentry","category-destacada","category-politica"],"_links":{"self":[{"href":"https:\/\/revistazetta.com\/index.php?rest_route=\/wp\/v2\/posts\/29937","targetHints":{"allow":["GET"]}}],"collection":[{"href":"https:\/\/revistazetta.com\/index.php?rest_route=\/wp\/v2\/posts"}],"about":[{"href":"https:\/\/revistazetta.com\/index.php?rest_route=\/wp\/v2\/types\/post"}],"author":[{"embeddable":true,"href":"https:\/\/revistazetta.com\/index.php?rest_route=\/wp\/v2\/users\/3"}],"replies":[{"embeddable":true,"href":"https:\/\/revistazetta.com\/index.php?rest_route=%2Fwp%2Fv2%2Fcomments&post=29937"}],"version-history":[{"count":0,"href":"https:\/\/revistazetta.com\/index.php?rest_route=\/wp\/v2\/posts\/29937\/revisions"}],"wp:featuredmedia":[{"embeddable":true,"href":"https:\/\/revistazetta.com\/index.php?rest_route=\/wp\/v2\/media\/29938"}],"wp:attachment":[{"href":"https:\/\/revistazetta.com\/index.php?rest_route=%2Fwp%2Fv2%2Fmedia&parent=29937"}],"wp:term":[{"taxonomy":"category","embeddable":true,"href":"https:\/\/revistazetta.com\/index.php?rest_route=%2Fwp%2Fv2%2Fcategories&post=29937"},{"taxonomy":"post_tag","embeddable":true,"href":"https:\/\/revistazetta.com\/index.php?rest_route=%2Fwp%2Fv2%2Ftags&post=29937"}],"curies":[{"name":"wp","href":"https:\/\/api.w.org\/{rel}","templated":true}]}}